{"id":1275969,"date":"2026-09-02T14:12:19","date_gmt":"2026-09-02T14:12:19","guid":{"rendered":"https:\/\/www.europesays.com\/de\/1275969\/"},"modified":"2026-09-02T14:12:19","modified_gmt":"2026-09-02T14:12:19","slug":"haar-fuehrt-kiss-ride-parkplaetze-an-schulzentren-ein-landkreis-muenchen","status":"publish","type":"post","link":"https:\/\/www.europesays.com\/de\/1275969\/","title":{"rendered":"Haar f\u00fchrt &#8222;Kiss &#038; Ride&#8220;-Parkpl\u00e4tze an Schulzentren ein &#8211; Landkreis M\u00fcnchen"},"content":{"rendered":"<p data-manual=\"paragraph\" data-schema-org-speakable=\"true\" class=\"css-1eosz7k\">Noch schnell ein Kuss zum Abschied, ohne dass im Hintergrund hupende Autofahrer dr\u00e4ngeln: Der Haarer Stadtrat Haar hat jetzt beschlossen, sogenannte \u201eKiss &amp; Ride\u201c-Bereiche vor den Schulzentren einzurichten. Allerdings hei\u00dfen diese in Haar auf gut Bairisch dann \u201eBussi &amp; Pfiat di\u201c-Zonen.<\/p>\n<p data-manual=\"paragraph\" data-schema-org-speakable=\"true\" class=\"css-1eosz7k\">Die Idee bleibe in jeder Sprache dieselbe, schreibt die Stadt Haar: kurz anhalten, die Kinder sicher aussteigen lassen, verabschieden und gleich weiterfahren. So soll der Verkehr durch die \u201eElterntaxis\u201c geordnet und der Bereich vor den Schulen entlastet werden.<\/p>\n<p data-manual=\"paragraph\" data-schema-org-speakable=\"true\" class=\"css-1eosz7k\">Schon vom neuen Schuljahr 2026\/2027 an werden diese speziellen Stellpl\u00e4tze in Haar ausgewiesen.\u00a0 Dort darf nur f\u00fcr die kurze Zeit gehalten werden, die zum Aussteigen notwendig ist. \u201eF\u00fcr l\u00e4ngere Gespr\u00e4che, das Begleiten bis zum Schultor oder das Warten auf den Unterrichtsbeginn m\u00fcssen regul\u00e4re Parkm\u00f6glichkeiten genutzt werden\u201c, hei\u00dft es in einer Pressemitteilung der Stadt<\/p>\n<p data-manual=\"paragraph\" data-schema-org-speakable=\"true\" class=\"css-1eosz7k\">Eingerichtet werden die neuen Zonen an beiden Haarer Schulzentren: an der St.-Konrad-Stra\u00dfe sowie am Jagdfeldring. Vor der Konradschule werden daf\u00fcr drei Stellpl\u00e4tze mit eingeschr\u00e4nktem Halteverbot und den neuen \u201eBussi &amp; Pfiat di\u201c- Schildern gekennzeichnet. Am Jagdfeldring m\u00fcssen zun\u00e4chst die Ausweichbushaltestellen aufgel\u00f6st werden. Diese wurden aufgrund der Baustelle am Ernst-Mach-Gymnasium nahe dem Eingang zur Grundschule eingerichtet. Sobald die Busse wieder an der gewohnten Stelle halten, werden auch dort vier \u201eVerabschiedungspl\u00e4tze\u201c ausgewiesen.<\/p>\n","protected":false},"excerpt":{"rendered":"Noch schnell ein Kuss zum Abschied, ohne dass im Hintergrund hupende Autofahrer dr\u00e4ngeln: Der Haarer Stadtrat Haar hat&hellip;\n","protected":false},"author":2,"featured_media":1275970,"comment_status":"","ping_status":"","sticky":false,"template":"","format":"standard","meta":{"footnotes":"","_share_on_mastodon":"0"},"categories":[1827],"tags":[772,29,30,37277,2527,1268,2339,108237,149],"class_list":["post-1275969","post","type-post","status-publish","format-standard","has-post-thumbnail","category-muenchen","tag-bayern","tag-deutschland","tag-germany","tag-haar-bei-muenchen","tag-landkreis-muenchen","tag-muenchen","tag-oberbayern","tag-schulen-im-landkreis-muenchen","tag-sueddeutsche-zeitung"],"share_on_mastodon":{"url":"https:\/\/pubeurope.com\/@de\/117201859211609170","error":""},"_links":{"self":[{"href":"https:\/\/www.europesays.com\/de\/wp-json\/wp\/v2\/posts\/1275969","targetHints":{"allow":["GET"]}}],"collection":[{"href":"https:\/\/www.europesays.com\/de\/wp-json\/wp\/v2\/posts"}],"about":[{"href":"https:\/\/www.europesays.com\/de\/wp-json\/wp\/v2\/types\/post"}],"author":[{"embeddable":true,"href":"https:\/\/www.europesays.com\/de\/wp-json\/wp\/v2\/users\/2"}],"replies":[{"embeddable":true,"href":"https:\/\/www.europesays.com\/de\/wp-json\/wp\/v2\/comments?post=1275969"}],"version-history":[{"count":0,"href":"https:\/\/www.europesays.com\/de\/wp-json\/wp\/v2\/posts\/1275969\/revisions"}],"wp:featuredmedia":[{"embeddable":true,"href":"https:\/\/www.europesays.com\/de\/wp-json\/wp\/v2\/media\/1275970"}],"wp:attachment":[{"href":"https:\/\/www.europesays.com\/de\/wp-json\/wp\/v2\/media?parent=1275969"}],"wp:term":[{"taxonomy":"category","embeddable":true,"href":"https:\/\/www.europesays.com\/de\/wp-json\/wp\/v2\/categories?post=1275969"},{"taxonomy":"post_tag","embeddable":true,"href":"https:\/\/www.europesays.com\/de\/wp-json\/wp\/v2\/tags?post=1275969"}],"curies":[{"name":"wp","href":"https:\/\/api.w.org\/{rel}","templated":true}]}}