{"id":1275977,"date":"2026-09-02T14:16:24","date_gmt":"2026-09-02T14:16:24","guid":{"rendered":"https:\/\/www.europesays.com\/de\/1275977\/"},"modified":"2026-09-02T14:16:24","modified_gmt":"2026-09-02T14:16:24","slug":"spandau-und-sein-wasser-freibad-aerger-badeverbot-und-ein-vertrockneter-wasserspielplatz","status":"publish","type":"post","link":"https:\/\/www.europesays.com\/de\/1275977\/","title":{"rendered":"Spandau und sein Wasser: Freibad-\u00c4rger, Badeverbot und ein vertrockneter Wasserspielplatz"},"content":{"rendered":"<p class=\"tspBAkv tspBAkw\">Wasser, Wasser, Wasser. <a href=\"https:\/\/www.tagesspiegel.de\/berlin\/bezirke\/spandau\/wechselt-in-berlin-spandau-der-burgermeister-diese-wahl-kann-die-krafteverhaltnisse-an-der-havel-verschieben-15984837.html?icid=in-text-link_16007950\" class=\"link link--internal\" data-gtm-class=\"article-text-link\" data-gtm-val=\"internal\" rel=\"nofollow noopener\" target=\"_blank\">In Berlin-Spandau<\/a> ist das immer ein Top-Thema, nicht nur wegen der Havel, sondern auch wegen der Freib\u00e4der, Wasserspielpl\u00e4tze und engagierten Rettungsschwimmer an Havel und Glienicker See. Ein \u00dcberblick vom <a href=\"https:\/\/leute.tagesspiegel.de\/\" target=\"_blank\" rel=\"noopener nofollow\" class=\"link link--external\" data-gtm-class=\"article-text-link\" data-gtm-val=\"external\" aria-describedby=\"message-target-blank\">Spandau-Newsletter des Tagesspiegels<\/a>.<\/p>\n<p><a href=\"https:\/\/www.tagesspiegel.de\/berlin\/bezirke\/spandau\/wechselt-in-berlin-spandau-der-burgermeister-diese-wahl-kann-die-krafteverhaltnisse-an-der-havel-verschieben-15984837.html?icid=single-topic_16007950___\" data-gtm-class=\"article-mzt-link\" class=\"tspB8oe\" rel=\"nofollow noopener\" target=\"_blank\">Wechselt in Berlin-Spandau der B\u00fcrgermeister? Bei der Wahl entscheiden wichtige Zukunftsthemen einen Zweikampf <\/a> 1  Warum ein Spandauer Wasserspielplatz seit 2024 vertrocknet <\/p>\n<p class=\"tspBAkv\">Wann wird eigentlich mal der Wasserspielplatz in der <a href=\"https:\/\/www.tagesspiegel.de\/berlin\/bezirke\/fruher-freibad-heute-sportparadies-spandaus-grossartiger-sudpark-in-faszinierenden-bildern-13062910.html?icid=in-text-link_16007950\" class=\"link link--internal\" data-gtm-class=\"article-text-link\" data-gtm-val=\"internal\" rel=\"nofollow noopener\" target=\"_blank\">beliebten Freizeitsportanlage des S\u00fcdparks<\/a> repariert? Das wollte Christopher Kuhn, CDU, j\u00fcngst im Rathaus von Berlin-Spandau wissen. Liegenschaftsstadtr\u00e4tin Carola Br\u00fcckner, SPD, weist auf ein kompliziertes Problem mit Sand, Schilf und kleinen Tieren hin.<\/p>\n<p class=\"tspBAkv\">Die Anlage sei schon <strong>seit Mai 2024<\/strong> nicht mehr in Betrieb. \u201eGrund hierf\u00fcr ist <strong>die vollst\u00e4ndige Versandung der Leitung<\/strong>, die das genutzte Wasser in das benachbarte Schilfbecken leiten soll\u201c, so Stadtr\u00e4tin Br\u00fcckner. \u201eDie Entfernung der Verstopfung im unterirdisch verlegten Rohr gestaltet sich als \u00e4u\u00dferst schwierig und auch sehr kostenintensiv. Mehrere Firmen haben bereits eine S\u00e4uberung versucht, doch die Stelle der Verstopfung befindet sich sehr weit in Richtung des Schilfbeckens.\u201c<\/p>\n<p><img decoding=\"async\" src=\"https:\/\/www.europesays.com\/de\/wp-content\/uploads\/2026\/09\/sportpark-sudpark-in-berlin-spandau-wilhelmstadt-freizeitsportanlage.jpeg\" alt=\"Sportpark S\u00fcdpark in Berlin-Spandau Wilhelmstadt Freizeitsportanlage\" aria-labelledby=\"caption-16007956\" width=\"620\" height=\"268\" loading=\"lazy\" class=\"tspBDk8\"\/> Der Sportpark in Wilhelmstadt zieht viele Familien an. Am 5. September, 11-17 Uhr, findet dort \u00fcbrigens das gro\u00dfe Sportfest statt. <\/p>\n<p class=\"tspA6kl\"> \u00a9 BA Spandau\/Sportamt <\/p>\n<p><a href=\"https:\/\/www.tagesspiegel.de\/berlin\/matschen-planschen-toben-das-sind-die-zwolf-besten-wasserspielplatze-berlins-15748055.html?icid=single-topic_16007950___\" data-gtm-class=\"article-mzt-link\" class=\"tspB8oe\" rel=\"nofollow noopener\" target=\"_blank\">Matschen, planschen, toben Die besten Wasserspielpl\u00e4tze Berlins <\/a><\/p>\n<p class=\"tspBAkv\">Allerdings darf das Schilf nicht einfach so weggeschnitten und alles umgegraben werden,<strong> weil im Biotop der Kammmolch lebt<\/strong>. Das Tierchen hat schon viele Baustellenplaner genervt: <a href=\"https:\/\/www.tagesspiegel.de\/berlin\/fur-berlins-neue-wasserball-arena-die-kammmolche-sollen-schon-mal-umgesiedelt-werden-11604479.html?icid=in-text-link_16007950\" class=\"link link--internal\" data-gtm-class=\"article-text-link\" data-gtm-val=\"internal\" rel=\"nofollow noopener\" target=\"_blank\">Der Molch hatte 2024 fast die Millionen-Planung f\u00fcr die neue Wasserball-Arena blockiert.<\/a> Ausgang ungewiss.<\/p>\n<p> 2  Spandaus B\u00fcrgermeister sauer nach Freibad-Nachricht <img decoding=\"async\" src=\"https:\/\/www.europesays.com\/de\/wp-content\/uploads\/2026\/09\/freibad-sommerbad-staaken-west-berlin-spandau-foto-andre-gorke-foto-berliner-baderbetriebe-mit-spiel.jpeg\" alt=\"Freibad Sommerbad Staaken-West Berlin-Spandau Foto: Andr\u00e9 G\u00f6rke \/ Foto: Berliner B\u00e4derbetriebe (mit spielenden Kindern).\" aria-labelledby=\"caption-16007960\" width=\"620\" height=\"465\" loading=\"lazy\" class=\"tspBDk8\"\/> Die Schwimmbecken sollen gegen Edelstahlbecken ausgetauscht werden. Doch bis zum Sommer 2027 sind die Arbeiten nicht mehr zu schaffen. Gesperrt ist das Freibad seit 2022. <\/p>\n<p class=\"tspA6kl\"> \u00a9 Berliner B\u00e4derbetriebe <\/p>\n<p class=\"tspBAkv\"><a href=\"https:\/\/www.tagesspiegel.de\/berlin\/bezirke\/spandau\/bauchklatscher-im-berliner-westen-das-grosse-freibad-in-spandau-wird-auch-2027-nicht-offnen-15974267.html?icid=in-text-link_16007950\" class=\"link link--internal\" data-gtm-class=\"article-text-link\" data-gtm-val=\"internal\" rel=\"nofollow noopener\" target=\"_blank\">Letzte Woche berichtete der Tagesspiegel \u00fcber die schlechten Nachrichten vom Freibad an der Gatower Stra\u00dfe<\/a> (Wilhelmstadt), das sonst jeden Sommer 100.000 Menschen anzieht. Seit Jahren ist die Technik kaputt. Folge: <strong>Totalschaden, Vollsperrung, B\u00fcrger auf dem Trockenen<\/strong>. Jetzt steht fest: Auch der Er\u00f6ffnungstermin 2027 ist nicht mehr zu schaffen.<\/p>\n<p><a href=\"https:\/\/www.tagesspiegel.de\/berlin\/bezirke\/spandau\/bauchklatscher-im-berliner-westen-das-grosse-freibad-in-spandau-wird-auch-2027-nicht-offnen-15974267.html?icid=single-topic_16007950___\" data-gtm-class=\"article-mzt-link\" class=\"tspB8oe\" rel=\"nofollow noopener\" target=\"_blank\">Bauchklatscher im Berliner Westen Das gro\u00dfe Freibad in Spandau wird auch 2027 nicht \u00f6ffnen <\/a><\/p>\n<p class=\"tspBAkv\">Dazu Spandaus B\u00fcrgermeister Frank Bewig, CDU, auf der <a href=\"https:\/\/www.facebook.com\/tagesspiegelspandau\" target=\"_blank\" rel=\"noopener nofollow\" class=\"link link--external\" data-gtm-class=\"article-text-link\" data-gtm-val=\"external\" aria-describedby=\"message-target-blank\">Facebook-Seite des Tagesspiegels<\/a>: \u201eDie B\u00e4derbetriebe liegen leider nicht in meiner Einflusssph\u00e4re. <strong>Ich bin \u00fcber die Abl\u00e4ufe ver\u00e4rgert. <\/strong>Verantwortlich f\u00fcr die B\u00e4derbetriebe ist die Senatsverwaltung f\u00fcr Inneres und Sport.\u201c Am Bezirk oder am Geld soll\u2019s nicht liegen, sondern an einem z\u00e4hen Gerichtsverfahren. <a href=\"https:\/\/www.tagesspiegel.de\/berlin\/bezirke\/spandau\/bauchklatscher-im-berliner-westen-das-grosse-freibad-in-spandau-wird-auch-2027-nicht-offnen-15974267.html?icid=in-text-link_16007950\" class=\"link link--internal\" data-gtm-class=\"article-text-link\" data-gtm-val=\"internal\" rel=\"nofollow noopener\" target=\"_blank\">Hier die Aussagen der Berliner B\u00e4derbetriebe im Tagesspiegel.<\/a><\/p>\n<p> 3  Spandaus h\u00fcbsches Hallenbad hat ge\u00f6ffnet <img decoding=\"async\" src=\"https:\/\/www.europesays.com\/de\/wp-content\/uploads\/2026\/09\/1788358581_996_freibad-sommerbad-staaken-west-berlin-spandau-foto-andre-gorke-foto-berliner-baderbetriebe-mit-spiel.jpeg\"   alt=\"Freibad Sommerbad Staaken-West Berlin-Spandau Foto: Andr\u00e9 G\u00f6rke \/ Foto: Berliner B\u00e4derbetriebe (mit spielenden Kindern).\" aria-labelledby=\"caption-16007968\" width=\"440\" height=\"330\" loading=\"lazy\" class=\"tspBDk8\"\/> Ein Hingucker: das Spandauer Hallenbad an der Radelanstra\u00dfe, er\u00f6ffnet 1911. <\/p>\n<p class=\"tspA6kl\"> \u00a9 Andr\u00e9 G\u00f6rke <\/p>\n<p class=\"tspBAkv\">Gute Nachrichten hingegen aus dem anderen Schwimmbad: Seit Montag ist die Hallensaison an der Radelandstra\u00dfe er\u00f6ffnet (Falkenhagener Feld). Die Halle ist sehr h\u00fcbsch, \u00fcber 100 Jahre alt und bietet <strong>ein 27-Meter-Becken.<\/strong><\/p>\n<p> 4  B\u00e4derbetriebe laden zum Hundeschwimmen nach Spandau <img decoding=\"async\" src=\"https:\/\/www.europesays.com\/de\/wp-content\/uploads\/2026\/09\/1788358582_824_freibad-sommerbad-staaken-west-berlin-spandau-foto-andre-gorke-foto-berliner-baderbetriebe-mit-spiel.jpeg\" alt=\"Freibad Sommerbad Staaken-West Berlin-Spandau Foto: Andr\u00e9 G\u00f6rke \/ Foto: Berliner B\u00e4derbetriebe (mit spielenden Kindern).\" aria-labelledby=\"caption-16007970\" width=\"620\" height=\"465\" loading=\"lazy\" class=\"tspBDk8\"\/> Nach dem Ende der Freibadsaison geh\u00f6rt das Staakener Schwimmbecken noch einmal den Hunden. Danach wird das Wasser abgelassen. <\/p>\n<p class=\"tspA6kl\"> \u00a9 Berliner B\u00e4derbetriebe <\/p>\n<p class=\"tspBAkv\">Noch eine Schwimm-Nachricht, diesmal eine Erinnerung zum Freibad Staaken: Dort findet am Sonntag, 6. September, ab 10 Uhr das gro\u00dfe Hundeschwimmen statt. <a href=\"https:\/\/www.tagesspiegel.de\/berlin\/bezirke\/spandau\/letztes-mal-kamen-300-tiere-in-spandau-findet-das-erste-hundeschwimmen-2026-statt-15999648.html?icid=in-text-link_16007950\" class=\"link link--internal\" data-gtm-class=\"article-text-link\" data-gtm-val=\"internal\" rel=\"nofollow noopener\" target=\"_blank\">Die Infos dazu finden Sie hier im Tagesspiegel <strong>(\u201cLetztes Mal kamen 300 Hunde ins Spandauer Freibad\u201c).<\/strong><\/a><\/p>\n<p> 5  Spandaus Chef der DRK Wasserwacht \u00fcber 2026 und 2027 <img decoding=\"async\" src=\"https:\/\/www.europesays.com\/de\/wp-content\/uploads\/2026\/09\/drk-wasserwacht-in-berlin-chef-von-berlin-spandau-kreisleiter-ralph-muller.jpeg\" alt=\"Leiter der DRK Wasserwacht in Berlin, Ralph M\u00fcller.\" aria-labelledby=\"caption-15960728\" width=\"620\" height=\"521\" loading=\"lazy\" class=\"tspBDk8\"\/> Leiter der DRK Wasserwacht in Spandau: Ralph M\u00fcller. Hier steht er am Hafen von Berlin-Kladow. <\/p>\n<p class=\"tspA6kl\"> \u00a9 Andr\u00e9 G\u00f6rke <\/p>\n<p class=\"tspBAkv\">\u201e14 Badetote in Berlin \u2013 das sind be\u00e4ngstigend viele!\u201c Ralph M\u00fcller rettet Leben \u2013 als Rettungsschwimmer in der Freizeit. <a href=\"https:\/\/www.tagesspiegel.de\/berlin\/bezirke\/spandau\/chef-der-drk-wasserwacht-in-spandau-14-badetote-in-berlin--das-sind-beangstigend-viele-15959077.html?icid=in-text-link_16007950\" class=\"link link--internal\" data-gtm-class=\"article-text-link\" data-gtm-val=\"internal\" rel=\"nofollow noopener\" target=\"_blank\">Hier im Tagesspiegel spricht der <strong>Kreisleiter der Spandauer DRK Wasserwacht<\/strong> \u00fcber den Boom an der Havel, zieht ein Sommerfazit und nennt f\u00fcr 2027 spannende Ideen &#8211; zum Beispiel zum <strong>Seniorenschwimmen am Glienicker See in Kladow<\/strong>.<\/a><\/p>\n<p><a href=\"https:\/\/www.tagesspiegel.de\/berlin\/bezirke\/spandau\/chef-der-drk-wasserwacht-in-spandau-14-badetote-in-berlin--das-sind-beangstigend-viele-15959077.html?icid=single-topic_16007950___\" data-gtm-class=\"article-mzt-link\" class=\"tspB8oe\" rel=\"nofollow noopener\" target=\"_blank\">Chef der DRK Wasserwacht in Spandau \u201e14 Badetote in Berlin\u00a0\u2013 das sind be\u00e4ngstigend viele!\u201c <\/a><\/p>\n<p class=\"tspBAkv\">Und auch die beiden bekannten Rettungsstationen in Alt-Gatow und Breitehorn r\u00fcckt er in den Fokus. Denn damit ist er schon beim Regierenden B\u00fcrgermeister Kai Wegner gewesen.<\/p>\n<p> 6  Badeverbot in Spandauer Kiesteich <img decoding=\"async\" src=\"https:\/\/www.europesays.com\/de\/wp-content\/uploads\/2026\/09\/badestelle-kiesteich-spektesee-in-berlin-spandau-falkenhagener-feld.jpeg\"   alt=\"Badestelle Kiesteich Spektesee in Berlin Spandau Falkenhagener Feld\" aria-labelledby=\"caption-15871695\" width=\"440\" height=\"330\" loading=\"lazy\" class=\"tspBDk8\"\/> Die Badestelle am Spektesee in Spandau. <\/p>\n<p class=\"tspA6kl\"> \u00a9 Andr\u00e9 G\u00f6rke <\/p>\n<p class=\"tspBAkv\">Das Gesundheitsamt um Stadtr\u00e4tin Tanja Franzke, CDU, spricht <a href=\"https:\/\/www.tagesspiegel.de\/berlin\/bezirke\/spandau\/erfrischendes-aus-dem-berliner-westen-das-baden-ist-ab-sofort-wieder-moglich-15871752.html?icid=in-text-link_16007950\" class=\"link link--internal\" data-gtm-class=\"article-text-link\" data-gtm-val=\"internal\" rel=\"nofollow noopener\" target=\"_blank\">wie schon im hei\u00dfen Juni eine <strong>Warnung f\u00fcrs Falkenhagener Feld<\/strong> aus<\/a>: Im Spektesee sollte aktuell nicht gebadet werden \u2013 die Keimwerte sind wieder erh\u00f6ht (\u201ef\u00e4kale Verunreinigung des Gew\u00e4ssers\u201c). Folge: \u201eEin Kontakt mit belastetem Wasser kann insbesondere bei Kindern, \u00e4lteren Menschen und Personen mit geschw\u00e4chtem Immunsystem gesundheitliche Beschwerden verursachen. Dazu geh\u00f6ren unter anderem<strong> Magen-Darm-Erkrankungen<\/strong>.\u201c Der Spektesee ist wie berichtet ein beliebter kleiner Badesee, der aber seine T\u00fccken im Untergrund hat. Es handelt sich um eine ehemalige Kiesteichgrube aus den 60er Jahren. 2018 wurde die heutige Badestelle er\u00f6ffnet \u2013 mit Kiosk, kleinem Badestrand und Zaun, <strong>um Hunde und Wildschweine abzuhalten<\/strong>. Nicht immer offenbar mit Erfolg. Q: BA Spandau<\/p>\n<p> 7  Havel in Spandau immer k\u00fchler <\/p>\n<p class=\"tspBAkv\">Die Badesaison neigt sich dem Ende: Die Havel <strong>k\u00fchlt deutlich ab<\/strong> und kam am Dienstag in Spandau nur noch auf 18,8 Grad. Q: FU Berlin<\/p>\n<p>Lesen Sie mehr aktuelle Nachrichten aus Spandau im Tagesspiegel<a href=\"https:\/\/www.tagesspiegel.de\/berlin\/bezirke\/spandau\/was-passiert-hinter-dieser-weissen-wand-die-geheimnisvolle-baustelle-an-berlins-grossem-bvg-drehkreuz-15999527.html?icid=topic-list_16007950___\" data-gtm-class=\"article-mzt-link\" data-hydrate-fingerprint=\"09740a54944caac75fd2c0c63fd5c5df\" data-hydrate-props=\"{&amp;escapedquot;element&amp;escapedquot;:{&amp;escapedquot;type&amp;escapedquot;:&amp;escapedquot;relatedContent&amp;escapedquot;,&amp;escapedquot;fieldMap&amp;escapedquot;:{},&amp;escapedquot;relation&amp;escapedquot;:{&amp;escapedquot;fields&amp;escapedquot;:{&amp;escapedquot;isPaid&amp;escapedquot;:true},&amp;escapedquot;href&amp;escapedquot;:&amp;escapedquot;\/berlin\/bezirke\/spandau\/was-passiert-hinter-dieser-weissen-wand-die-geheimnisvolle-baustelle-an-berlins-grossem-bvg-drehkreuz-15999527.html&amp;escapedquot;,&amp;escapedquot;teaserTitle&amp;escapedquot;:{&amp;escapedquot;kicker&amp;escapedquot;:&amp;escapedquot;Was passiert hinter dieser wei\u00dfen Wand?&amp;escapedquot;,&amp;escapedquot;headline&amp;escapedquot;:&amp;escapedquot;Die geheimnisvolle Baustelle an Berlins gro\u00dfem BVG-Drehkreuz&amp;escapedquot;},&amp;escapedquot;id&amp;escapedquot;:&amp;escapedquot;15999527&amp;escapedquot;,&amp;escapedquot;type&amp;escapedquot;:&amp;escapedquot;story&amp;escapedquot;},&amp;escapedquot;isPartOfList&amp;escapedquot;:true,&amp;escapedquot;topicListType&amp;escapedquot;:&amp;escapedquot;topic-list&amp;escapedquot;},&amp;escapedquot;showArrow&amp;escapedquot;:true}\" data-hydrate-slots=\"{&#039;default&#039;:[]}\" class=\"tspB8oe tspB7oc\" rel=\"nofollow noopener\" target=\"_blank\">Was passiert hinter dieser wei\u00dfen Wand? Die geheimnisvolle Baustelle an Berlins gro\u00dfem BVG-Drehkreuz <\/a><a href=\"https:\/\/www.tagesspiegel.de\/berlin\/bezirke\/spandau\/spandaus-neue-einwohnerzahlen-dieser-berliner-ortsteil-schrumpft-immer-weiter-16003503.html?icid=topic-list_16007950___\" data-gtm-class=\"article-mzt-link\" data-hydrate-fingerprint=\"09740a54944caac75fd2c0c63fd5c5df\" data-hydrate-props=\"{&amp;escapedquot;element&amp;escapedquot;:{&amp;escapedquot;type&amp;escapedquot;:&amp;escapedquot;relatedContent&amp;escapedquot;,&amp;escapedquot;fieldMap&amp;escapedquot;:{},&amp;escapedquot;relation&amp;escapedquot;:{&amp;escapedquot;fields&amp;escapedquot;:{&amp;escapedquot;isPaid&amp;escapedquot;:true},&amp;escapedquot;href&amp;escapedquot;:&amp;escapedquot;\/berlin\/bezirke\/spandau\/spandaus-neue-einwohnerzahlen-dieser-berliner-ortsteil-schrumpft-immer-weiter-16003503.html&amp;escapedquot;,&amp;escapedquot;teaserTitle&amp;escapedquot;:{&amp;escapedquot;kicker&amp;escapedquot;:&amp;escapedquot;Spandaus neue Einwohnerzahlen&amp;escapedquot;,&amp;escapedquot;headline&amp;escapedquot;:&amp;escapedquot;Dieser Berliner Ortsteil schrumpft immer weiter&amp;escapedquot;},&amp;escapedquot;id&amp;escapedquot;:&amp;escapedquot;16003503&amp;escapedquot;,&amp;escapedquot;type&amp;escapedquot;:&amp;escapedquot;story&amp;escapedquot;},&amp;escapedquot;isPartOfList&amp;escapedquot;:true,&amp;escapedquot;topicListType&amp;escapedquot;:&amp;escapedquot;topic-list&amp;escapedquot;},&amp;escapedquot;showArrow&amp;escapedquot;:true}\" data-hydrate-slots=\"{&#039;default&#039;:[]}\" class=\"tspB8oe tspB7oc\" rel=\"nofollow noopener\" target=\"_blank\">Spandaus neue Einwohnerzahlen Dieser Berliner Ortsteil schrumpft immer weiter <\/a><a href=\"https:\/\/www.tagesspiegel.de\/berlin\/bezirke\/spandau\/wechselt-in-berlin-spandau-der-burgermeister-diese-wahl-kann-die-krafteverhaltnisse-an-der-havel-verschieben-15984837.html?icid=topic-list_16007950___\" data-gtm-class=\"article-mzt-link\" data-hydrate-fingerprint=\"09740a54944caac75fd2c0c63fd5c5df\" data-hydrate-props=\"{&amp;escapedquot;element&amp;escapedquot;:{&amp;escapedquot;type&amp;escapedquot;:&amp;escapedquot;relatedContent&amp;escapedquot;,&amp;escapedquot;fieldMap&amp;escapedquot;:{},&amp;escapedquot;relation&amp;escapedquot;:{&amp;escapedquot;fields&amp;escapedquot;:{&amp;escapedquot;isPaid&amp;escapedquot;:true},&amp;escapedquot;href&amp;escapedquot;:&amp;escapedquot;\/berlin\/bezirke\/spandau\/wechselt-in-berlin-spandau-der-burgermeister-diese-wahl-kann-die-krafteverhaltnisse-an-der-havel-verschieben-15984837.html&amp;escapedquot;,&amp;escapedquot;teaserTitle&amp;escapedquot;:{&amp;escapedquot;kicker&amp;escapedquot;:&amp;escapedquot;Wechselt in Berlin-Spandau der B\u00fcrgermeister?&amp;escapedquot;,&amp;escapedquot;headline&amp;escapedquot;:&amp;escapedquot;Bei der Wahl entscheiden wichtige Zukunftsthemen einen Zweikampf&amp;escapedquot;},&amp;escapedquot;id&amp;escapedquot;:&amp;escapedquot;15984837&amp;escapedquot;,&amp;escapedquot;type&amp;escapedquot;:&amp;escapedquot;story&amp;escapedquot;},&amp;escapedquot;isPartOfList&amp;escapedquot;:true,&amp;escapedquot;topicListType&amp;escapedquot;:&amp;escapedquot;topic-list&amp;escapedquot;},&amp;escapedquot;showArrow&amp;escapedquot;:true}\" data-hydrate-slots=\"{&#039;default&#039;:[]}\" class=\"tspB8oe tspB7oc\" rel=\"nofollow noopener\" target=\"_blank\">Wechselt in Berlin-Spandau der B\u00fcrgermeister? Bei der Wahl entscheiden wichtige Zukunftsthemen einen Zweikampf <\/a><\/p>\n<p class=\"tspBAkv\"><strong>Mehr aus Spandau<\/strong> lesen Sie <strong>in unserem Bezirksnewsletter<\/strong>, der zu unserem<a href=\"https:\/\/www.tagesspiegel.de\/unser-angebot-zur-berlin-wahl-lesen-sie-den-tagesspiegel-6-wochen-lang-gratis-16006851.html?icid=in-text-link_16007950\" class=\"link link--internal\" data-gtm-class=\"article-text-link\" data-gtm-val=\"internal\" rel=\"nofollow noopener\" target=\"_blank\"> digitalen Angebot<strong> Tagesspiegel Plus (T+)<\/strong><\/a> geh\u00f6rt \u2013 wie auch die Newsletter-Ausgaben aus den anderen elf Berliner Bezirken. <strong>Bestellbar <\/strong><a href=\"https:\/\/leute.tagesspiegel.de\/\" target=\"_blank\" rel=\"noopener nofollow\" class=\"link link--external\" data-gtm-class=\"article-text-link\" data-gtm-val=\"external\" aria-describedby=\"message-target-blank\"><strong>unter diesem Link <\/strong>hier<\/a>.<\/p>\n","protected":false},"excerpt":{"rendered":"Wasser, Wasser, Wasser. In Berlin-Spandau ist das immer ein Top-Thema, nicht nur wegen der Havel, sondern auch wegen&hellip;\n","protected":false},"author":2,"featured_media":1275978,"comment_status":"","ping_status":"","sticky":false,"template":"","format":"standard","meta":{"footnotes":"","_share_on_mastodon":"0"},"categories":[1825],"tags":[1941,1939,296,1937,5006,31,29,30,1940,1938,529,184,1886,61744],"class_list":["post-1275977","post","type-post","status-publish","format-standard","has-post-thumbnail","category-berlin","tag-aktuelle-nachrichten-aus-berlin","tag-aktuelle-news-aus-berlin","tag-berlin","tag-berlin-news","tag-bezirke","tag-cdu","tag-deutschland","tag-germany","tag-nachrichten-aus-berlin","tag-news-aus-berlin","tag-spandau","tag-spd","tag-tiere","tag-werder-havel"],"share_on_mastodon":{"url":"https:\/\/pubeurope.com\/@de\/117201878531045894","error":""},"_links":{"self":[{"href":"https:\/\/www.europesays.com\/de\/wp-json\/wp\/v2\/posts\/1275977","targetHints":{"allow":["GET"]}}],"collection":[{"href":"https:\/\/www.europesays.com\/de\/wp-json\/wp\/v2\/posts"}],"about":[{"href":"https:\/\/www.europesays.com\/de\/wp-json\/wp\/v2\/types\/post"}],"author":[{"embeddable":true,"href":"https:\/\/www.europesays.com\/de\/wp-json\/wp\/v2\/users\/2"}],"replies":[{"embeddable":true,"href":"https:\/\/www.europesays.com\/de\/wp-json\/wp\/v2\/comments?post=1275977"}],"version-history":[{"count":0,"href":"https:\/\/www.europesays.com\/de\/wp-json\/wp\/v2\/posts\/1275977\/revisions"}],"wp:featuredmedia":[{"embeddable":true,"href":"https:\/\/www.europesays.com\/de\/wp-json\/wp\/v2\/media\/1275978"}],"wp:attachment":[{"href":"https:\/\/www.europesays.com\/de\/wp-json\/wp\/v2\/media?parent=1275977"}],"wp:term":[{"taxonomy":"category","embeddable":true,"href":"https:\/\/www.europesays.com\/de\/wp-json\/wp\/v2\/categories?post=1275977"},{"taxonomy":"post_tag","embeddable":true,"href":"https:\/\/www.europesays.com\/de\/wp-json\/wp\/v2\/tags?post=1275977"}],"curies":[{"name":"wp","href":"https:\/\/api.w.org\/{rel}","templated":true}]}}