{"id":1275999,"date":"2026-09-02T14:29:19","date_gmt":"2026-09-02T14:29:19","guid":{"rendered":"https:\/\/www.europesays.com\/de\/1275999\/"},"modified":"2026-09-02T14:29:19","modified_gmt":"2026-09-02T14:29:19","slug":"take-that-in-berlin-2027-konzert-auf-waldbuehne-ticket-infos","status":"publish","type":"post","link":"https:\/\/www.europesays.com\/de\/1275999\/","title":{"rendered":"Take That in Berlin 2027: Konzert auf Waldb\u00fchne \u2013 Ticket-Infos"},"content":{"rendered":"<p>Comeback auf Stadionb\u00fchnen <\/p>\n<p>Kult-Boyband k\u00fcndigt Tour an \u2013 und kommt nach Berlin<\/p>\n<p>Aktualisiert am 02.09.2026 &#8211; 07:49 UhrLesedauer: 1 Min.<\/p>\n<p><a href=\"#focus-0\" class=\"transition-colors block text-current relative\" data-sctrack=\"FocusGalleryImage.Reference\"><img fetchpriority=\"high\" data-testid=\"Opener.Image\"   loading=\"eager\" src=\"https:\/\/www.europesays.com\/de\/wp-content\/uploads\/2026\/09\/take-that-waehrend-eines-auftritts-in-daenemark-archivbild-im-kommenden-jahr-tritt-die-band-in-hanno.jpeg\" alt=\"Take That w\u00e4hrend eines Auftritts in D\u00e4nemark (Archivbild): Im kommenden Jahr tritt die Band in Hannover auf.\" title=\"Take That w\u00e4hrend eines Auftritts in D\u00e4nemark (Archivbild): Im kommenden Jahr tritt die Band in Hannover auf.\" width=\"4000\" height=\"2250\" class=\"bg-[url:var(--lqipURL)] bg-cover bg-center flex h-full w-full max-w-full\" style=\"--lqipURL:url('https:\/\/images.t-online.de\/2023\/10\/jlgiqYx-FmKo\/0x416:4000x2250\/fit-in\/150x0\/filters:blur(25)\/take-that-waehrend-eines-auftritts-in-daenemark-archivbild-im-kommenden-jahr-tritt-die-band-in-hannover-auf.jpg')\" decoding=\"async\"\/><img loading=\"lazy\" src=\"https:\/\/berlin.t-online.de\/s\/paper\/_next\/static\/media\/zoom-in.f7dae02f.svg\" alt=\"Vergr\u00f6\u00dfern des Bildes\" title=\"Vergr\u00f6\u00dfern des Bildes\" class=\"block h-[calc(var(--height)_\/_16_*_1rem)] w-[calc(var(--width)_\/_16_*_1rem)] max-w-none absolute right-8 bottom-8 rounded-4 bg-snow p-8\" style=\"--width:32;--height:32\" decoding=\"async\"\/><\/a><\/p>\n<p>Take That w\u00e4hrend eines Auftritts in D\u00e4nemark (Archivbild): Die Band kommt 2027 in mehrere deutsche St\u00e4dte. (Quelle: Gonzales Photo\/Kent Rasmussen\/imago-images-bilder)<\/p>\n<p><img loading=\"lazy\" src=\"https:\/\/berlin.t-online.de\/s\/paper\/_next\/static\/media\/audio-volume.6689034c.svg\" alt=\"\" title=\"\" class=\"block h-[calc(var(--height)_\/_16_*_1rem)] w-[calc(var(--width)_\/_16_*_1rem)] max-w-none group-hover:brightness-0 group-hover:invert\" style=\"--width:16;--height:16\" decoding=\"async\"\/>Vorlesen<\/p>\n<p>Aktuelle Zeit:0:00Gesamtdauer:0:00<\/p>\n<p>1x<img loading=\"lazy\" src=\"https:\/\/berlin.t-online.de\/s\/paper\/_next\/static\/media\/font-sizes.32942e33.svg\" alt=\"\" title=\"\" class=\"block h-[calc(var(--height)_\/_16_*_1rem)] w-[calc(var(--width)_\/_16_*_1rem)] max-w-none group-hover:hidden group-aria-expanded:hidden\" style=\"--width:16;--height:16\" decoding=\"async\"\/><img loading=\"lazy\" src=\"https:\/\/berlin.t-online.de\/s\/paper\/_next\/static\/media\/font-sizes-dark-mode.e382645c.svg\" alt=\"\" title=\"\" class=\"block h-[calc(var(--height)_\/_16_*_1rem)] w-[calc(var(--width)_\/_16_*_1rem)] max-w-none hidden group-hover:block group-aria-expanded:block\" style=\"--width:16;--height:16\" decoding=\"async\"\/><img loading=\"lazy\" src=\"https:\/\/berlin.t-online.de\/s\/paper\/_next\/static\/media\/sharing-menu-icon.1eb71368.svg\" alt=\"\" title=\"\" class=\"block h-[calc(var(--height)_\/_16_*_1rem)] w-[calc(var(--width)_\/_16_*_1rem)] max-w-none group-hover:brightness-0 group-hover:invert\" style=\"--width:16;--height:16\" decoding=\"async\"\/>Artikel teilen<\/p>\n<p class=\"font-bold text-18 leading-17 user-text-lg:text-22 user-text-xl:text-24\">Die britische Popband k\u00fcndigt ihre bislang gr\u00f6\u00dfte Europa-Tournee seit Jahren an \u2013 mit einem Auftritt in Berlin.<\/p>\n<p class=\"text-18 leading-17 user-text-lg:text-22 user-text-xl:text-24\">Take That kehren im Sommer 2027 nach Deutschland zur\u00fcck \u2013 mit sieben Konzerten ihrer &#8222;Dreamers Tour&#8220;. Am 12. Juni kommen sie auf die Waldb\u00fchne Berlin, teilten der Ticketanbieter Eventim und die Band auf Instagram mit.<\/p>\n<p class=\"text-18 leading-17 user-text-lg:text-22 user-text-xl:text-24\">Mit 31 Konzerten in 16 L\u00e4ndern ist es die gr\u00f6\u00dfte Europa-Tour der Band seit Jahren, weitere Termine sollen folgen. Neben Berlin tritt die Band in Deutschland auch in Wagh\u00e4usel und M\u00f6nchengladbach auf.<\/p>\n<p>Sonderauftritt in Hannover \u2013 dann gibt es Tickets<\/p>\n<p class=\"text-18 leading-17 user-text-lg:text-22 user-text-xl:text-24\">Einen Sonderauftritt gibt es in Hannover: Beim NDR 2 Plaza Festival auf dem Expo Plaza treten Take That als Headliner auf. Tickets daf\u00fcr sind bereits erh\u00e4ltlich. Auch Welshly Arms steht auf dem Festivalprogramm.<\/p>\n<p class=\"text-18 leading-17 user-text-lg:text-22 user-text-xl:text-24\">Parallel zur Tour soll noch 2026 das zehnte Studioalbum &#8222;Dreamers&#8220; erscheinen \u2013 ein genaues Datum hat die Band bislang nicht genannt. Vorbestellen l\u00e4sst es sich schon jetzt. Am 4. September folgt die Single &#8222;Feel My Love&#8220;, aufgenommen gemeinsam mit Michael Patrick Kelly.<\/p>\n<p class=\"text-18 leading-17 user-text-lg:text-22 user-text-xl:text-24\">Tickets f\u00fcr die Tournee gibt es ab Freitag, dem 4. September, um 10 Uhr auf eventim.de. Wer das Album vorbestellt, kommt bereits ab dem 2. September um 10 Uhr in den Presale.<\/p>\n","protected":false},"excerpt":{"rendered":"Comeback auf Stadionb\u00fchnen Kult-Boyband k\u00fcndigt Tour an \u2013 und kommt nach Berlin Aktualisiert am 02.09.2026 &#8211; 07:49 UhrLesedauer:&hellip;\n","protected":false},"author":2,"featured_media":1276000,"comment_status":"","ping_status":"","sticky":false,"template":"","format":"standard","meta":{"footnotes":"","_share_on_mastodon":"0"},"categories":[155],"tags":[722,17161,246595,296,4709,33105,1160,29,214,30,46,152,4455,206570,263337,2992,215,154486,231038],"class_list":["post-1275999","post","type-post","status-publish","format-standard","has-post-thumbnail","category-unterhaltung","tag-722","tag-17161","tag-246595","tag-berlin","tag-comeback","tag-cts-eventim","tag-daenemark","tag-deutschland","tag-entertainment","tag-germany","tag-hannover","tag-instagram","tag-moenchengladbach","tag-popband","tag-stadionbuehne","tag-tournee","tag-unterhaltung","tag-waghaeusel","tag-waldbuehne-berlin"],"share_on_mastodon":{"url":"","error":""},"_links":{"self":[{"href":"https:\/\/www.europesays.com\/de\/wp-json\/wp\/v2\/posts\/1275999","targetHints":{"allow":["GET"]}}],"collection":[{"href":"https:\/\/www.europesays.com\/de\/wp-json\/wp\/v2\/posts"}],"about":[{"href":"https:\/\/www.europesays.com\/de\/wp-json\/wp\/v2\/types\/post"}],"author":[{"embeddable":true,"href":"https:\/\/www.europesays.com\/de\/wp-json\/wp\/v2\/users\/2"}],"replies":[{"embeddable":true,"href":"https:\/\/www.europesays.com\/de\/wp-json\/wp\/v2\/comments?post=1275999"}],"version-history":[{"count":0,"href":"https:\/\/www.europesays.com\/de\/wp-json\/wp\/v2\/posts\/1275999\/revisions"}],"wp:featuredmedia":[{"embeddable":true,"href":"https:\/\/www.europesays.com\/de\/wp-json\/wp\/v2\/media\/1276000"}],"wp:attachment":[{"href":"https:\/\/www.europesays.com\/de\/wp-json\/wp\/v2\/media?parent=1275999"}],"wp:term":[{"taxonomy":"category","embeddable":true,"href":"https:\/\/www.europesays.com\/de\/wp-json\/wp\/v2\/categories?post=1275999"},{"taxonomy":"post_tag","embeddable":true,"href":"https:\/\/www.europesays.com\/de\/wp-json\/wp\/v2\/tags?post=1275999"}],"curies":[{"name":"wp","href":"https:\/\/api.w.org\/{rel}","templated":true}]}}