{"id":1276003,"date":"2026-09-02T14:31:27","date_gmt":"2026-09-02T14:31:27","guid":{"rendered":"https:\/\/www.europesays.com\/de\/1276003\/"},"modified":"2026-09-02T14:31:27","modified_gmt":"2026-09-02T14:31:27","slug":"duisburg-arcelormittal-schliesst-werke-550-jobs-fallen-weg","status":"publish","type":"post","link":"https:\/\/www.europesays.com\/de\/1276003\/","title":{"rendered":"Duisburg: ArcelorMittal schlie\u00dft Werke &#8211; 550 Jobs fallen weg"},"content":{"rendered":"<p class=\"text_ohne_einzug richtext text-em-55 !leading-serif mx-6 desktop:mx-0\"> Vor einem Jahr waren sie noch \u201ebaden\u201c gegangen: Mit einer symboltr\u00e4chtigen Aktion im Duisburger Innenhafen hatten Besch\u00e4ftigte von ArcelorMittal auf die schwierige Lage ihres Standorts in <a href=\"https:\/\/rp-online.de\/thema\/duisburg\/\" rel=\"nofollow noopener\" target=\"_blank\">Duisburg<\/a> hingewiesen. Letztlich blieben alle Proteste vergeblich: <a href=\"https:\/\/rp-online.de\/nrw\/staedte\/duisburg\/stahlkrise-in-duisburg-arbeiter-springen-ins-hafenbecken_aid-134653667\" rel=\"nofollow noopener\" target=\"_blank\">Das Stahlwerk und das Kn\u00fcppelwalzwerk werden geschlossen<\/a>. Das teilte das Unternehmen am Dienstag mit.<\/p>\n<p class=\"richtext text-em-55 !leading-serif mx-6 desktop:mx-0\">F\u00fcr die Besch\u00e4ftigten und auch die IG Metall kam diese Nachricht nicht ganz \u00fcberraschend. Denn bereits im Dezember 2024 hatte ArcelorMittal die K\u00fcndigung des Roheisenliefervertrages mit Thyssenkrupp Steel zu September 2027 bekannt gegeben. Die Begr\u00fcndung: Eine vorgeschlagene Vertragsverl\u00e4ngerung w\u00e4re f\u00fcr das Stahlunternehmen mit erheblichen Kostensteigerungen verbunden gewesen.<\/p>\n<p class=\"richtext text-em-55 !leading-serif mx-6 desktop:mx-0\">Ein weiterer Grund war, dass die Transformation der Stahlproduktion \u2013 in Rede stand dabei die Installierung eines Elektroofens \u2013 am Duisburger Standort nicht umgesetzt wurde. In anderen europ\u00e4ischen L\u00e4ndern setzt Arcelor Mittal indes auf die Transformation.<\/p>\n<p>Drahtwalzwerk bleibt am Standort      <\/p>\n<p class=\"richtext text-em-55 !leading-serif mx-6 desktop:mx-0\">\u00dcbrig bleibt am Standort Ruhrort dann noch das Drahtwalzwerk. Das soll k\u00fcnftig von anderen Arcelor-Standorten mit Vorprodukten, den sogenannten Halbzeugen (Kn\u00fcppeln) beliefert werden. \u201eMehrere Standorte von ArcelorMittal sowie andere externe Hersteller in <a href=\"https:\/\/rp-online.de\/thema\/europa\/\" rel=\"nofollow noopener\" target=\"_blank\">Europa<\/a> sind in der Lage, Duisburg mit einem Gro\u00dfteil der Halbzeuge zu versorgen\u201c, hei\u00dft es in der Mitteilung. So sei der Standort in Hamburg gut positioniert, um Duisburg mit Halbzeugen mit einem geringeren CO2-Fu\u00dfabdruck zu versorgen.<\/p>\n<p class=\"richtext text-em-55 !leading-serif mx-6 desktop:mx-0\">Duisburg ist derzeit der Hauptlieferant von Halbzeugen f\u00fcr das <a href=\"https:\/\/rp-online.de\/nrw\/staedte\/duisburg\/duisburg-mona-neubaur-besucht-standort-von-arcelormittal_aid-88348575\" rel=\"nofollow noopener\" target=\"_blank\">ArcelorMittal-Werk <\/a>im franz\u00f6sischen Gandrange. Auch dieses Werk soll Kn\u00fcppel von anderen Standorten beziehen und zudem von externen Lieferanten versorgt werden.<\/p>\n<p class=\"richtext text-em-55 !leading-serif mx-6 desktop:mx-0\">Mit der Schlie\u00dfung des Stahlwerks und des Kn\u00fcppelwalzwerks w\u00fcrden rund 550 Stahlarbeiter ihren Job verlieren, etwa 300 w\u00fcrden dann noch bleiben. Noch in diesem Monat soll mit Verhandlungen \u00fcber einen Sozialplan f\u00fcr die Betroffenen begonnen werden.<\/p>\n<p class=\"richtext text-em-55 !leading-serif mx-6 desktop:mx-0\">\u201eWir sind uns bewusst, dass dies f\u00fcr unsere Mitarbeitenden bei ArcelorMittal Duisburg eine schwierige Nachricht ist. Zwar sind die strukturellen Herausforderungen, denen sich der Stahlsektor in Europa gegen\u00fcbersieht, erheblich und allgemein bekannt \u2013 darunter eine geringe Kapazit\u00e4tsauslastung, eine r\u00fcckl\u00e4ufige lokale Nachfrage, eingeschr\u00e4nkte Exportm\u00f6glichkeiten und hohe Energiekosten \u2013, doch hat die Sicherung der langfristigen Zukunft von ArcelorMittal Duisburg absolute Priorit\u00e4t\u201c, sagt Sanjay Samaddar, Konzernchef von ArcelorMittal Europe f\u00fcr den Bereich der Langprodukte.<\/p>\n","protected":false},"excerpt":{"rendered":"Vor einem Jahr waren sie noch \u201ebaden\u201c gegangen: Mit einer symboltr\u00e4chtigen Aktion im Duisburger Innenhafen hatten Besch\u00e4ftigte von&hellip;\n","protected":false},"author":2,"featured_media":1276004,"comment_status":"","ping_status":"","sticky":false,"template":"","format":"standard","meta":{"footnotes":"","_share_on_mastodon":"0"},"categories":[134],"tags":[4453,263342,263340,71987,8897,66330,263339,175,170,169,29,263341,3715,4151,30,263343,263338,171,174,108885,10901,166061,4465,9593,17016,173,172,10421],"class_list":["post-1276003","post","type-post","status-publish","format-standard","has-post-thumbnail","category-unternehmen-maerkte","tag-4453","tag-20stahlwerk","tag-22arcelormittal","tag-71987","tag-arcelor","tag-arcelormittal","tag-bcppelwalzwerk","tag-business","tag-companies","tag-companies-markets","tag-deutschland","tag-drahtwalzwerk","tag-duisburg","tag-faellen","tag-germany","tag-knueppel","tag-knueppelwalzwerk","tag-markets","tag-maerkte","tag-mittal","tag-ruhrort","tag-stahlunternehmen","tag-stahlwerk","tag-stand","tag-standort","tag-unternehmen","tag-unternehmen-maerkte","tag-werk"],"share_on_mastodon":{"url":"https:\/\/pubeurope.com\/@de\/117201933820503104","error":""},"_links":{"self":[{"href":"https:\/\/www.europesays.com\/de\/wp-json\/wp\/v2\/posts\/1276003","targetHints":{"allow":["GET"]}}],"collection":[{"href":"https:\/\/www.europesays.com\/de\/wp-json\/wp\/v2\/posts"}],"about":[{"href":"https:\/\/www.europesays.com\/de\/wp-json\/wp\/v2\/types\/post"}],"author":[{"embeddable":true,"href":"https:\/\/www.europesays.com\/de\/wp-json\/wp\/v2\/users\/2"}],"replies":[{"embeddable":true,"href":"https:\/\/www.europesays.com\/de\/wp-json\/wp\/v2\/comments?post=1276003"}],"version-history":[{"count":0,"href":"https:\/\/www.europesays.com\/de\/wp-json\/wp\/v2\/posts\/1276003\/revisions"}],"wp:featuredmedia":[{"embeddable":true,"href":"https:\/\/www.europesays.com\/de\/wp-json\/wp\/v2\/media\/1276004"}],"wp:attachment":[{"href":"https:\/\/www.europesays.com\/de\/wp-json\/wp\/v2\/media?parent=1276003"}],"wp:term":[{"taxonomy":"category","embeddable":true,"href":"https:\/\/www.europesays.com\/de\/wp-json\/wp\/v2\/categories?post=1276003"},{"taxonomy":"post_tag","embeddable":true,"href":"https:\/\/www.europesays.com\/de\/wp-json\/wp\/v2\/tags?post=1276003"}],"curies":[{"name":"wp","href":"https:\/\/api.w.org\/{rel}","templated":true}]}}