{"id":1276023,"date":"2026-09-02T14:42:16","date_gmt":"2026-09-02T14:42:16","guid":{"rendered":"https:\/\/www.europesays.com\/de\/1276023\/"},"modified":"2026-09-02T14:42:16","modified_gmt":"2026-09-02T14:42:16","slug":"gelsenkirchen-linienfahrten-der-weissen-flotte-abgesagt","status":"publish","type":"post","link":"https:\/\/www.europesays.com\/de\/1276023\/","title":{"rendered":"Gelsenkirchen: Linienfahrten der Wei\u00dfen Flotte abgesagt"},"content":{"rendered":"<p>F\u00fcr die restliche Saison in Gelsenkirchen hat die Wei\u00dfe Flotte alle Linienfahrten auf dem Rhein-Herne-Kanal abgesagt. Grund f\u00fcr sind laut Stadt betriebsbedingte Probleme. Wer bereits ein Ticket gekauft hat, bekommt sein Geld zur\u00fcck, \u00fcber die Hotline der Wei\u00dfen Flotte (0201 185799-0) oder per E-Mail info@baldeneysee.com). Wer in einer Vorverkaufsstelle gekauft hat, etwa im Hans-Sachs-Haus, kann dort umtauschen. Nicht betroffen sind die 6-Schleusen-Fahrten zwischen Essen und Gelsenkirchen. Auch die Sonnenuntergangstour am 19. September findet wie geplant statt.<\/p>\n","protected":false},"excerpt":{"rendered":"F\u00fcr die restliche Saison in Gelsenkirchen hat die Wei\u00dfe Flotte alle Linienfahrten auf dem Rhein-Herne-Kanal abgesagt. Grund f\u00fcr&hellip;\n","protected":false},"author":2,"featured_media":1276024,"comment_status":"","ping_status":"","sticky":false,"template":"","format":"standard","meta":{"footnotes":"","_share_on_mastodon":"0"},"categories":[1848],"tags":[3364,29,548,663,3934,3658,30,13,14,15,1209,12],"class_list":["post-1276023","post","type-post","status-publish","format-standard","has-post-thumbnail","category-gelsenkirchen","tag-de","tag-deutschland","tag-eu","tag-europa","tag-europe","tag-gelsenkirchen","tag-germany","tag-headlines","tag-nachrichten","tag-news","tag-nordrhein-westfalen","tag-schlagzeilen"],"share_on_mastodon":{"url":"https:\/\/pubeurope.com\/@de\/117201976808727266","error":""},"_links":{"self":[{"href":"https:\/\/www.europesays.com\/de\/wp-json\/wp\/v2\/posts\/1276023","targetHints":{"allow":["GET"]}}],"collection":[{"href":"https:\/\/www.europesays.com\/de\/wp-json\/wp\/v2\/posts"}],"about":[{"href":"https:\/\/www.europesays.com\/de\/wp-json\/wp\/v2\/types\/post"}],"author":[{"embeddable":true,"href":"https:\/\/www.europesays.com\/de\/wp-json\/wp\/v2\/users\/2"}],"replies":[{"embeddable":true,"href":"https:\/\/www.europesays.com\/de\/wp-json\/wp\/v2\/comments?post=1276023"}],"version-history":[{"count":0,"href":"https:\/\/www.europesays.com\/de\/wp-json\/wp\/v2\/posts\/1276023\/revisions"}],"wp:featuredmedia":[{"embeddable":true,"href":"https:\/\/www.europesays.com\/de\/wp-json\/wp\/v2\/media\/1276024"}],"wp:attachment":[{"href":"https:\/\/www.europesays.com\/de\/wp-json\/wp\/v2\/media?parent=1276023"}],"wp:term":[{"taxonomy":"category","embeddable":true,"href":"https:\/\/www.europesays.com\/de\/wp-json\/wp\/v2\/categories?post=1276023"},{"taxonomy":"post_tag","embeddable":true,"href":"https:\/\/www.europesays.com\/de\/wp-json\/wp\/v2\/tags?post=1276023"}],"curies":[{"name":"wp","href":"https:\/\/api.w.org\/{rel}","templated":true}]}}