{"id":1276042,"date":"2026-09-02T14:54:21","date_gmt":"2026-09-02T14:54:21","guid":{"rendered":"https:\/\/www.europesays.com\/de\/1276042\/"},"modified":"2026-09-02T14:54:21","modified_gmt":"2026-09-02T14:54:21","slug":"wuelfrath-kita-kinder-bepflanzen-beete-auf-dem-friedhof","status":"publish","type":"post","link":"https:\/\/www.europesays.com\/de\/1276042\/","title":{"rendered":"W\u00fclfrath: Kita-Kinder bepflanzen Beete auf dem Friedhof"},"content":{"rendered":"<p class=\"text_ohne_einzug richtext text-em-55 !leading-serif mx-6 desktop:mx-0\">  Ein Friedhof ist mehr als ein Ort der Trauer. Er ist auch ein Ort f\u00fcr Begegnungen zwischen Menschen und Generationen \u2013 auch f\u00fcr Kinder. Die J\u00fcngsten der Gesellschaft haben oft nur wenig Ber\u00fchrungspunkte mit dem Friedhof oder verkn\u00fcpfen ihn mit etwas Negativem. Die aktuelle Aktion im Rahmen des Tages des Friedhofs am 13. September unter dem Motto \u201ePark voller Lebensspuren\u201c mit Kindern der DRK-Kita Farbenfroh und dem Familienzentrum Ellenbeek aber zeigt den Kindern den Ort von einer anderen Seite.<\/p>\n<p class=\"richtext text-em-55 !leading-serif mx-6 desktop:mx-0\">Ende August besuchten Gruppen der beiden Einrichtungen den kommunalen Friedhof an der Alten Ratinger Landstra\u00dfe. Wie die Stadt berichtet, haben die beiden Kindertagesst\u00e4tten mit viel Freude und Tatkraft dabei geholfen, ein neues Staudenbeet auf dem Kommunalfriedhof anzulegen.<\/p>\n<p class=\"richtext text-em-55 !leading-serif mx-6 desktop:mx-0\">Zuerst unterst\u00fctzten 14 Kids aus der Ellenbeek die st\u00e4dtischen Friedhofsg\u00e4rtner bei der Aktion. Einen Tag sp\u00e4ter packten elf Kinder der DRK-Kita mit an. \u201eGemeinsam mit den st\u00e4dtischen Friedhofsg\u00e4rtnern pflanzten die Kinder die Stauden und halfen tatkr\u00e4ftig bei der Gestaltung des neuen Beetes\u201c, so die Stadt.<\/p>\n<p class=\"richtext text-em-55 !leading-serif mx-6 desktop:mx-0\">Zus\u00e4tzlich zum Pflanzen durften sich die Kinder auch an einer kreativen Aktion beteiligen: Die Kita-Kids konnten Steine bemalen, die anschlie\u00dfend ihren Platz im neuen Staudenbeet fanden. \u201eSo entstand ein ganz pers\u00f6nlicher und farbenfroher Beitrag der Kinder zur Versch\u00f6nerung des Kommunalfriedhofs\u201c, betont die Verwaltung, die sich herzlich bei allen Kindern sowie den Erzieherinnen und Erziehern f\u00fcr die tolle Unterst\u00fctzung und das gro\u00dfe Engagement bedankt. \u201eMit ihrer Hilfe wurde nicht nur ein neues St\u00fcck Gr\u00fcn geschaffen, sondern auch ein wichtiger Beitrag zu Gemeinschaft, Erinnerung und einem lebendigen Miteinander geleistet\u201c, so die Stadt weiter.<\/p>\n<p class=\"richtext text-em-55 !leading-serif mx-6 desktop:mx-0\">Der Tag des Friedhofs findet am 13. September auf dem Kommunalfriedhof an der Alten Ratingener Landstra\u00dfe 17 von 11 bis 16 Uhr statt. Es gibt ein abwechslungsreiches Programm rund um Geschichte, Natur, Erinnerung und das Leben auf dem Friedhof.<\/p>\n","protected":false},"excerpt":{"rendered":"Ein Friedhof ist mehr als ein Ort der Trauer. Er ist auch ein Ort f\u00fcr Begegnungen zwischen Menschen&hellip;\n","protected":false},"author":2,"featured_media":1276043,"comment_status":"","ping_status":"","sticky":false,"template":"","format":"standard","meta":{"footnotes":"","_share_on_mastodon":"0"},"categories":[1840],"tags":[242,10894,3364,29,68187,263350,30,25228,11628,263347,263349,1209,151686,263348,27167,50060,4418],"class_list":["post-1276042","post","type-post","status-publish","format-standard","has-post-thumbnail","category-wuppertal","tag-242","tag-beitrag","tag-de","tag-deutschland","tag-friedhofs","tag-friedhofsgaertnern","tag-germany","tag-kindertagesstaette","tag-kindertagesstaetten","tag-kommunalfriedhof","tag-kommunalfriedhofs","tag-nordrhein-westfalen","tag-stauden","tag-staudenbeet","tag-wuelfrath","tag-wuelfrather","tag-wuppertal"],"share_on_mastodon":{"url":"https:\/\/pubeurope.com\/@de\/117202024449347778","error":""},"_links":{"self":[{"href":"https:\/\/www.europesays.com\/de\/wp-json\/wp\/v2\/posts\/1276042","targetHints":{"allow":["GET"]}}],"collection":[{"href":"https:\/\/www.europesays.com\/de\/wp-json\/wp\/v2\/posts"}],"about":[{"href":"https:\/\/www.europesays.com\/de\/wp-json\/wp\/v2\/types\/post"}],"author":[{"embeddable":true,"href":"https:\/\/www.europesays.com\/de\/wp-json\/wp\/v2\/users\/2"}],"replies":[{"embeddable":true,"href":"https:\/\/www.europesays.com\/de\/wp-json\/wp\/v2\/comments?post=1276042"}],"version-history":[{"count":0,"href":"https:\/\/www.europesays.com\/de\/wp-json\/wp\/v2\/posts\/1276042\/revisions"}],"wp:featuredmedia":[{"embeddable":true,"href":"https:\/\/www.europesays.com\/de\/wp-json\/wp\/v2\/media\/1276043"}],"wp:attachment":[{"href":"https:\/\/www.europesays.com\/de\/wp-json\/wp\/v2\/media?parent=1276042"}],"wp:term":[{"taxonomy":"category","embeddable":true,"href":"https:\/\/www.europesays.com\/de\/wp-json\/wp\/v2\/categories?post=1276042"},{"taxonomy":"post_tag","embeddable":true,"href":"https:\/\/www.europesays.com\/de\/wp-json\/wp\/v2\/tags?post=1276042"}],"curies":[{"name":"wp","href":"https:\/\/api.w.org\/{rel}","templated":true}]}}