{"id":1276065,"date":"2026-09-02T15:07:18","date_gmt":"2026-09-02T15:07:18","guid":{"rendered":"https:\/\/www.europesays.com\/de\/1276065\/"},"modified":"2026-09-02T15:07:18","modified_gmt":"2026-09-02T15:07:18","slug":"thueringen-drei-abgeordnete-verlassen-thueringer-bsw-fraktion","status":"publish","type":"post","link":"https:\/\/www.europesays.com\/de\/1276065\/","title":{"rendered":"Th\u00fcringen: Drei Abgeordnete verlassen Th\u00fcringer BSW-Fraktion"},"content":{"rendered":"<p class=\"paragraph article__item\">Die drei Th\u00fcringer <a class=\"rtr-entity\" href=\"https:\/\/www.zeit.de\/thema\/buendnis-sahra-wagenknecht\" rel=\"nofollow noopener\" target=\"_blank\">BSW<\/a>\u2011Abgeordneten Stefan Wogawa, Dirk Hoffmeister und Roberto Kobelt verlassen Partei und Fraktion, wollen ihre Mandate aber behalten. Das gab BSW-Fraktionschefin Sigrid Hupach im Landtag bekannt. Somit schrumpft die Fraktion der mitregierenden Partei von 15 auf 12 Mitglieder. Nach Angaben von Hoffmeister gr\u00fcndeten die drei abtr\u00fcnnigen Abgeordneten eine neue Partei mit dem Namen \u00bbDeine Stimme z\u00e4hlt\u00ab.\n<\/p>\n<p class=\"paragraph article__item\">Das bisherige Patt im Th\u00fcringer <a class=\"rtr-entity\" href=\"https:\/\/www.zeit.de\/thema\/landtag\" rel=\"nofollow noopener\" target=\"_blank\">Landtag<\/a> ist damit aufgehoben. Zuvor hatten die Regierungsparteien CDU, SPD und BSW sowie die Oppositionsparteien AfD und Linke jeweils 44 von 88 Sitzen. Durch den Austritt der BSW-Abgeordneten verschiebt sich das Verh\u00e4ltnis auf 41 zu 47 Sitze, was die Minderheitsregierung von Ministerpr\u00e4sident Mario Voigt (CDU) zus\u00e4tzlich schw\u00e4cht.\n<\/p>\n<p>            \u00bbImmer verr\u00fcckter agierenden Bundesvorstand\u00ab            <\/p>\n<p class=\"paragraph article__item\">Bei parlamentarischen Entscheidungen war die Koalition von Anfang an auf zumindest indirekte Unterst\u00fctzung der Linksfraktion im Th\u00fcringer Landtag angewiesen. Zieht die Linke mit, k\u00f6nnten die verbliebenen Koalitionsabgeordneten dort weiter Mehrheiten finden. Eine Zusammenarbeit mit der AfD hat die Linke ausgeschlossen.\n<\/p>\n<p class=\"paragraph article__item\">Als Grund f\u00fcr die Entscheidung der ausgetretenen Abgeordneten gilt laut Informationen der Nachrichtenagentur dpa vor allem der Kurs des BSW\u2011Bundesvorstands. Man k\u00f6nne sich in der parlamentarischen Arbeit nicht abh\u00e4ngig machen von einem \u00bbimmer verr\u00fcckter agierenden Bundesvorstand\u00ab, hie\u00df es. Der Parteiaustritt sei per Einschreiben bereits am Dienstag an die Bundesgesch\u00e4ftsstelle und die Landesgesch\u00e4ftsstelle gegangen.\n<\/p>\n<p>\n                                        Newsletter<br \/>\n                                        Was jetzt, im Osten?<\/p>\n<p class=\"newsletter-signup__text\">Jeden Mittwoch erhalten Sie Nachrichten und Stimmungsbilder zu den Landtagswahlen sowie zum Alltagsleben und zur Kultur im Osten der Republik.<\/p>\n<p class=\"newsletter-signup__datapolicy\" hidden=\"\">\n            Mit Ihrer Registrierung nehmen Sie die <a href=\"https:\/\/datenschutz.zeit.de\/zon#Newsletter\" target=\"_blank\" rel=\"nofollow noopener\">Datenschutzerkl\u00e4rung<\/a> zur Kenntnis.\n        <\/p>\n<p>    Vielen Dank! Wir haben Ihnen eine E-Mail geschickt.<\/p>\n<p>Pr\u00fcfen Sie Ihr Postfach und best\u00e4tigen Sie das Newsletter-Abonnement.<\/p>\n<p class=\"paragraph article__item\">Die BSW-Spitze kritisierte die Austritte deutlich. \u00bbOffensichtlich\u00ab gehe es den Abgeordneten darum, \u00bbdem BSW bei der Wahl am kommenden Wochenende in Sachsen-Anhalt maximal zu schaden\u00ab, sagte BSW-Generalsekret\u00e4r Oliver Ruhnert.\n<\/p>\n<p>            Streit zwischen Bundes- und Landesverband            <\/p>\n<p class=\"paragraph article__item\">Bereits vor dem Austritt der drei Landtagsabgeordneten gab es innerhalb des BSW einen Richtungsstreit zwischen dem Bundesvorstand und weiten Teilen des th\u00fcringischen Landesverbandes. Die Parteispitze hatte ihre Th\u00fcringer Abgeordneten aufgefordert, Voigt nicht mehr zu unterst\u00fctzen und die Regierung zu verlassen.\n<\/p>\n<p class=\"paragraph article__item\">Der Streit hatte sich zun\u00e4chst auf <a href=\"https:\/\/www.zeit.de\/2026\/37\/sahra-wagenknecht-philipp-amthor-ministerpraesident-osten-afd-cdu-bsw\" target=\"_blank\" rel=\"nofollow noopener\">BSW-Parteigr\u00fcnderin Sahra Wagenknecht<\/a> und die <a href=\"https:\/\/www.zeit.de\/politik\/deutschland\/2026-08\/katja-wolf-bsw-sahra-wagenknecht-thueringen-afd\" target=\"_blank\" rel=\"nofollow noopener\">Th\u00fcringer Landeschefin und Finanzministerin Katja Wolf<\/a> konzentriert. Wagenknecht missf\u00e4llt die Regierungsbeteiligung in Th\u00fcringen schon l\u00e4nger. Sie vertritt stattdessen das <a href=\"https:\/\/www.zeit.de\/politik\/deutschland\/2026-08\/sahra-wagenknecht-bsw-brandmauer-afd-sachsen-anhalt-gxe\" target=\"_blank\" rel=\"nofollow noopener\">Modell eines \u00bb\u00fcberparteilichen\u00ab Regierungschefs<\/a>, der unter Einbeziehung der AfD mit wechselnden Mehrheiten regieren soll. Auch Wagenknecht hatte in diesem Dauerstreit bereits einen Landessonderparteitag ins Gespr\u00e4ch gebracht.\n<\/p>\n<p class=\"paragraph article__item\">Anlass des Streits ist die Aberkennung von <a href=\"https:\/\/www.zeit.de\/politik\/deutschland\/2026-08\/thueringen-koalition-mario-voigt-cdu-bsw-spd\" target=\"_blank\" rel=\"nofollow noopener\">Ministerpr\u00e4sident Voigts<\/a> Doktortitel, gegen die er sich juristisch wehrt. Die BSW-Bundesspitze um Wagenknecht warf dem CDU-Politiker vor, er besch\u00e4dige das Amt des Ministerpr\u00e4sidenten, und forderte ihn zum R\u00fccktritt auf. Das BSW werde sich \u00bbnicht zum Mehrheitsbeschaffer eines Mannes machen, der seine pers\u00f6nlichen Interessen \u00fcber das Wohl des Landes stellt\u00ab, hie\u00df es in einem Vorstandsbeschluss.\n<\/p>\n<p>Mehr zum Thema<\/p>\n<p>                <a href=\"https:\/\/www.zeit.de\/politik\/deutschland\/2026-08\/katja-wolf-bsw-sahra-wagenknecht-thueringen-afd\" data-ct-label=\"Katja Wolf: \u00bbSahra Wagenknecht hat eine Grenze \u00fcberschritten\u00ab\" data-uuid=\"fc446f68-7603-4039-8e2c-0abc666ad848\" rel=\"nofollow noopener\" target=\"_blank\"><\/p>\n<p>        Z+ (abopflichtiger Inhalt);<\/p>\n<p>    Katja Wolf:<br \/>\n                        \u00bbSahra Wagenknecht hat eine Grenze \u00fcberschritten\u00ab<\/p>\n<p>                <\/a><\/p>\n<p>                <a href=\"https:\/\/www.zeit.de\/feuilleton\/2026-08\/sahra-wagenknecht-bsw-cdu-afd-biografie-motivation\" data-ct-label=\"Sahra Wagenknecht: Was treibt Wagenknecht? Und warum?\" data-uuid=\"6d4f40a3-f223-43dc-9425-0cfb9da9829d\" rel=\"nofollow noopener\" target=\"_blank\"><\/p>\n<p>        Z+ (abopflichtiger Inhalt);<\/p>\n<p>    Sahra Wagenknecht:<br \/>\n                        Was treibt Wagenknecht? Und warum?<\/p>\n<p>                <\/a><\/p>\n<p>                <a href=\"https:\/\/www.zeit.de\/2026\/37\/sahra-wagenknecht-philipp-amthor-ministerpraesident-osten-afd-cdu-bsw\" data-ct-label=\"Sahra Wagenknecht und Philipp Amthor: Sollen im Osten Experten regieren?\" data-uuid=\"da1af6df-244f-4e74-9fb3-8eeacfda080b\" rel=\"nofollow noopener\" target=\"_blank\"><\/p>\n<p>        Z+ (abopflichtiger Inhalt);<\/p>\n<p>    Sahra Wagenknecht und Philipp Amthor:<br \/>\n                        Sollen im Osten Experten regieren?<\/p>\n<p>                <\/a><\/p>\n","protected":false},"excerpt":{"rendered":"Die drei Th\u00fcringer BSW\u2011Abgeordneten Stefan Wogawa, Dirk Hoffmeister und Roberto Kobelt verlassen Partei und Fraktion, wollen ihre Mandate&hellip;\n","protected":false},"author":2,"featured_media":1276066,"comment_status":"","ping_status":"","sticky":false,"template":"","format":"standard","meta":{"footnotes":"","_share_on_mastodon":"0"},"categories":[5],"tags":[331,332,13871,3364,29,30,13,1985,263365,14,15,2512,16,9683,12,861],"class_list":["post-1276065","post","type-post","status-publish","format-standard","has-post-thumbnail","category-nachrichten","tag-aktuelle-nachrichten","tag-aktuelle-news","tag-buendnis-sahra-wagenknecht","tag-de","tag-deutschland","tag-germany","tag-headlines","tag-landtag","tag-landtagswahl-in-thueringen","tag-nachrichten","tag-news","tag-opposition","tag-politik","tag-sahra-wagenknecht","tag-schlagzeilen","tag-thueringen"],"share_on_mastodon":{"url":"https:\/\/pubeurope.com\/@de\/117202075594062823","error":""},"_links":{"self":[{"href":"https:\/\/www.europesays.com\/de\/wp-json\/wp\/v2\/posts\/1276065","targetHints":{"allow":["GET"]}}],"collection":[{"href":"https:\/\/www.europesays.com\/de\/wp-json\/wp\/v2\/posts"}],"about":[{"href":"https:\/\/www.europesays.com\/de\/wp-json\/wp\/v2\/types\/post"}],"author":[{"embeddable":true,"href":"https:\/\/www.europesays.com\/de\/wp-json\/wp\/v2\/users\/2"}],"replies":[{"embeddable":true,"href":"https:\/\/www.europesays.com\/de\/wp-json\/wp\/v2\/comments?post=1276065"}],"version-history":[{"count":0,"href":"https:\/\/www.europesays.com\/de\/wp-json\/wp\/v2\/posts\/1276065\/revisions"}],"wp:featuredmedia":[{"embeddable":true,"href":"https:\/\/www.europesays.com\/de\/wp-json\/wp\/v2\/media\/1276066"}],"wp:attachment":[{"href":"https:\/\/www.europesays.com\/de\/wp-json\/wp\/v2\/media?parent=1276065"}],"wp:term":[{"taxonomy":"category","embeddable":true,"href":"https:\/\/www.europesays.com\/de\/wp-json\/wp\/v2\/categories?post=1276065"},{"taxonomy":"post_tag","embeddable":true,"href":"https:\/\/www.europesays.com\/de\/wp-json\/wp\/v2\/tags?post=1276065"}],"curies":[{"name":"wp","href":"https:\/\/api.w.org\/{rel}","templated":true}]}}