{"id":1276077,"date":"2026-09-02T15:13:29","date_gmt":"2026-09-02T15:13:29","guid":{"rendered":"https:\/\/www.europesays.com\/de\/1276077\/"},"modified":"2026-09-02T15:13:29","modified_gmt":"2026-09-02T15:13:29","slug":"probefahrten-von-nuernberg-nach-ingolstadt-pfeilschnell-mit-dem-frecciarossa-nach-rom","status":"publish","type":"post","link":"https:\/\/www.europesays.com\/de\/1276077\/","title":{"rendered":"Probefahrten von N\u00fcrnberg nach Ingolstadt: Pfeilschnell mit dem Frecciarossa nach Rom!"},"content":{"rendered":"<p>        <a href=\"https:\/\/google.com\/preferences\/source?q=https:\/\/www.marktspiegel.de\" target=\"_blank\" rel=\"nofollow noopener\"><br \/>\n<img decoding=\"async\" src=\"https:\/\/www.europesays.com\/de\/wp-content\/uploads\/2026\/08\/Google_Button.jpg\" alt=\"Google preferred Source\"\/><br \/>\n<\/a> So kannst du beeinflussen, mehr von marktspiegel.de in deinen Suchergebnissen zu sehen.<\/p>\n<ul class=\"content-meta\">\n<li>2. September 2026, 16:57\u00a0Uhr<\/li>\n<\/ul>\n<p>                            <img class=\"imagecontainer\" loading=\"eager\" fetchpriority=\"auto\" decoding=\"auto\" data-aspect-ratio=\"0.666503906\" src=\"https:\/\/www.europesays.com\/de\/wp-content\/uploads\/2026\/09\/484247_L.webp\" alt=\"Die Probefahrten mit dem umger\u00fcsteten Frecciarossa werden laut Bahn mehrere Monate dauern. | Foto: dpa\"\/><\/p>\n<ul>\n<li>Pfeilschnell sollen Reisende k\u00fcnftig mit dem Frecciarossa nach Italien reisen k\u00f6nnen.\u00a0<\/li>\n<li>Vorher sind aber noch viele Probefahrten n\u00f6tig.\u00a0<\/li>\n<li>Wann startet die neue Direktverbindung von M\u00fcnchen aus?<\/li>\n<\/ul>\n<p><b>N\u00fcrnberg (dpa\/lby\/nf) &#8211; F\u00fcr eine neue durchgehende Zugverbindung nach Italien testet die Deutsche Bahn (DB) in Bayern gerade den italienischen Schnellzug Frecciarossa 1000. <\/b><\/p>\n<p>Damit dieser in Deutschland \u00fcber die Gleise rollen kann, mussten die Hersteller nach Bahnangaben unter anderem Antriebstechnik, Bremsen und Stromabnehmer anpassen. Seit Mitte Juni laufen nun die Probefahrten mit einem ersten umger\u00fcsteten Zug zwischen N\u00fcrnberg und Ingolstadt sowie zwischen Leipzig und Erfurt. <\/p>\n<p>Die Frecciarossa-Z\u00fcge sollen laut Bahn Reisende ab Sommer 2027 direkt von M\u00fcnchen (wie im Flugverkehr leider nicht von N\u00fcrnberg) nach Rom beziehungsweise Mailand bringen. Urspr\u00fcnglich hatte die Bahn den Start der neuen Direktverbindung zum Fahrplanwechsel im Dezember 2026 angepeilt. Dadurch soll sich die Fahrzeit auf der Strecke nach Rom um 45 Minuten, nach Mailand um 75 Minuten verk\u00fcrzen. <\/p>\n<p>300 Testtage sind geplant<\/p>\n<p>Frecciarossa hei\u00dft auf Deutsch \u00abroter Pfeil\u00bb \u2013 und pfeilschnell soll der Zug auch in Deutschland mit bis zu 300 Kilometern pro Stunde unterwegs sein. Diese H\u00f6chstgeschwindigkeit wird der DB zufolge auch bei den Probefahrten getestet, die mehrere Monate dauern werden. In \u00d6sterreich laufen seit August zudem Probefahrten mit einem zweiten umger\u00fcsteten Fahrzeug von Kufstein bis zum Brenner sowie zwischen Salzburg und Wien. 300 Testtage sind demnach insgesamt geplant. <\/p>\n<p>Die DB sprach von einem ambitionierten Zeitplan. F\u00fcr die neue internationale Zugverbindung r\u00fcsten die Hersteller neun Frecciarossa-Z\u00fcge um und bauen nationale Zugsicherungssysteme ein. Danach m\u00fcssen diese f\u00fcr das deutsche und \u00f6sterreichische Schienennetz neu zugelassen werden. In Italien ist eine Wiederzulassung n\u00f6tig.<\/p>\n<p>                <a id=\"like-anchor\"\/><\/p>\n<p>                    Dieser Inhalt gef\u00e4llt Ihnen?<\/p>\n<p>Melden Sie sich an, um diesen Inhalt mit \u00abGef\u00e4llt mir\u00bb zu markieren.<\/p>\n<p>            \u00d7<\/p>\n<p>        <a href=\"#\" data-trigger-click-on-space-or-enter=\"\" class=\"button ggm-like-button hollow\" title=\"Gef\u00e4llt mir\" data-open=\"like-conversion-6a983d0c66109\"><\/p>\n<p>        <\/a><\/p>\n<p>\n        Gef\u00e4llt <strong>0<\/strong> mal<br \/>\n        0\n    <\/p>\n<p>            <a href=\"https:\/\/www.marktspiegel.de\/nuernberg\/profile-126\/nicole-fuchsbauer\" class=\"stop-click-event-propagation\" rel=\"nofollow noopener\" target=\"_blank\">    <\/p>\n<p>                                                                            <img class=\"imagecontainer\" decoding=\"auto\" data-aspect-ratio=\"https:\/\/www.marktspiegel.de\/nuernberg\/c-lokales\/1\" src=\"https:\/\/media04.marktspiegel.de\/user\/2020\/10\/02\/8\/2898_L.jpg?1729248456\" style=\"object-position: 50% 50%;\" data-object-position=\"50% 50%\" bad-src=\"data:image\/gif;base64,R0lGODlhAQABAIAAAAAAAP\/\/\/yH5BAEAAAAALAAAAAABAAEAAAIBRAA7\"\/><\/p>\n<p>        <\/a><\/p>\n<p>                    Sie m\u00f6chten diesem Profil folgen?<\/p>\n<p>Verpassen Sie nicht die neuesten Inhalte von diesem Profil: Melden Sie sich an, um neuen Inhalten von Profilen und Orten in Ihrem <strong>pers\u00f6nlichen Feed<\/strong> zu folgen.<\/p>\n<p>            \u00d7<\/p>\n<p>\n            <strong>29<\/strong> folgen diesem Profil\n        <\/p>\n<p>        <a href=\"https:\/\/volksfest-nuernberg.de\/programm\/\" rel=\"nofollow noopener\" target=\"_blank\"><br \/>\n    <img decoding=\"async\" src=\"https:\/\/www.europesays.com\/de\/wp-content\/uploads\/2026\/08\/Herbstvolksfest2026.jpg\" alt=\"Herbstvolksfest2026\"\/><br \/>\n<\/a><\/p>\n<p>        \u00d7<\/p>\n<p>    Video einbetten<\/p>\n<p class=\"help\">Es k\u00f6nnen nur einzelne Videos der jeweiligen Plattformen eingebunden werden, nicht jedoch Playlists, Streams oder \u00dcbersichtsseiten.<\/p>\n<p>        \u00d7<\/p>\n<p>    Code einbetten<\/p>\n<p>        Funktionalit\u00e4t des eingebetteten Codes ohne Gew\u00e4hr. Bitte Einbettungen f\u00fcr Video, Social, Link und Maps mit dem vom System vorgesehenen Einbettungsfuntkionen vornehmen.\n    <\/p>\n<p>                    Sie m\u00f6chten selbst beitragen?<\/p>\n<p>Melden Sie sich jetzt kostenlos an, um selbst mit eigenen Inhalten beizutragen.<\/p>\n<p>            \u00d7<\/p>\n","protected":false},"excerpt":{"rendered":"So kannst du beeinflussen, mehr von marktspiegel.de in deinen Suchergebnissen zu sehen. 2. September 2026, 16:57\u00a0Uhr Pfeilschnell sollen&hellip;\n","protected":false},"author":2,"featured_media":1276078,"comment_status":"","ping_status":"","sticky":false,"template":"","format":"standard","meta":{"footnotes":"","_share_on_mastodon":"0"},"categories":[1837],"tags":[772,3364,29,30,3783],"class_list":["post-1276077","post","type-post","status-publish","format-standard","has-post-thumbnail","category-nuernberg","tag-bayern","tag-de","tag-deutschland","tag-germany","tag-nuernberg"],"share_on_mastodon":{"url":"https:\/\/pubeurope.com\/@de\/117202101937246727","error":""},"_links":{"self":[{"href":"https:\/\/www.europesays.com\/de\/wp-json\/wp\/v2\/posts\/1276077","targetHints":{"allow":["GET"]}}],"collection":[{"href":"https:\/\/www.europesays.com\/de\/wp-json\/wp\/v2\/posts"}],"about":[{"href":"https:\/\/www.europesays.com\/de\/wp-json\/wp\/v2\/types\/post"}],"author":[{"embeddable":true,"href":"https:\/\/www.europesays.com\/de\/wp-json\/wp\/v2\/users\/2"}],"replies":[{"embeddable":true,"href":"https:\/\/www.europesays.com\/de\/wp-json\/wp\/v2\/comments?post=1276077"}],"version-history":[{"count":0,"href":"https:\/\/www.europesays.com\/de\/wp-json\/wp\/v2\/posts\/1276077\/revisions"}],"wp:featuredmedia":[{"embeddable":true,"href":"https:\/\/www.europesays.com\/de\/wp-json\/wp\/v2\/media\/1276078"}],"wp:attachment":[{"href":"https:\/\/www.europesays.com\/de\/wp-json\/wp\/v2\/media?parent=1276077"}],"wp:term":[{"taxonomy":"category","embeddable":true,"href":"https:\/\/www.europesays.com\/de\/wp-json\/wp\/v2\/categories?post=1276077"},{"taxonomy":"post_tag","embeddable":true,"href":"https:\/\/www.europesays.com\/de\/wp-json\/wp\/v2\/tags?post=1276077"}],"curies":[{"name":"wp","href":"https:\/\/api.w.org\/{rel}","templated":true}]}}