{"id":1276079,"date":"2026-09-02T15:14:25","date_gmt":"2026-09-02T15:14:25","guid":{"rendered":"https:\/\/www.europesays.com\/de\/1276079\/"},"modified":"2026-09-02T15:14:25","modified_gmt":"2026-09-02T15:14:25","slug":"earth-night-nuernberg-2026-am-11-september-bleiben-an-60-bauwerken-mehr-als-800-scheinwerfer-aus","status":"publish","type":"post","link":"https:\/\/www.europesays.com\/de\/1276079\/","title":{"rendered":"Earth Night N\u00fcrnberg 2026: Am 11. September bleiben an 60 Bauwerken mehr als 800 Scheinwerfer aus"},"content":{"rendered":"<p>                                &#8211;                                F\u00fcr eine Nacht wird es an vielen N\u00fcrnberger Wahrzeichen dunkel: Zur Earth Night schaltet die Stadt mehr als 800 Scheinwerfer ab. Ausgerechnet an diesem Abend findet auch der Herbst-Trempelmarkt statt.<\/p>\n<p>                N\u00fcrnberg, was ist da los? Die Kaiserburg im Dunkeln, ebenso Lorenzkirche, St. Sebald und der Sch\u00f6ne Brunnen. Das Ganze wird sich am Freitag, 11. September, abspielen. N\u00fcrnberg beteiligt sich erneut an der bundesweiten Earth Night. An rund 60 Denkm\u00e4lern und historischen Bauwerken bleiben von Einbruch der Dunkelheit an mehr als 800 Scheinwerfer die gesamte Nacht ausgeschaltet.<\/p>\n<p>Betroffen sind neben Kaiserburg, Lorenzkirche und St. Sebald unter anderem das Opernhaus, der Kettensteg und die Agnesbr\u00fccke. Die regul\u00e4re Stra\u00dfenbeleuchtung bleibt aus Sicherheitsgr\u00fcnden dagegen eingeschaltet. Dies k\u00fcndet die Stadt N\u00fcrnberg in einer Mitteilung an die Medien an.<\/p>\n<p>                                                        Die fehlenden Lichtquellen lassen N\u00fcrnberg ganz anders aussehen<\/p>\n<p>Mit der Aktion soll auf Lichtverschmutzung und unn\u00f6tigen Energieverbrauch aufmerksam gemacht werden. \u201eDie Earth Night zeigt auf einfache und eindrucksvolle Weise, wie anders unsere Stadt wirkt, wenn wir f\u00fcr eine Nacht bewusst auf Licht verzichten\u201c, sagt B\u00fcrgermeister und S\u00f6r-Werkleiter Andreas Krieglstein. Er ruft auch die N\u00fcrnberger dazu auf, in dieser Nacht nicht ben\u00f6tigte Au\u00dfenbeleuchtung auszuschalten.<\/p>\n<p>Eine Besonderheit gibt es in diesem Jahr: Die Earth Night f\u00e4llt mit dem Herbst-Trempelmarkt zusammen. Dieser l\u00e4uft am Freitag von 16 Uhr bis Mitternacht unter anderem auf dem Hauptmarkt sowie in der Kaiser-, Karolinen- und K\u00f6nigstra\u00dfe und rund um die Lorenzkirche. Ganz im Dunkeln m\u00fcssen die Besucher dort allerdings nicht st\u00f6bern. Nach Angaben der Stadt sind die H\u00e4ndler auf den Nachtmarkt eingestellt und beleuchten ihre Verkaufsst\u00e4nde selbst.<\/p>\n<p>Die Stadt verweist im Zusammenhang mit der Earth Night auch auf die Umr\u00fcstung ihrer Stra\u00dfenbeleuchtung. Mitte 2026 waren rund 42 Prozent der Leuchten auf LED-Technik umgestellt. J\u00e4hrlich sollen etwa 6500 weitere hinzukommen. Seit Beginn der Umr\u00fcstung im Jahr 2011 sei der j\u00e4hrliche Stromverbrauch f\u00fcr die Stra\u00dfenbeleuchtung von rund 17,7 Millionen auf etwa 12,7 Millionen Kilowattstunden im Jahr 2025 gesunken.<\/p>\n<p>Die LED-Technik ist nicht nur energieeffizient und langlebig, sondern erm\u00f6glicht auch eine gezieltere und damit umweltvertr\u00e4glichere Beleuchtung. S\u00f6r setzt dabei auf eine Lichtfarbe von 3000 Kelvin, die als insektenfreundlicher gilt.<\/p>\n<p>                                                        Alle B\u00fcrgerinnen und B\u00fcrger sind eingeladen, sich an diesem Zeichen zu beteiligen<\/p>\n<p>Wer also am 11. September unn\u00f6tige Au\u00dfen- und Beleuchtungsquellen ausschaltet, setzt gemeinsam mit der Stadt N\u00fcrnberg ein Zeichen gegen Lichtverschmutzung und f\u00fcr einen bewussteren Umgang mit Licht. \u201eVielen Dank im Voraus f\u00fcr das gemeinsame Miteinander. \u201aLicht aus! F\u00fcr eine ganze Nacht\u2018\u201c, fasst B\u00fcrgermeister Krieglstein zusammen.<\/p>\n","protected":false},"excerpt":{"rendered":"&#8211; F\u00fcr eine Nacht wird es an vielen N\u00fcrnberger Wahrzeichen dunkel: Zur Earth Night schaltet die Stadt mehr&hellip;\n","protected":false},"author":2,"featured_media":1276080,"comment_status":"","ping_status":"","sticky":false,"template":"","format":"standard","meta":{"footnotes":"","_share_on_mastodon":"0"},"categories":[1837],"tags":[772,3364,29,30,3783],"class_list":["post-1276079","post","type-post","status-publish","format-standard","has-post-thumbnail","category-nuernberg","tag-bayern","tag-de","tag-deutschland","tag-germany","tag-nuernberg"],"share_on_mastodon":{"url":"https:\/\/pubeurope.com\/@de\/117202102637721259","error":""},"_links":{"self":[{"href":"https:\/\/www.europesays.com\/de\/wp-json\/wp\/v2\/posts\/1276079","targetHints":{"allow":["GET"]}}],"collection":[{"href":"https:\/\/www.europesays.com\/de\/wp-json\/wp\/v2\/posts"}],"about":[{"href":"https:\/\/www.europesays.com\/de\/wp-json\/wp\/v2\/types\/post"}],"author":[{"embeddable":true,"href":"https:\/\/www.europesays.com\/de\/wp-json\/wp\/v2\/users\/2"}],"replies":[{"embeddable":true,"href":"https:\/\/www.europesays.com\/de\/wp-json\/wp\/v2\/comments?post=1276079"}],"version-history":[{"count":0,"href":"https:\/\/www.europesays.com\/de\/wp-json\/wp\/v2\/posts\/1276079\/revisions"}],"wp:featuredmedia":[{"embeddable":true,"href":"https:\/\/www.europesays.com\/de\/wp-json\/wp\/v2\/media\/1276080"}],"wp:attachment":[{"href":"https:\/\/www.europesays.com\/de\/wp-json\/wp\/v2\/media?parent=1276079"}],"wp:term":[{"taxonomy":"category","embeddable":true,"href":"https:\/\/www.europesays.com\/de\/wp-json\/wp\/v2\/categories?post=1276079"},{"taxonomy":"post_tag","embeddable":true,"href":"https:\/\/www.europesays.com\/de\/wp-json\/wp\/v2\/tags?post=1276079"}],"curies":[{"name":"wp","href":"https:\/\/api.w.org\/{rel}","templated":true}]}}