{"id":1276099,"date":"2026-09-02T15:25:18","date_gmt":"2026-09-02T15:25:18","guid":{"rendered":"https:\/\/www.europesays.com\/de\/1276099\/"},"modified":"2026-09-02T15:25:18","modified_gmt":"2026-09-02T15:25:18","slug":"karetsas-albert-inacio-niko-kovac-entfesselt-den-alten-bvb","status":"publish","type":"post","link":"https:\/\/www.europesays.com\/de\/1276099\/","title":{"rendered":"Karetsas, Albert, Inacio: Niko Kovac entfesselt den alten BVB"},"content":{"rendered":"<p><img loading=\"lazy\" decoding=\"async\" src=\"https:\/\/www.europesays.com\/de\/wp-content\/uploads\/2026\/09\/f36d3b510a9e4db4a52a82e595affd38.gif\" width=\"1\" height=\"1\" alt=\"\"\/><\/p>\n<p class=\"mb20 mt30\">In der vergangenen Saison war einer der Kritikpunkte an der Spielweise des BVB, dass Niko Kovac einen unansehnlichen und destruktiven Defensivfu\u00dfball spielen lassen w\u00fcrde. F\u00fcr die neue Spielzeit war der Auftrag klar: Ein Wandel muss her. Derzeit entfesselt der Trainer den alten BVB wieder neu, doch der Grad auf dem Niko Kovac wandert ist schmal. <\/p>\n<p>BVB spielt wieder offensiven Fu\u00dfball<\/p>\n<p class=\"mb20 mt30\">Mit der Pokal-Partie beim HEBC hat der BVB seine ersten drei Pflichtspiele in der Saison absolviert. Dabei ist ganz deutlich zu erkennen, dass <a href=\"https:\/\/www.fussballdaten.de\/vereine\/borussia-dortmund\/\" title=\"Profil von Borussia Dortmund\" rel=\"nofollow noopener\" target=\"_blank\">Borussia Dortmund<\/a> einen anderen Fu\u00dfball spielen l\u00e4sst als noch in der vergangenen Spielzeit. Die Protagonisten haben dabei drei Namen: <a href=\"https:\/\/www.fussballdaten.de\/person\/konstantinos-karetsas\/\" title=\"Profil von Konstantinos Karetsas\" rel=\"nofollow noopener\" target=\"_blank\">Konstantinos Karetsas<\/a>, <a href=\"https:\/\/www.fussballdaten.de\/person\/mathis-albert\/\" title=\"Profil von Mathis Albert\" rel=\"nofollow noopener\" target=\"_blank\">Mathis Albert<\/a> und <a href=\"https:\/\/www.fussballdaten.de\/person\/samuele-inacio\/\" title=\"Profil von Samuele Inacio\" rel=\"nofollow noopener\" target=\"_blank\">Samuele Inacio<\/a>. W\u00e4hrend der Grieche seine F\u00e4higkeiten in bislang allen Pflichtspielen zeigen durfte, haben die beiden Talente bisher eher in den Testspielen die Chance bekommen sich zu zeigen. Doch die Minuten auf dem Feld waren bislang sehr vielversprechend. <\/p>\n<p>                        <img src=\"https:\/\/www.europesays.com\/de\/wp-content\/uploads\/2026\/08\/umfrage-kopf-icon.png\" alt=\"\" width=\"24\" height=\"24\" loading=\"lazy\" decoding=\"async\"\/><\/p>\n<p>        DEINE MEINUNG Z\u00c4HLT!<\/p>\n<p class=\"fd-poll-frage\" id=\"poll-frage-134\">Welches Duo w\u00fcrdest du beim BVB aufstellen? <\/p>\n<p>                    Karetsas und Inacio<\/p>\n<p>                    Karetsas und Albert<\/p>\n<p>                    Karetsas und Nwaneri<\/p>\n<p>                    Inacio und Albert<\/p>\n<p>                    Inacio und Nwaneri<\/p>\n<p>                    Albert und Nwaneri<\/p>\n<p>                    Ergebnis ansehen<br \/>\n                    Zur\u00fcck zur Abstimmung<\/p>\n<p>                    Umfrage unter unseren Nutzern\n        <\/p>\n<p class=\"mb20 mt30\">Im Supercup und gegen den HSV war es das Duo aus <a href=\"https:\/\/www.fussballdaten.de\/person\/giannis-konstantelias\/\" title=\"Profil von Giannis Konstantelias\" rel=\"nofollow noopener\" target=\"_blank\">Giannis Konstantelias<\/a> und Konstantinos Karetsas, welches die BVB-Fans zum Staunen brachte. In der ersten Runde im DFB-Pokal waren es Samuele Inacio und Mathis Albert. W\u00e4hrend sich die beiden Griechen mit jeweils einer Torbeteiligung zeigen konnten, schaffte es der junge Italiener gegen den HEBC einen Doppelpack zu erzielen. Aber nicht nur die reinen Scorer machen Lust auf mehr. <\/p>\n<p class=\"mb20 mt30\">Mit Karetsas, Inacio und Albert auf dem Feld hatte der BVB eine ganz neue Spielfreude. Immer wieder gelang es dem Trio in den Minuten auf dem Feld bislang f\u00fcr Furore zu sorgen. Karetsas spielt ebenso wie das Talente-Duo einen mutigen und kreativen Fu\u00dfball. Albert war in der Pokal-Partie sehr engagiert, leitete immer wieder gef\u00e4hrliche Angriffe ein, ging ins Dribbling und spielte schnell nach vorne &#8211; Eigenschaften, welche den Schwarz-Gelben in der vergangenen Saison oft fehlten. <\/p>\n<p>BVB wandert auf einem schmalen Grad<\/p>\n<p class=\"mb20 mt30\">Dennoch zeigen die ersten Wochen auch: Viel fehlt es nicht um wieder in alte Muster zu verfallen. Nach der Verletzung von Giannis Konstantelias und der Einwechslung von Marcel Sabitzer wurde das Spiel gegen den HSV merklich defensiver. Aktionen in der Offensive fehlten fast komplett und die ganze Kreativit\u00e4t war dahin &#8211; wegen einem einzigen Wechsel. Die Kreativ-Fraktion beim BVB ist nicht sonderlich gro\u00df. Neben dem Griechen- und Talente-Duo hat Borussia Dortmund derzeit nur noch Neuzugang Ethan Nwaneri, welcher vorne f\u00fcr Wow-Momente sorgen kann. Nach dem Kreuzbandriss von Konstantelias sind das also gerade einmal vier Spieler, ehe der Defenivfu\u00dfball der vergangenen Saison eingewechselt werden m\u00fcsste. <\/p>\n","protected":false},"excerpt":{"rendered":"In der vergangenen Saison war einer der Kritikpunkte an der Spielweise des BVB, dass Niko Kovac einen unansehnlichen&hellip;\n","protected":false},"author":2,"featured_media":1276100,"comment_status":"","ping_status":"","sticky":false,"template":"","format":"standard","meta":{"footnotes":"","_share_on_mastodon":"0"},"categories":[1833],"tags":[888,299,3364,29,217,30,256781,246333,107933,1209,246332,217813],"class_list":["post-1276099","post","type-post","status-publish","format-standard","has-post-thumbnail","category-dortmund","tag-borussia-dortmund","tag-bundesliga","tag-de","tag-deutschland","tag-dortmund","tag-germany","tag-giannis-konstantelias-ioannis-konstantelias","tag-konstantinos-karetsas","tag-mathis-albert","tag-nordrhein-westfalen","tag-rc-genk","tag-samuele-inacio-samuele-inacio"],"share_on_mastodon":{"url":"https:\/\/pubeurope.com\/@de\/117202148991780419","error":""},"_links":{"self":[{"href":"https:\/\/www.europesays.com\/de\/wp-json\/wp\/v2\/posts\/1276099","targetHints":{"allow":["GET"]}}],"collection":[{"href":"https:\/\/www.europesays.com\/de\/wp-json\/wp\/v2\/posts"}],"about":[{"href":"https:\/\/www.europesays.com\/de\/wp-json\/wp\/v2\/types\/post"}],"author":[{"embeddable":true,"href":"https:\/\/www.europesays.com\/de\/wp-json\/wp\/v2\/users\/2"}],"replies":[{"embeddable":true,"href":"https:\/\/www.europesays.com\/de\/wp-json\/wp\/v2\/comments?post=1276099"}],"version-history":[{"count":0,"href":"https:\/\/www.europesays.com\/de\/wp-json\/wp\/v2\/posts\/1276099\/revisions"}],"wp:featuredmedia":[{"embeddable":true,"href":"https:\/\/www.europesays.com\/de\/wp-json\/wp\/v2\/media\/1276100"}],"wp:attachment":[{"href":"https:\/\/www.europesays.com\/de\/wp-json\/wp\/v2\/media?parent=1276099"}],"wp:term":[{"taxonomy":"category","embeddable":true,"href":"https:\/\/www.europesays.com\/de\/wp-json\/wp\/v2\/categories?post=1276099"},{"taxonomy":"post_tag","embeddable":true,"href":"https:\/\/www.europesays.com\/de\/wp-json\/wp\/v2\/tags?post=1276099"}],"curies":[{"name":"wp","href":"https:\/\/api.w.org\/{rel}","templated":true}]}}