{"id":1276103,"date":"2026-09-02T15:27:23","date_gmt":"2026-09-02T15:27:23","guid":{"rendered":"https:\/\/www.europesays.com\/de\/1276103\/"},"modified":"2026-09-02T15:27:23","modified_gmt":"2026-09-02T15:27:23","slug":"aussenministertreffen-in-irland-nach-leipzig-russland-droht-massives-sanktionspaket-der-eu-politik","status":"publish","type":"post","link":"https:\/\/www.europesays.com\/de\/1276103\/","title":{"rendered":"Au\u00dfenministertreffen in Irland &#8211; Nach Leipzig: Russland droht massives Sanktionspaket der EU &#8211; Politik"},"content":{"rendered":"<p data-manual=\"paragraph\" data-schema-org-speakable=\"true\" class=\"css-1eosz7k\">Wicklow\/Br\u00fcssel (dpa) &#8211; <a href=\"https:\/\/www.sueddeutsche.de\/thema\/Russland\" rel=\"nofollow noopener\" target=\"_blank\">Russland<\/a> muss nach dem Anschlagsversuch mit einer Sprengstoffdrohne auf dem Flughafen Leipzig\/Halle mit einem umfassenden neuen Sanktionspaket der Europ\u00e4ischen Union rechnen &#8211; und versch\u00e4rft den Ton gegen\u00fcber Berlin.\u00a0<\/p>\n<p data-manual=\"paragraph\" data-schema-org-speakable=\"true\" class=\"css-1eosz7k\">Die EU-Au\u00dfenbeauftragte Kaja Kallas sagte bei Beratungen der Au\u00dfenminister in <a href=\"https:\/\/www.sueddeutsche.de\/thema\/Irland\" rel=\"nofollow noopener\" target=\"_blank\">Irland<\/a>, es liefen bereits Vorbereitungen, um 1.600 weitere Personen und Unternehmen mit Verbindungen zum milit\u00e4risch-industriellen Komplex Russlands mit Strafma\u00dfnahmen zu belegen. M\u00f6glicherweise w\u00fcrden weitere hinzukommen.<\/p>\n<p data-manual=\"paragraph\" data-schema-org-speakable=\"true\" class=\"css-1eosz7k\">EU-Kommissionspr\u00e4sidentin Ursula von der Leyen erkl\u00e4rte am Rande eines Treffens mit Nato-Generalsekret\u00e4r Mark Rutte, w\u00e4re der Angriff von Leipzig erfolgreich gewesen, h\u00e4tte er enorme Sch\u00e4den verursacht und m\u00f6glicherweise sogar Menschenleben gekostet. Dies werde man nicht tolerieren.<\/p>\n<p><img decoding=\"async\" src=\"https:\/\/www.europesays.com\/de\/wp-content\/uploads\/2026\/09\/4fb90a8a-8116-427f-9261-3bb0e1baf2a9.jpg\"   alt=\"EU-Kommissionspr\u00e4sidentin Ursula von der Leyen und Nato-Generalsekret\u00e4r Mark Rutte \u00e4u\u00dfern sich in Br\u00fcssel zum Vorfall mit einer Sprengstoffdrohne auf dem Flughafen Leipzig\/Halle.\" loading=\"lazy\" class=\"css-8atqhb\"\/><\/p>\n<p>EU-Kommissionspr\u00e4sidentin Ursula von der Leyen und Nato-Generalsekret\u00e4r Mark Rutte \u00e4u\u00dfern sich in Br\u00fcssel zum Vorfall mit einer Sprengstoffdrohne auf dem Flughafen Leipzig\/Halle.<\/p>\n<p>Virginia Mayo\/AP\/dpa<\/p>\n<p data-manual=\"paragraph\" data-schema-org-speakable=\"true\" class=\"css-1eosz7k\">Falls die Absicht darin bestanden habe, die EU dazu zu bringen, die Unterst\u00fctzung f\u00fcr die Ukraine zu \u00fcberdenken, k\u00f6nne sie nur sagen, Einsch\u00fcchterung werde nicht funktionieren, sagte von der Leyen.<\/p>\n<p data-manual=\"paragraph\" data-schema-org-speakable=\"true\" class=\"css-1eosz7k\">Nach Erkenntnissen deutscher Ermittler richtete sich der Anschlagsversuch gegen eine ukrainische Frachtmaschine vom Typ Antonow AN-124 Condor. Laut Berichten von \u201eZeit\u201c sowie NDR, WDR und \u201eS\u00fcddeutscher Zeitung\u201c (SZ) haben die Ermittler zwei Tatverd\u00e4chtige im Visier. Die Bundesanwaltschaft wollte sich auf Anfrage nicht dazu \u00e4u\u00dfern.<\/p>\n<p data-manual=\"paragraph\" data-schema-org-speakable=\"true\" class=\"css-1eosz7k\">Die Bundesregierung rechnete den Anschlagsversuch am Dienstag nach wochenlangen intensiven Ermittlungen eindeutig Russland zu und k\u00fcndigte Strafma\u00dfnahmen an.<\/p>\n<p>Vorw\u00fcrfe aus Moskau<\/p>\n<p data-manual=\"paragraph\" data-schema-org-speakable=\"true\" class=\"css-1eosz7k\">Zwischen Berlin und Moskau zeichnet sich seitdem eine deutliche Versch\u00e4rfung der Spannungen ab. Russlands Pr\u00e4sident Wladimir Putin bezeichnete den von Berlin angek\u00fcndigten Ma\u00dfnahmenkatalog gegen sein Land als \u201eschweren Fehler\u201c und sprach von Beweisf\u00e4lschung. Das Au\u00dfenministerium in Moskau k\u00fcndigte Gegenma\u00dfnahmen an.<\/p>\n<p data-manual=\"paragraph\" data-schema-org-speakable=\"true\" class=\"css-1eosz7k\">Der deutsche Au\u00dfenminister Johann Wadephul informierte bei dem EU-Treffen in der Grafschaft Wicklow seine europ\u00e4ischen Kolleginnen und Kollegen \u00fcber die Erkenntnisse zu dem Drohnenvorfall. Scharf wies der CDU-Politiker Vorw\u00fcrfe Putins zur\u00fcck, <a href=\"https:\/\/www.sueddeutsche.de\/thema\/Deutschland\" rel=\"nofollow noopener\" target=\"_blank\">Deutschland<\/a> habe im Zusammenhang mit dem Strafkatalog gegen Moskau aus wahltaktischen Gr\u00fcnden Beweise gef\u00e4lscht.\u00a0<\/p>\n<p>Wadephul kontert<\/p>\n<p data-manual=\"paragraph\" data-schema-org-speakable=\"true\" class=\"css-1eosz7k\">\u201eDas Gegenteil ist richtig\u201c, sagte Wadephul vor Journalisten. \u201eWenn man wahltaktisch gedacht h\u00e4tte, h\u00e4tte man das vielleicht vermieden, weil es nat\u00fcrlich gerade in den Wahlk\u00e4mpfen in Ostdeutschland zu vielen Diskussionen f\u00fchrt.\u201c Im Kreis der EU-Kolleginnen und -Kollegen habe er sehr viel Unterst\u00fctzung f\u00fcr die Ma\u00dfnahmen erfahren. Wie in Deutschland w\u00fcrden auch in zahlreichen anderen L\u00e4ndern die russischen Botschafter einbestellt. Unter anderem haben Frankreich, die Niederlande und Finnland russische Vertreter in ihren L\u00e4ndern einbestellt.<\/p>\n<p data-manual=\"paragraph\" data-schema-org-speakable=\"true\" class=\"css-1eosz7k\">Die Bundesregierung hatte am Dienstag ein ganzes B\u00fcndel von Vergeltungsma\u00dfnahmen gegen Russland angek\u00fcndigt. Dazu z\u00e4hlen die Schlie\u00dfung des Russischen Hauses in Berlin &#8211; das Kulturinstitut steht im Verdacht, als Tarnung f\u00fcr Spionagezwecke zu dienen &#8211; und des Generalkonsulats in Bonn sowie die damit verbundene Ausweisung zahlreicher Diplomaten. Zudem soll es versch\u00e4rfte Einreisekontrollen f\u00fcr Russen sowie ein h\u00e4rteres Vorgehen gegen die russische Schattenflotte geben.\u00a0<\/p>\n<p>Paris will Kampf gegen Schattenflotte ausweiten<\/p>\n<p data-manual=\"paragraph\" data-schema-org-speakable=\"true\" class=\"css-1eosz7k\">Bei dem Treffen in Irland sagte Frankreichs Au\u00dfenminister Jean-No\u00ebl Barrot, wie auch bei fr\u00fcheren Ereignissen werde man nicht wegschauen und Konsequenzen aus solchen Taten ziehen. Man werde selbst Sanktionen gegen eine Reihe von Schiffen der Schattenflotte vorschlagen und auch von Deutschland vorgelegte Sanktionsvorschl\u00e4ge unterst\u00fctzen.<\/p>\n<p><img decoding=\"async\" src=\"https:\/\/www.europesays.com\/de\/wp-content\/uploads\/2026\/09\/859c1e8b-4bc8-4881-9e1d-c6000fd1f19d.jpg\"   alt=\"Die finnische Au\u00dfenministerin Elina Valtonen fordert am Rande des EU-Au\u00dfenministertreffens in Irland, den Druck auf Moskau zu erh\u00f6hen.\" loading=\"lazy\" class=\"css-8atqhb\"\/><\/p>\n<p>Die finnische Au\u00dfenministerin Elina Valtonen fordert am Rande des EU-Au\u00dfenministertreffens in Irland, den Druck auf Moskau zu erh\u00f6hen.<\/p>\n<p>Michael Brandt\/dpa<\/p>\n<p data-manual=\"paragraph\" data-schema-org-speakable=\"true\" class=\"css-1eosz7k\">Die finnische Au\u00dfenministerin Elina Valtonen sagte, es sei sehr wichtig zu verstehen, dass Russland wirklich vor keinerlei Mitteln zur\u00fcckschrecke, um die westliche Einheit herauszufordern. Es sei jetzt wichtig, den Druck auf Moskau mit Sanktionen erh\u00f6hen und die Unterst\u00fctzung f\u00fcr die Ukraine fortzusetzen.<\/p>\n<p data-manual=\"paragraph\" data-schema-org-speakable=\"true\" class=\"css-1eosz7k\">Die Arbeiten an dem Sanktionspaket hatte Kallas bereits im August angek\u00fcndigt, also bevor Deutschland Russland \u00f6ffentlich f\u00fcr den Drohnenvorfall verantwortlich machte. Das Paket soll auch die russische Kriegsf\u00fchrung gegen die Ukraine weiter erschweren.<\/p>\n<p>Rutte: Registrieren Zunahme feindseliger Aktivit\u00e4ten<\/p>\n<p data-manual=\"paragraph\" data-schema-org-speakable=\"true\" class=\"css-1eosz7k\">Nato-Generalsekret\u00e4r Mark Rutte sagte, Russland handele zunehmend r\u00fccksichtslos, w\u00e4hrend es seinen schrecklichen Krieg gegen die Ukraine fortsetze. Man sehe, wie immer mehr Drohnen und Raketen entlang der Ostflanke in den Nato-Luftraum eindringen und damit die Risiken erh\u00f6hen w\u00fcrden. Zudem registriere man eine Zunahme feindseliger Aktivit\u00e4ten, die direkt auf das B\u00fcndnisterritorium abzielten.<\/p>\n<p data-manual=\"paragraph\" data-schema-org-speakable=\"true\" class=\"css-1eosz7k\">\u201eDie Gefahren, die von Russland ausgehen, sind eindeutig\u201c, sagte er. Man arbeite rund um die Uhr daran sicherzustellen, dass man vorbereitet sei und die Bev\u00f6lkerung sch\u00fctzen k\u00f6nne. Wie von der Leyen warnte er die Regierung in Moskau zudem vor Illusionen: \u201eFalls Russland glaubt, uns durch diese Bedrohungen spalten zu k\u00f6nnen, oder falls es glaubt, uns von der Unterst\u00fctzung der Ukraine abschrecken zu k\u00f6nnen, dann irrt es sich.\u201c<\/p>\n<p data-manual=\"paragraph\" data-schema-org-speakable=\"true\" class=\"css-1eosz7k\">\u00a9 dpa-infocom, dpa:260902-930-621827\/3<\/p>\n","protected":false},"excerpt":{"rendered":"Wicklow\/Br\u00fcssel (dpa) &#8211; Russland muss nach dem Anschlagsversuch mit einer Sprengstoffdrohne auf dem Flughafen Leipzig\/Halle mit einem umfassenden&hellip;\n","protected":false},"author":2,"featured_media":1276104,"comment_status":"","ping_status":"","sticky":false,"template":"","format":"standard","meta":{"footnotes":"","_share_on_mastodon":"0"},"categories":[1832],"tags":[147,3364,29,508,548,663,158,30,14936,984,5300,8221,71,16,307,859,6473,149,263374],"class_list":["post-1276103","post","type-post","status-publish","format-standard","has-post-thumbnail","category-leipzig","tag-ausland","tag-de","tag-deutschland","tag-diplomatie","tag-eu","tag-europa","tag-europaeische-union","tag-germany","tag-innere-sicherheit","tag-international","tag-irland","tag-konflikte","tag-leipzig","tag-politik","tag-russland","tag-sachsen","tag-sicherheitspolitik","tag-sueddeutsche-zeitung","tag-wicklow"],"share_on_mastodon":{"url":"https:\/\/pubeurope.com\/@de\/117202157178906122","error":""},"_links":{"self":[{"href":"https:\/\/www.europesays.com\/de\/wp-json\/wp\/v2\/posts\/1276103","targetHints":{"allow":["GET"]}}],"collection":[{"href":"https:\/\/www.europesays.com\/de\/wp-json\/wp\/v2\/posts"}],"about":[{"href":"https:\/\/www.europesays.com\/de\/wp-json\/wp\/v2\/types\/post"}],"author":[{"embeddable":true,"href":"https:\/\/www.europesays.com\/de\/wp-json\/wp\/v2\/users\/2"}],"replies":[{"embeddable":true,"href":"https:\/\/www.europesays.com\/de\/wp-json\/wp\/v2\/comments?post=1276103"}],"version-history":[{"count":0,"href":"https:\/\/www.europesays.com\/de\/wp-json\/wp\/v2\/posts\/1276103\/revisions"}],"wp:featuredmedia":[{"embeddable":true,"href":"https:\/\/www.europesays.com\/de\/wp-json\/wp\/v2\/media\/1276104"}],"wp:attachment":[{"href":"https:\/\/www.europesays.com\/de\/wp-json\/wp\/v2\/media?parent=1276103"}],"wp:term":[{"taxonomy":"category","embeddable":true,"href":"https:\/\/www.europesays.com\/de\/wp-json\/wp\/v2\/categories?post=1276103"},{"taxonomy":"post_tag","embeddable":true,"href":"https:\/\/www.europesays.com\/de\/wp-json\/wp\/v2\/tags?post=1276103"}],"curies":[{"name":"wp","href":"https:\/\/api.w.org\/{rel}","templated":true}]}}