{"id":1276107,"date":"2026-09-02T15:29:21","date_gmt":"2026-09-02T15:29:21","guid":{"rendered":"https:\/\/www.europesays.com\/de\/1276107\/"},"modified":"2026-09-02T15:29:21","modified_gmt":"2026-09-02T15:29:21","slug":"duesseldorf-naturschutzwaechter-setzt-auf-gespraeche-am-elbsee","status":"publish","type":"post","link":"https:\/\/www.europesays.com\/de\/1276107\/","title":{"rendered":"D\u00fcsseldorf: Naturschutzw\u00e4chter setzt auf Gespr\u00e4che am Elbsee"},"content":{"rendered":"<p class=\"text_ohne_einzug richtext text-em-55 !leading-serif mx-6 desktop:mx-0\"> An einem Dienstagnachmittag blickt Thomas Schmidt auf den grauen, vor ihm liegenden Elbsee. Der Himmel ist an diesem Tag wolkenverhangen. Es nieselt und am Gew\u00e4sser ist wenig los. Nur einige Kinder ziehen am Wassersportzentrum langsam ihre Boote an Land. Bei gutem Wetter ist die Stimmung an diesem Ort eine komplett andere. \u201eEs ist gleicherma\u00dfen erschreckend und beeindruckend, was sich dann hier abspielt\u201c, sagt Schmidt. Er berichtet von Lagerfeuern, M\u00fcll, lauter Musik, abges\u00e4gten \u00c4sten und Baumwurzeln.<\/p>\n","protected":false},"excerpt":{"rendered":"An einem Dienstagnachmittag blickt Thomas Schmidt auf den grauen, vor ihm liegenden Elbsee. Der Himmel ist an diesem&hellip;\n","protected":false},"author":2,"featured_media":1276108,"comment_status":"","ping_status":"","sticky":false,"template":"","format":"standard","meta":{"footnotes":"","_share_on_mastodon":"0"},"categories":[1831],"tags":[3650,3364,29,3405,30,10014,3651,1209,26611],"class_list":["post-1276107","post","type-post","status-publish","format-standard","has-post-thumbnail","category-duesseldorf","tag-bockholt","tag-de","tag-deutschland","tag-duesseldorf","tag-germany","tag-hassels","tag-marie","tag-nordrhein-westfalen","tag-unterbach"],"share_on_mastodon":{"url":"https:\/\/pubeurope.com\/@de\/117202161660508060","error":""},"_links":{"self":[{"href":"https:\/\/www.europesays.com\/de\/wp-json\/wp\/v2\/posts\/1276107","targetHints":{"allow":["GET"]}}],"collection":[{"href":"https:\/\/www.europesays.com\/de\/wp-json\/wp\/v2\/posts"}],"about":[{"href":"https:\/\/www.europesays.com\/de\/wp-json\/wp\/v2\/types\/post"}],"author":[{"embeddable":true,"href":"https:\/\/www.europesays.com\/de\/wp-json\/wp\/v2\/users\/2"}],"replies":[{"embeddable":true,"href":"https:\/\/www.europesays.com\/de\/wp-json\/wp\/v2\/comments?post=1276107"}],"version-history":[{"count":0,"href":"https:\/\/www.europesays.com\/de\/wp-json\/wp\/v2\/posts\/1276107\/revisions"}],"wp:featuredmedia":[{"embeddable":true,"href":"https:\/\/www.europesays.com\/de\/wp-json\/wp\/v2\/media\/1276108"}],"wp:attachment":[{"href":"https:\/\/www.europesays.com\/de\/wp-json\/wp\/v2\/media?parent=1276107"}],"wp:term":[{"taxonomy":"category","embeddable":true,"href":"https:\/\/www.europesays.com\/de\/wp-json\/wp\/v2\/categories?post=1276107"},{"taxonomy":"post_tag","embeddable":true,"href":"https:\/\/www.europesays.com\/de\/wp-json\/wp\/v2\/tags?post=1276107"}],"curies":[{"name":"wp","href":"https:\/\/api.w.org\/{rel}","templated":true}]}}