{"id":1276109,"date":"2026-09-02T15:30:26","date_gmt":"2026-09-02T15:30:26","guid":{"rendered":"https:\/\/www.europesays.com\/de\/1276109\/"},"modified":"2026-09-02T15:30:26","modified_gmt":"2026-09-02T15:30:26","slug":"mit-messer-attackiert-und-in-brand-gesteckt-frau-stirbt-nach-angriff-von-ehemann-in-stuttgarter-einkaufszentrum-baden-wuerttemberg","status":"publish","type":"post","link":"https:\/\/www.europesays.com\/de\/1276109\/","title":{"rendered":"Mit Messer attackiert und in Brand gesteckt: Frau stirbt nach Angriff von Ehemann in Stuttgarter Einkaufszentrum &#8211; Baden-W\u00fcrttemberg"},"content":{"rendered":"<p>Rund sechs Wochen nach einem Angriff in einem Stuttgarter Einkaufszentrum ist eine Frau ihren schweren Verletzungen erlegen. Die 47-J\u00e4hrige hatte bei dem Angriff durch ihren getrennt lebenden Ehemann Stich- und Brandverletzungen erlitten. Sie starb im Krankenhaus, wie die Polizei mitteilte. Der 54 Jahre alte Tatverd\u00e4chtige wurde wegen eines gerichtlichen Unterbringungsbefehls in eine psychiatrische Einrichtung gebracht.<\/p>\n<p>Der Angriff hatte sich am 23. Juli kurz nach \u00d6ffnung der beliebten Shopping-Mall in der Innenstadt ereignet. Der Ehemann soll die Frau zun\u00e4chst mit einem Messer attackiert und sie anschlie\u00dfend in Brand gesteckt haben. Zeugen l\u00f6schten das Opfer mit einem Feuerl\u00f6scher.<\/p>\n<p>Der mutma\u00dfliche T\u00e4ter war sp\u00e4ter in einer Stadtbahn aufgefallen, weil er Spuren von Blut und eines Kampfes an sich trug.\u00a0Knapp zwei Stunden nach der Tat wurde er in einem Waldgebiet im Stadtteil Sillenbuch festgenommen. Die Staatsanwaltschaft warf dem Deutschen bislang versuchten Mord vor.<\/p>\n<p>Ehemann hatte Frau zuvor bereits verletzt<\/p>\n<p>Seiner Ehefrau h\u00e4tte sich der Mann den Beh\u00f6rden zufolge eigentlich nicht n\u00e4hern d\u00fcrfen. Im Juni sei es zu einem Fall von Partnerschaftsgewalt gekommen, bei dem die Frau leicht verletzt wurde, teilten Polizei und Staatsanwaltschaft mit. Danach habe ein gerichtlich verh\u00e4ngtes Kontakt- und Ann\u00e4herungsverbot bestanden. Der Mann h\u00e4tte sich weder seiner Frau noch ihrer Arbeitsstelle n\u00e4hern d\u00fcrfen, hie\u00df es. Aus der gemeinsamen Wohnung habe er infolge des Kontaktverbots ausziehen m\u00fcssen.<\/p>\n<p>Die Shopping-Mall liegt am Mail\u00e4nder Platz im Europaviertel, wenige Gehminuten vom Hauptbahnhof der Landeshauptstadt von Baden-W\u00fcrttemberg entfernt. In dem rund 43.000 Quadratmeter gro\u00dfen Einkaufszentrum gibt es etwa 200 L\u00e4den, Gastronomie- und Dienstleistungsbetriebe.<\/p>\n<p>\u00a9 dpa-infocom, dpa:260902-930-622767\/2<\/p>\n<p><img decoding=\"async\" src=\"https:\/\/www.europesays.com\/de\/wp-content\/uploads\/2026\/09\/5601425_1_0_detailinline_Der_Angriff_fand_am_Morgen_statt._Archivbild_.jpeg\" alt=\"Polizeieinsatz in Stuttgarter Einkaufszentrum\" title=\"Polizeieinsatz in Stuttgarter Einkaufszentrum\" width=\"960\" height=\"645\" class=\"img-fluid\" loading=\"lazy\"\/>Der Angriff fand am Morgen statt. (Archivbild) Christoph Schmidt\/dpa<\/p>\n","protected":false},"excerpt":{"rendered":"Rund sechs Wochen nach einem Angriff in einem Stuttgarter Einkaufszentrum ist eine Frau ihren schweren Verletzungen erlegen. Die&hellip;\n","protected":false},"author":2,"featured_media":1276110,"comment_status":"","ping_status":"","sticky":false,"template":"","format":"standard","meta":{"footnotes":"","_share_on_mastodon":"0"},"categories":[1830],"tags":[1634,3364,29,30,1584,4338,1441,7490,2408],"class_list":["post-1276109","post","type-post","status-publish","format-standard","has-post-thumbnail","category-stuttgart","tag-baden-wuerttemberg","tag-de","tag-deutschland","tag-germany","tag-kriminalitaet","tag-notfall","tag-stuttgart","tag-vermischtes","tag-zusammenfassung"],"share_on_mastodon":{"url":"https:\/\/pubeurope.com\/@de\/117202167534068966","error":""},"_links":{"self":[{"href":"https:\/\/www.europesays.com\/de\/wp-json\/wp\/v2\/posts\/1276109","targetHints":{"allow":["GET"]}}],"collection":[{"href":"https:\/\/www.europesays.com\/de\/wp-json\/wp\/v2\/posts"}],"about":[{"href":"https:\/\/www.europesays.com\/de\/wp-json\/wp\/v2\/types\/post"}],"author":[{"embeddable":true,"href":"https:\/\/www.europesays.com\/de\/wp-json\/wp\/v2\/users\/2"}],"replies":[{"embeddable":true,"href":"https:\/\/www.europesays.com\/de\/wp-json\/wp\/v2\/comments?post=1276109"}],"version-history":[{"count":0,"href":"https:\/\/www.europesays.com\/de\/wp-json\/wp\/v2\/posts\/1276109\/revisions"}],"wp:featuredmedia":[{"embeddable":true,"href":"https:\/\/www.europesays.com\/de\/wp-json\/wp\/v2\/media\/1276110"}],"wp:attachment":[{"href":"https:\/\/www.europesays.com\/de\/wp-json\/wp\/v2\/media?parent=1276109"}],"wp:term":[{"taxonomy":"category","embeddable":true,"href":"https:\/\/www.europesays.com\/de\/wp-json\/wp\/v2\/categories?post=1276109"},{"taxonomy":"post_tag","embeddable":true,"href":"https:\/\/www.europesays.com\/de\/wp-json\/wp\/v2\/tags?post=1276109"}],"curies":[{"name":"wp","href":"https:\/\/api.w.org\/{rel}","templated":true}]}}