{"id":1276111,"date":"2026-09-02T15:31:14","date_gmt":"2026-09-02T15:31:14","guid":{"rendered":"https:\/\/www.europesays.com\/de\/1276111\/"},"modified":"2026-09-02T15:31:14","modified_gmt":"2026-09-02T15:31:14","slug":"messer-angriff-in-stuttgart-ehemann-soll-frau-angezuendet-haben","status":"publish","type":"post","link":"https:\/\/www.europesays.com\/de\/1276111\/","title":{"rendered":"Messer-Angriff in Stuttgart: Ehemann soll Frau angez\u00fcndet haben"},"content":{"rendered":"<p>Stich- und Brandspuren <\/p>\n<p>Angriff in Einkaufszentrum: Frau stirbt<\/p>\n<p>02.09.2026 &#8211; 16:59 UhrLesedauer: 1 Min.<\/p>\n<p><a href=\"#focus-0\" class=\"transition-colors block text-current relative\" data-sctrack=\"FocusGalleryImage.Reference\"><img fetchpriority=\"high\" data-testid=\"Opener.Image\"   loading=\"eager\" src=\"https:\/\/www.europesays.com\/de\/wp-content\/uploads\/2026\/09\/beamte-der-spurensicherung-stehen-vor-dem-einkaufszentrum-archivbild-eineinhalb-monate-nach-dem-angr.jpeg\" alt=\"Beamte der Spurensicherung stehen bei einem gr\u00f6\u00dferen Polizeieinsatz vor einem Einkaufszentrum in der Innenstadt.\" title=\"Beamte der Spurensicherung stehen bei einem gr\u00f6\u00dferen Polizeieinsatz vor einem Einkaufszentrum in der Innenstadt.\" width=\"800\" height=\"450\" class=\"bg-[url:var(--lqipURL)] bg-cover bg-center flex h-full w-full max-w-full\" style=\"--lqipURL:url('https:\/\/images.t-online.de\/2026\/09\/l1wPjlYR56mK\/0x75:800x450\/fit-in\/150x0\/filters:blur(25)\/beamte-der-spurensicherung-stehen-vor-dem-einkaufszentrum-archivbild-eineinhalb-monate-nach-dem-angriff-ist-die-frau-gestorben.jpg')\" decoding=\"async\"\/><img loading=\"lazy\" src=\"https:\/\/www.t-online.de\/s\/paper\/_next\/static\/media\/zoom-in.f7dae02f.svg\" alt=\"Vergr\u00f6\u00dfern des Bildes\" title=\"Vergr\u00f6\u00dfern des Bildes\" class=\"block h-[calc(var(--height)_\/_16_*_1rem)] w-[calc(var(--width)_\/_16_*_1rem)] max-w-none absolute right-8 bottom-8 rounded-4 bg-snow p-8\" style=\"--width:32;--height:32\" decoding=\"async\"\/><\/a><\/p>\n<p>Beamte der Spurensicherung stehen vor dem Einkaufszentrum (Archivbild): Eineinhalb Monate nach dem Angriff ist die Frau gestorben. (Quelle: Christoph Schmidt\/dpa)<\/p>\n<p><img loading=\"lazy\" src=\"https:\/\/www.t-online.de\/s\/paper\/_next\/static\/media\/audio-volume.6689034c.svg\" alt=\"\" title=\"\" class=\"block h-[calc(var(--height)_\/_16_*_1rem)] w-[calc(var(--width)_\/_16_*_1rem)] max-w-none group-hover:brightness-0 group-hover:invert\" style=\"--width:16;--height:16\" decoding=\"async\"\/>Vorlesen<\/p>\n<p>Aktuelle Zeit:0:00Gesamtdauer:0:00<\/p>\n<p>1x<img loading=\"lazy\" src=\"https:\/\/www.t-online.de\/s\/paper\/_next\/static\/media\/font-sizes.32942e33.svg\" alt=\"\" title=\"\" class=\"block h-[calc(var(--height)_\/_16_*_1rem)] w-[calc(var(--width)_\/_16_*_1rem)] max-w-none group-hover:hidden group-aria-expanded:hidden\" style=\"--width:16;--height:16\" decoding=\"async\"\/><img loading=\"lazy\" src=\"https:\/\/www.t-online.de\/s\/paper\/_next\/static\/media\/font-sizes-dark-mode.e382645c.svg\" alt=\"\" title=\"\" class=\"block h-[calc(var(--height)_\/_16_*_1rem)] w-[calc(var(--width)_\/_16_*_1rem)] max-w-none hidden group-hover:block group-aria-expanded:block\" style=\"--width:16;--height:16\" decoding=\"async\"\/><img loading=\"lazy\" src=\"https:\/\/www.t-online.de\/s\/paper\/_next\/static\/media\/sharing-menu-icon.1eb71368.svg\" alt=\"\" title=\"\" class=\"block h-[calc(var(--height)_\/_16_*_1rem)] w-[calc(var(--width)_\/_16_*_1rem)] max-w-none group-hover:brightness-0 group-hover:invert\" style=\"--width:16;--height:16\" decoding=\"async\"\/>Artikel teilen<\/p>\n<p class=\"font-bold text-18 leading-17 user-text-lg:text-22 user-text-xl:text-24\">Eine Frau wird an ihrem Arbeitsplatz attackiert \u2013 wohl von ihrem Ehemann. Jetzt ist sie ihren Verletzungen erlegen.<\/p>\n<p class=\"text-18 leading-17 user-text-lg:text-22 user-text-xl:text-24\">Etwa sechs Wochen nach einem Messerangriff in einem Stuttgarter Einkaufszentrum ist eine Frau ihren Verletzungen erlegen. Das teilte die Polizei am Mittwoch mit. Die 47-J\u00e4hrige war an ihrem Arbeitsplatz mutma\u00dflich von ihrem getrennt lebenden Ehemann attackiert worden. Sie erlitt Stich- und Brandverletzungen.<\/p>\n<p class=\"text-18 leading-17 user-text-lg:text-22 user-text-xl:text-24\">Der Angriff ereignete sich bereits am 23. Juli. Zun\u00e4chst soll der Ehemann die Frau mit einem Messer angegriffen haben, anschlie\u00dfend habe er sie in Brand gesteckt. Zeugen l\u00f6schten die Frau mit einem Feuerl\u00f6scher.<\/p>\n<p class=\"text-18 leading-17 user-text-lg:text-22 user-text-xl:text-24\">Etwa eine Stunde nach dem Angriff sei der mutma\u00dfliche T\u00e4ter in einer Stadtbahn aufgefallen, hie\u00df es. Er habe deutliche Blutspuren an sich gehabt. Schlie\u00dflich wurde er in einem Waldgebiet im Stadtteil Sillenbuch festgenommen. Der 54 Jahre alte Tatverd\u00e4chtige wurde wegen eines gerichtlichen Unterbringungsbefehls in eine psychiatrische Einrichtung gebracht.<\/p>\n<p>Mann durfte Frau eigentlich nicht n\u00e4hern<\/p>\n<p class=\"text-18 leading-17 user-text-lg:text-22 user-text-xl:text-24\">Laut den Beh\u00f6rden durfte sich der Ehemann seiner Ehefrau eigentlich nicht n\u00e4hern. Wie Polizei und Staatsanwaltschaft mitteilten, war es bereits im Juni zur Paternschaftsgewalt gekommen. Die Frau sei leicht verletzt worden.<\/p>\n<p class=\"text-18 leading-17 user-text-lg:text-22 user-text-xl:text-24\">Die Shopping-Mall liegt am Mail\u00e4nder Platz im Europaviertel, wenige Gehminuten vom Hauptbahnhof der Landeshauptstadt von Baden-W\u00fcrttemberg entfernt. In dem rund 43.000 Quadratmeter gro\u00dfen Einkaufszentrum gibt es etwa 200 L\u00e4den, Gastronomie- und Dienstleistungsbetriebe.<\/p>\n<p class=\"text-18 leading-17 user-text-lg:text-22 user-text-xl:text-24\">Solche F\u00e4lle von Gewalt werden als Femizid bezeichnet. Bei Femiziden werden Frauen oder M\u00e4dchen aufgrund ihres Geschlechts zu Opfern von Gewalt. Meist gehen die Angriffe von ihren Partnern aus.<\/p>\n","protected":false},"excerpt":{"rendered":"Stich- und Brandspuren Angriff in Einkaufszentrum: Frau stirbt 02.09.2026 &#8211; 16:59 UhrLesedauer: 1 Min. Beamte der Spurensicherung stehen&hellip;\n","protected":false},"author":2,"featured_media":1276112,"comment_status":"","ping_status":"","sticky":false,"template":"","format":"standard","meta":{"footnotes":"","_share_on_mastodon":"0"},"categories":[1830],"tags":[1434,2140,1634,233066,3364,29,10541,30,1981,121,13468,1441,6319],"class_list":["post-1276111","post","type-post","status-publish","format-standard","has-post-thumbnail","category-stuttgart","tag-1434","tag-angriff","tag-baden-wuerttemberg","tag-brandspur","tag-de","tag-deutschland","tag-einkaufszentrum","tag-germany","tag-messer","tag-polizei","tag-spurensicherung","tag-stuttgart","tag-verletzung"],"share_on_mastodon":{"url":"https:\/\/pubeurope.com\/@de\/117202173229641077","error":""},"_links":{"self":[{"href":"https:\/\/www.europesays.com\/de\/wp-json\/wp\/v2\/posts\/1276111","targetHints":{"allow":["GET"]}}],"collection":[{"href":"https:\/\/www.europesays.com\/de\/wp-json\/wp\/v2\/posts"}],"about":[{"href":"https:\/\/www.europesays.com\/de\/wp-json\/wp\/v2\/types\/post"}],"author":[{"embeddable":true,"href":"https:\/\/www.europesays.com\/de\/wp-json\/wp\/v2\/users\/2"}],"replies":[{"embeddable":true,"href":"https:\/\/www.europesays.com\/de\/wp-json\/wp\/v2\/comments?post=1276111"}],"version-history":[{"count":0,"href":"https:\/\/www.europesays.com\/de\/wp-json\/wp\/v2\/posts\/1276111\/revisions"}],"wp:featuredmedia":[{"embeddable":true,"href":"https:\/\/www.europesays.com\/de\/wp-json\/wp\/v2\/media\/1276112"}],"wp:attachment":[{"href":"https:\/\/www.europesays.com\/de\/wp-json\/wp\/v2\/media?parent=1276111"}],"wp:term":[{"taxonomy":"category","embeddable":true,"href":"https:\/\/www.europesays.com\/de\/wp-json\/wp\/v2\/categories?post=1276111"},{"taxonomy":"post_tag","embeddable":true,"href":"https:\/\/www.europesays.com\/de\/wp-json\/wp\/v2\/tags?post=1276111"}],"curies":[{"name":"wp","href":"https:\/\/api.w.org\/{rel}","templated":true}]}}