{"id":1276120,"date":"2026-09-02T15:36:12","date_gmt":"2026-09-02T15:36:12","guid":{"rendered":"https:\/\/www.europesays.com\/de\/1276120\/"},"modified":"2026-09-02T15:36:12","modified_gmt":"2026-09-02T15:36:12","slug":"filmgespraech-in-muenchen-ein-dokumentarfilm-ueber-seenotrettung-im-mittelmeer-muenchen","status":"publish","type":"post","link":"https:\/\/www.europesays.com\/de\/1276120\/","title":{"rendered":"Filmgespr\u00e4ch in M\u00fcnchen: Ein Dokumentarfilm \u00fcber Seenotrettung im Mittelmeer &#8211; M\u00fcnchen"},"content":{"rendered":"<p data-manual=\"paragraph\" data-schema-org-speakable=\"true\" class=\"css-1eosz7k\">Vor zwei Monaten hatte der deutsche Spielfilm <a href=\"https:\/\/www.sueddeutsche.de\/kultur\/23-000-leben-netflix-kritik-iuventa-fluechtlinge-seenotrettung-li.3507654\" rel=\"nofollow noopener\" target=\"_blank\">\u201e23 000 Leben\u201c<\/a> Premiere beim Filmfest <a href=\"https:\/\/www.sueddeutsche.de\/thema\/M%C3%BCnchen\" rel=\"nofollow noopener\" target=\"_blank\">M\u00fcnchen<\/a> \u2013 und kurze Zeit sp\u00e4ter beim Streamingdienst Netflix. Die Reaktionen auf diese auf wahren Begebenheiten basierende Geschichte \u00fcber den ehemaligen Fischkutter Iuventa, mit dem im Mittelmeer Gefl\u00fcchtete und Migranten vor dem Ertrinken gerettet wurden, waren gemischt: Unter anderem wurde kritisiert, dass die Perspektive der Gefl\u00fcchteten zu kurz k\u00e4me.<\/p>\n<p data-manual=\"paragraph\" data-schema-org-speakable=\"true\" class=\"css-1eosz7k\">Diesen Vorwurf kann man dem deutschen <a href=\"https:\/\/www.sueddeutsche.de\/thema\/Dokumentarfilme\" rel=\"nofollow noopener\" target=\"_blank\">Dokumentarfilm<\/a> \u201eWhere The Waves Took Her\u201c nicht machen: Auch hier geht es um das Thema <a href=\"https:\/\/www.sueddeutsche.de\/thema\/Seenotrettung\" rel=\"nofollow noopener\" target=\"_blank\">Seenotrettung<\/a>, die Filmemacherin Jana Stallein zeigt Bilder von der Arbeit der Crew des Schiffs Humanity und kombiniert sie mit Aussagen von gefl\u00fcchteten Personen. Weil immer mehr M\u00fctter und Kinder die lebensgef\u00e4hrliche Reise \u00fcber das Mittelmeer antreten, geh\u00f6rt mittlerweile auch eine Hebamme zur festen Besatzung. Hier ist es eine junge Berlinerin namens Anne-Katrin, die mit an Bord der Humanity geht. Unter anderem zeigt sie anderen Crew-Mitgliedern, wie man ertrunkene Neugeborene wiederbelebt.<\/p>\n<p data-manual=\"paragraph\" data-schema-org-speakable=\"true\" class=\"css-1eosz7k\">Der <a href=\"https:\/\/www.sueddeutsche.de\/thema\/Film\" rel=\"nofollow noopener\" target=\"_blank\">Film<\/a> lief vergangenes Jahr bei den Hofer Filmtagen und war im Mai beim Dok-Fest M\u00fcnchen zu sehen, jetzt startet er auch regul\u00e4r in einigen ausgew\u00e4hlten Kinos. In <a href=\"https:\/\/www.sueddeutsche.de\/muenchen\" rel=\"nofollow noopener\" target=\"_blank\">M\u00fcnchen<\/a> ist er im Werkstattkino zu sehen, die erste Vorstellung am Freitag, 4. September, findet mit Teammitgliedern statt. \u201eWhere The Waves Took Her\u201c interessiert sich aber nicht nur f\u00fcr die Momente der Rettung, sondern auch f\u00fcr das Verh\u00e4ltnis von Rettenden und Gefl\u00fcchteten sowie f\u00fcr deren weiteren Weg. Dieser bleibt auch nach dem Verlassen des Schiffs wackelig und unsicher.<\/p>\n<p data-manual=\"paragraph\" data-schema-org-speakable=\"true\" class=\"css-1eosz7k\"><strong>Where The Waves Took Her, D 2025, Regie: Jana Stallein, Filmgespr\u00e4ch am Freitag, 4. September, 17 Uhr; weitere Vorstellungen am 5., 7., 8. September, jeweils um 20 Uhr, Werkstattkino, Fraunhoferstra\u00dfe 9<\/strong><\/p>\n","protected":false},"excerpt":{"rendered":"Vor zwei Monaten hatte der deutsche Spielfilm \u201e23 000 Leben\u201c Premiere beim Filmfest M\u00fcnchen \u2013 und kurze Zeit&hellip;\n","protected":false},"author":2,"featured_media":1276121,"comment_status":"","ping_status":"","sticky":false,"template":"","format":"standard","meta":{"footnotes":"","_share_on_mastodon":"0"},"categories":[1827],"tags":[772,29,1903,4238,8058,30,14830,2392,1268,16186,149],"class_list":["post-1276120","post","type-post","status-publish","format-standard","has-post-thumbnail","category-muenchen","tag-bayern","tag-deutschland","tag-dokumentarfilm","tag-dokumentarfilme","tag-flucht-und-migration","tag-germany","tag-kino-in-muenchen","tag-kultur-in-muenchen","tag-muenchen","tag-seenotrettung","tag-sueddeutsche-zeitung"],"share_on_mastodon":{"url":"https:\/\/pubeurope.com\/@de\/117202189590764846","error":""},"_links":{"self":[{"href":"https:\/\/www.europesays.com\/de\/wp-json\/wp\/v2\/posts\/1276120","targetHints":{"allow":["GET"]}}],"collection":[{"href":"https:\/\/www.europesays.com\/de\/wp-json\/wp\/v2\/posts"}],"about":[{"href":"https:\/\/www.europesays.com\/de\/wp-json\/wp\/v2\/types\/post"}],"author":[{"embeddable":true,"href":"https:\/\/www.europesays.com\/de\/wp-json\/wp\/v2\/users\/2"}],"replies":[{"embeddable":true,"href":"https:\/\/www.europesays.com\/de\/wp-json\/wp\/v2\/comments?post=1276120"}],"version-history":[{"count":0,"href":"https:\/\/www.europesays.com\/de\/wp-json\/wp\/v2\/posts\/1276120\/revisions"}],"wp:featuredmedia":[{"embeddable":true,"href":"https:\/\/www.europesays.com\/de\/wp-json\/wp\/v2\/media\/1276121"}],"wp:attachment":[{"href":"https:\/\/www.europesays.com\/de\/wp-json\/wp\/v2\/media?parent=1276120"}],"wp:term":[{"taxonomy":"category","embeddable":true,"href":"https:\/\/www.europesays.com\/de\/wp-json\/wp\/v2\/categories?post=1276120"},{"taxonomy":"post_tag","embeddable":true,"href":"https:\/\/www.europesays.com\/de\/wp-json\/wp\/v2\/tags?post=1276120"}],"curies":[{"name":"wp","href":"https:\/\/api.w.org\/{rel}","templated":true}]}}