{"id":1276136,"date":"2026-09-02T15:44:20","date_gmt":"2026-09-02T15:44:20","guid":{"rendered":"https:\/\/www.europesays.com\/de\/1276136\/"},"modified":"2026-09-02T15:44:20","modified_gmt":"2026-09-02T15:44:20","slug":"sterndemo-eine-woche-vor-berlin-wahl-breites-buendnis-will-zeichen-gegen-rechts-setzen","status":"publish","type":"post","link":"https:\/\/www.europesays.com\/de\/1276136\/","title":{"rendered":"Sterndemo eine Woche vor Berlin-Wahl: Breites B\u00fcndnis will Zeichen gegen Rechts setzen"},"content":{"rendered":"<p class=\"tspBAkv tspBAkw\">Kurz vor der <a href=\"https:\/\/www.tagesspiegel.de\/berlin\/themen\/berlin-wahl\" target=\"_blank\" rel=\"noopener nofollow\" class=\"link link--external\" data-gtm-class=\"article-text-link\" data-gtm-val=\"external\" aria-describedby=\"message-target-blank\">Wahl zum Berliner Abgeordnetenhaus<\/a> ruft ein breites B\u00fcndnis \u2013 darunter Hand in Hand, Fridays for Future Berlin, Queermany, <a href=\"https:\/\/www.tagesspiegel.de\/berlin\/pflegekrafte-an-der-charite-streiken-fur-entlastungstarifvertrag-16008309.html?icid=in-text-link_16005331\" class=\"link link--internal\" data-gtm-class=\"article-text-link\" data-gtm-val=\"internal\" rel=\"nofollow noopener\" target=\"_blank\">Verdi<\/a>, ADFC, A100 wegbassen und die <a href=\"https:\/\/www.tagesspiegel.de\/berlin\/bezirke\/reinickendorf\/wir-kommen-aus-schweigenden-familien-omas-gegen-rechts-in-reinickendorf-lassen-nicht-locker-15891009.html?icid=in-text-link_16005331\" class=\"link link--internal\" data-gtm-class=\"article-text-link\" data-gtm-val=\"internal\" rel=\"nofollow noopener\" target=\"_blank\">Omas gegen Rechts<\/a> \u2013 zu einer Demonstration am 12. September auf. Unter dem Motto \u201eZeit, dass sich was dreht\u201c wollen sich die Initiativen f\u00fcr Demokratie, gesellschaftlichen Zusammenhalt, eine queerfeministische Wende sowie eine solidarische und klimagerechte Stadt einsetzen. Sie fordern einen Politikwechsel f\u00fcr Berlin.<\/p>\n<p class=\"tspBAkv\">Sieben Demoz\u00fcge mit unterschiedlichen thematischen Schwerpunkten und Routen sollen daf\u00fcr am n\u00e4chsten Samstag durch Berlin ziehen. Die Demonstrationen werden mit einer <strong>gemeinsamen Abschlusskundgebung um 16 Uhr vor dem Roten Rathaus <\/strong>enden.<\/p>\n<p>Die Demoz\u00fcge im \u00dcberblick<\/p>\n<p class=\"tspBAkv\"><strong>Soziale Teilhabe f\u00fcr alle\u00a0\u2013 gegen den Sozialkahlschlag<\/strong><br \/><strong>Wann:<\/strong> 14 bis 16 Uhr<br \/><strong>Wo: <\/strong>Vom Pariser Platz geht es \u00fcber die Schlo\u00dfbr\u00fccke und den Schlo\u00dfplatz, weiter \u00fcber die Liebknechtbr\u00fccke und die Karl-Liebknecht-Stra\u00dfe bis zum Roten Rathaus.<\/p>\n<p class=\"tspBAkv\"><strong>Schutz der Demokratie und Menschenrechte\u00a0\u2013 klare Kante gegen Rechts<\/strong><br \/><strong>Wann:<\/strong> 13 bis 15.30 Uhr <br \/><strong>Wo:<\/strong> Vom Potsdamer Platz geht es \u00fcber den Leipziger Platz, die Leipziger Stra\u00dfe und die Friedrichstra\u00dfe, weiter \u00fcber Unter den Linden und den Schlo\u00dfplatz bis zur Karl-Liebknecht-Stra\u00dfe. Anschlie\u00dfend f\u00fchrt die Route \u00fcber die Spandauer Stra\u00dfe und endet gegen\u00fcber dem Roten Rathaus.<\/p>\n<p class=\"tspBAkv\"><strong>Gl\u00e4nzende Demonstration \u2013 Die Vielen<\/strong><br \/><strong>Wann:<\/strong> 13 bis 17 Uhr<br \/><strong>Wo: <\/strong>Vom Rosa-Luxemburg-Platz geht es \u00fcber die Torstra\u00dfe und Friedrichstra\u00dfe, weiter \u00fcber Unter den Linden bis zum Roten Rathaus.<\/p>\n<p class=\"tspBAkv\"><strong>Queerfem* March\u00a0\u2013 f\u00fcr eine echte queerfeministische politische Wende\u00a0\u2013 in allen Bezirken!<\/strong><br \/><strong>Wann:<\/strong> 12.45 bis 16 Uhr<br \/><strong>Wo: <\/strong>Vom S-Bahnhof Landsberger Allee geht es \u00fcber die Landsberger Allee zum Platz der Vereinten Nationen und weiter \u00fcber die Lichtenberger Stra\u00dfe und den Strausberger Platz zur Michaelbr\u00fccke. Von dort f\u00fchrt die Route \u00fcber die Holzmarktstra\u00dfe, Alexanderstra\u00dfe, Otto-Braun-Stra\u00dfe, den Alexanderplatz und die Rathausstra\u00dfe bis zum Roten Rathaus.<\/p>\n<p class=\"tspBAkv\"><strong>A100 wegbassen\u00a0\u2013 f\u00fcr eine nachhaltige Mobilit\u00e4tswende, den Erhalt (club)kultureller Freir\u00e4ume, soziale Teilhabe und Klimagerechtigkeit f\u00fcr Berlin!<\/strong><br \/><strong>Wann:<\/strong> 13 bis 20 Uhr<br \/><strong>Wo: <\/strong>Vom RAW-Gel\u00e4nde geht es \u00fcber die Simplonstra\u00dfe, Revaler Stra\u00dfe und Warschauer Stra\u00dfe weiter zur M\u00fchlenstra\u00dfe. Anschlie\u00dfend f\u00fchrt die Route \u00fcber den Stralauer Platz, die Holzmarktstra\u00dfe, Alexanderstra\u00dfe und Otto-Braun-Stra\u00dfe zum Alexanderplatz und weiter \u00fcber die Rathausstra\u00dfe bis zum Platz vor dem Roten Rathaus.<\/p>\n<p class=\"tspBAkv\"><strong>Berlin muss klimagerecht! \u2013\u00a0Fridays for Future<\/strong><br \/><strong>Wann:<\/strong> 13.45 bis 16 Uhr<br \/><strong>Wo:<\/strong> Vom Moritzplatz geht es \u00fcber die Heinrich-Heine-Stra\u00dfe und die Michaelbr\u00fccke weiter \u00fcber die Holzmarktstra\u00dfe, Alexanderstra\u00dfe und den Alexanderplatz bis zum Roten Rathaus.<\/p>\n<p class=\"tspBAkv\">Auch die <strong>Omas gegen Rechts<\/strong> werden sich mit einer Kundgebung am breiten B\u00fcndnis beteiligen und sich im Anschluss dem Demozug <strong>\u201eSchutz der Demokratie und Menschenrechte \u2013 Klare Kante gegen Rechts\u201c<\/strong> anschlie\u00dfen.<br \/><strong>Wann:<\/strong> 13.30 bis 15.30 Uhr <br \/><strong>Wo:<\/strong> an der Neuen Wache, Unter den Linden<\/p>\n<p class=\"tspBAkv\">Unter dem Motto \u201eStra\u00dfen f\u00fcr Alle!\u201c veranstalten ADFC Berlin, Changing Cities, Respect Cyclists und Purple Ride f\u00fcnf Fahrraddemonstrationen. Sie starten zu unterschiedlichen Zeiten in Tegel, Pankow, Charlottenburg, Kreuzberg und Zehlendorf, treffen sich um 14 Uhr am Gro\u00dfen Stern und fahren von dort gemeinsam zum Roten Rathaus.<\/p>\n<p class=\"tspBAkv\">Zus\u00e4tzlich setzt sich um 14 Uhr eine weitere Fahrraddemonstration am Frankfurter Tor in Bewegung. Sie f\u00e4hrt direkt zum Schlo\u00dfplatz, in der N\u00e4he des Roten Rathauses.<\/p>\n<p>Die Fahrraddemonstrationen im \u00dcberblick<\/p>\n<p class=\"tspBAkv\"><strong>Fahrraddemo: Stra\u00dfen fair teilen!<\/strong><br \/><strong>Wann:<\/strong> 13 bis 14 Uhr<br \/><strong>Wo: <\/strong>Vom Savignyplatz geht es als Zugbringer zum Gro\u00dfen Stern.<\/p>\n<p class=\"tspBAkv\"><strong>Fahrraddemo: F\u00fcr faire Mobilit\u00e4t!<\/strong><br \/><strong>Wann:<\/strong> 11.30 bis 14 Uhr (Abfahrt 12.15 Uhr)<br \/><strong>Wo: <\/strong>Vom S-Bahnhof Tegel geht es als Zugbringer zum Gro\u00dfen Stern.<\/p>\n<p class=\"tspBAkv\"><strong>Fahrraddemo: Stra\u00dfen f\u00fcr Alle!<\/strong><br \/><strong>Wann:<\/strong> 12.45 bis 14 Uhr<br \/><strong>Wo: <\/strong>Vom Garb\u00e1typlatz geht es als Zugbringer zum Gro\u00dfen Stern.<\/p>\n<p class=\"tspBAkv\"><strong>Fahrraddemo: Purple Ride<\/strong><br \/><strong>Wann: <\/strong>12.30 bis 14 Uhr (Treffpunkt 12.45 Uhr; Abfahrt 13 Uhr)<br \/><strong>Wo: <\/strong>Vom Mariannenplatz geht es als Zugbringer zum Gro\u00dfen Stern.<\/p>\n<p class=\"tspBAkv\"><strong>Fahrraddemo: Stra\u00dfen f\u00fcr Alle!<\/strong><br \/><strong>Wann: <\/strong>12 bis 14 Uhr<br \/><strong>Wo: <\/strong>Vom Sderotplatz geht es als Zugbringer zum Gro\u00dfen Stern.<\/p>\n<p> Teilnehmerzahl, Absperrungen und Sicherheit <\/p>\n<p class=\"tspBAkv\">Aufgrund der Breite des B\u00fcndnisses und bisheriger Erfahrungswerte erwarten die Veranstalter Zehntausende Teilnehmerinnen und Teilnehmer, ungef\u00e4hr 5000 pro Demozug, sagt Veit Hannemann, von Hand in Hand, am Mittwochmorgen bei der Pressekonferenz zur Sterndemo.<\/p>\n<p class=\"tspBAkv\">Genaue Angaben zu den Absperrungen am Demotag wurden auf der Pressekonferenz nicht gemacht. Es werde jedoch gro\u00dffl\u00e4chig abgesperrt, zum Beispiel am Rosa-Luxemburg-Platz, wo die Gl\u00e4nzende Demonstration startet, sowie in der Friedrichstra\u00dfe, durch die einige Demoz\u00fcge ziehen.<\/p>\n<p class=\"tspBAkv\">Aufgrund des <a href=\"https:\/\/www.tagesspiegel.de\/berlin\/der-kam-auf-mich-zu-eine-machete-in-der-hand-anschlagsopfer-erzahlen-wie-der-csd-attentater-in-die-flucht-geschlagen-wurde-15985568.html?icid=in-text-link_16005331\" class=\"link link--internal\" data-gtm-class=\"article-text-link\" data-gtm-val=\"internal\" rel=\"nofollow noopener\" target=\"_blank\">Anschlags auf den Christopher Street Day (CSD) in Berlin<\/a> vor rund sechs Wochen, bei dem eine Frau starb und 31 weitere Menschen teils schwer verletzt wurden, sei die Kommunikation zwischen den Organisatoren der Sterndemo und der Polizei besonders intensiv. \u201eDie Polizei ist hochsensibel\u201c, sagt Hannemann. Ein umfassendes Sicherheitskonzept soll die Demonstration vor m\u00f6glichen Angriffen sch\u00fctzen.<\/p>\n<p> Diese Forderungen stellt das B\u00fcndnis <\/p>\n<p class=\"tspBAkv\">Bei der Pressekonferenz waren neben Hannemann auch Penelope Alva Frank von Queermany f\u00fcr den Queerfem* March, Heinrich Horwitz von Die Vielen und Berlin ist Kultur! und Briti Beneke f\u00fcr Klimagerechtigkeit, Mobilit\u00e4t, Stadtentwicklung und Clubkultur anwesend.<\/p>\n<p class=\"tspBAkv\">Die sieben Demoz\u00fcge setzen unterschiedliche thematische Schwerpunkte und haben entsprechend unterschiedliche, teils \u00fcberschneidende Forderungen. So richtet sich die Gl\u00e4nzende Demo insbesondere gegen <a href=\"https:\/\/www.tagesspiegel.de\/kultur\/kommunikationsdesaster-korruptionsverdacht-kurzungen-berlins-kulturpolitik-liegt-in-trummern--was-jetzt-passieren-muss-15521774.html?icid=in-text-link_16005331\" class=\"link link--internal\" data-gtm-class=\"article-text-link\" data-gtm-val=\"internal\" rel=\"nofollow noopener\" target=\"_blank\">K\u00fcrzungen im Kultursektor<\/a>, setzt sich f\u00fcr Kunstfreiheit und eine multiperspektivische Kulturpolitik ein und fordert den Ausbau und die St\u00e4rkung der kulturellen Infrastruktur.<\/p>\n<p class=\"tspBAkv\">A100 wegbassen ruft zu einer Tanzdemo <a href=\"https:\/\/www.tagesspiegel.de\/berlin\/trotz-einigung-uber-die-nutzung-des-raw-gelandes-clubcommission-sorgt-sich-weiterhin-um-die-zukunft-der-clubs-15935901.html?icid=in-text-link_16005331\" class=\"link link--internal\" data-gtm-class=\"article-text-link\" data-gtm-val=\"internal\" rel=\"nofollow noopener\" target=\"_blank\">auf dem gef\u00e4hrdeten RAW-Gel\u00e4nde<\/a> bis zum Roten Rathaus auf. Die Initiative fordert die Umsetzung der Mobilit\u00e4tswende, mehr Klimaschutz sowie den Schutz von Freir\u00e4umen. Konkret geht es den Veranstaltern um eine bessere Anbindung der Au\u00dfenbezirke, bessere Radwege, mehr Zebrastreifen und Kiezbl\u00f6cke sowie den Stopp des Weiterbaus der A100 und die Verhinderung des 17. Bauabschnitts. Bereits im vergangenen Jahr hatte die Initiative daf\u00fcr demonstriert.<\/p>\n<p><a href=\"https:\/\/www.tagesspiegel.de\/berlin\/wir-setzen-der-a100-irrfahrt-ein-ende-hunderte-protestieren-gegen-den-ausbau-der-berliner-stadtautobahn-14601959.html?icid=single-topic_16005331___\" data-gtm-class=\"article-mzt-link\" class=\"tspB8oe\" rel=\"nofollow noopener\" target=\"_blank\">\u201eWir setzen der A100-Irrfahrt ein Ende\u201c  Hunderte protestieren gegen den Ausbau der Berliner Stadtautobahn <\/a><\/p>\n<p class=\"tspBAkv\">Penelope Alva Fran von Queermany kritisierte auf der Pressekonferenz einen unzureichenden Schutz queerer Menschen durch die Politik und machte in diesem Zusammenhang auf die Zerst\u00f6rung der Regenbogenbank aufmerksam, die zum Gedenken an die Opfer des CSD-Anschlags errichtet worden war: \u201eWir brauchen keine Symbolpolitik, wir brauchen eine L\u00f6sung.\u201c Queerfeministische Politik d\u00fcrfe au\u00dferdem nicht am S-Bahn-Ring enden, sondern m\u00fcsse auch in den Au\u00dfenbezirken mitgedacht werden.<\/p>\n<p><a href=\"https:\/\/www.tagesspiegel.de\/berlin\/dpa-terrorismus-16003786.html?icid=single-topic_16005331___\" data-gtm-class=\"article-mzt-link\" class=\"tspB8oe\" rel=\"nofollow noopener\" target=\"_blank\">Terrorismus Regenbogenbank zum Gedenken an CSD-Anschlag zerst\u00f6rt <\/a><\/p>\n<blockquote class=\"tspB1np\">\n<p>Wir stehen zusammen und setzen gemeinsam ein Zeichen gegen Zukunfts\u00e4ngste, Ohnmachtsgef\u00fchle und Vereinzelung.<\/p>\n<\/blockquote>\n<p class=\"tspB1nq\">Aus einer <strong>Mitteilung <\/strong>zur Sterndemo<\/p>\n<p class=\"tspBAkv\">Was alle Demoz\u00fcge vereint, ist die Forderung nach \u201eVielfalt, Freiheit und Gerechtigkeit\u201c, sagt Beneke. \u201eWir stehen zusammen und setzen gemeinsam ein Zeichen gegen Zukunfts\u00e4ngste, Ohnmachtsgef\u00fchle und Vereinzelung\u201c, hei\u00dft es zudem in einer Mitteilung zur Sterndemo.<\/p>\n<p class=\"tspBAkv\">Damit wolle das B\u00fcndnis kurz nach der Wahl in Sachsen-Anhalt und eine Woche vor den Wahlen in Berlin und Mecklenburg-Vorpommern all jenen Hoffnung geben, die sich im Kampf gegen Rechts und f\u00fcr einen Politikwechsel alleingelassen f\u00fchlen. \u201eMenschen sollen ein Gef\u00fchl daf\u00fcr bekommen, nicht alleine zu stehen\u201c, sagt Hannemann.<\/p>\n<p>Mehr zum Thema<a href=\"https:\/\/www.tagesspiegel.de\/berlin\/demonstration-gegen-hohe-mieten-berliner-polizei-rechnet-mit-bis-zu-20000-teilnehmern-15999804.html?icid=topic-list_16005331___\" data-gtm-class=\"article-mzt-link\" data-hydrate-fingerprint=\"09740a54944caac75fd2c0c63fd5c5df\" data-hydrate-props=\"{&amp;escapedquot;element&amp;escapedquot;:{&amp;escapedquot;type&amp;escapedquot;:&amp;escapedquot;relatedContent&amp;escapedquot;,&amp;escapedquot;fieldMap&amp;escapedquot;:{},&amp;escapedquot;relation&amp;escapedquot;:{&amp;escapedquot;fields&amp;escapedquot;:{&amp;escapedquot;isPaid&amp;escapedquot;:null},&amp;escapedquot;href&amp;escapedquot;:&amp;escapedquot;\/berlin\/demonstration-gegen-hohe-mieten-berliner-polizei-rechnet-mit-bis-zu-20000-teilnehmern-15999804.html&amp;escapedquot;,&amp;escapedquot;teaserTitle&amp;escapedquot;:{&amp;escapedquot;kicker&amp;escapedquot;:&amp;escapedquot;Demonstration gegen hohe Mieten&amp;escapedquot;,&amp;escapedquot;headline&amp;escapedquot;:&amp;escapedquot;Berliner Polizei rechnet mit bis zu 20.000 Teilnehmern&amp;escapedquot;},&amp;escapedquot;id&amp;escapedquot;:&amp;escapedquot;15999804&amp;escapedquot;,&amp;escapedquot;type&amp;escapedquot;:&amp;escapedquot;story&amp;escapedquot;},&amp;escapedquot;isPartOfList&amp;escapedquot;:true,&amp;escapedquot;topicListType&amp;escapedquot;:&amp;escapedquot;topic-list&amp;escapedquot;},&amp;escapedquot;showArrow&amp;escapedquot;:true}\" data-hydrate-slots=\"{&#039;default&#039;:[]}\" class=\"tspB8oe tspB7oc\" rel=\"nofollow noopener\" target=\"_blank\">Demonstration gegen hohe Mieten Berliner Polizei rechnet mit bis zu 20.000 Teilnehmern <\/a><a href=\"https:\/\/www.tagesspiegel.de\/berlin\/demonstration-fur-vielfalt-christopher-street-day-in-zwei-brandenburger-stadten-15994609.html?icid=topic-list_16005331___\" data-gtm-class=\"article-mzt-link\" data-hydrate-fingerprint=\"09740a54944caac75fd2c0c63fd5c5df\" data-hydrate-props=\"{&amp;escapedquot;element&amp;escapedquot;:{&amp;escapedquot;type&amp;escapedquot;:&amp;escapedquot;relatedContent&amp;escapedquot;,&amp;escapedquot;fieldMap&amp;escapedquot;:{},&amp;escapedquot;relation&amp;escapedquot;:{&amp;escapedquot;fields&amp;escapedquot;:{&amp;escapedquot;isPaid&amp;escapedquot;:null},&amp;escapedquot;href&amp;escapedquot;:&amp;escapedquot;\/berlin\/demonstration-fur-vielfalt-christopher-street-day-in-zwei-brandenburger-stadten-15994609.html&amp;escapedquot;,&amp;escapedquot;teaserTitle&amp;escapedquot;:{&amp;escapedquot;kicker&amp;escapedquot;:&amp;escapedquot;Demonstration f\u00fcr Vielfalt&amp;escapedquot;,&amp;escapedquot;headline&amp;escapedquot;:&amp;escapedquot;Christopher Street Day in zwei Brandenburger St\u00e4dten&amp;escapedquot;},&amp;escapedquot;id&amp;escapedquot;:&amp;escapedquot;15994609&amp;escapedquot;,&amp;escapedquot;type&amp;escapedquot;:&amp;escapedquot;story&amp;escapedquot;},&amp;escapedquot;isPartOfList&amp;escapedquot;:true,&amp;escapedquot;topicListType&amp;escapedquot;:&amp;escapedquot;topic-list&amp;escapedquot;},&amp;escapedquot;showArrow&amp;escapedquot;:true}\" data-hydrate-slots=\"{&#039;default&#039;:[]}\" class=\"tspB8oe tspB7oc\" rel=\"nofollow noopener\" target=\"_blank\">Demonstration f\u00fcr Vielfalt Christopher Street Day in zwei Brandenburger St\u00e4dten <\/a><a href=\"https:\/\/www.tagesspiegel.de\/berlin\/queerfeindliche-attacke-in-neukolln-mann-greift-trans-menschen-auf-der-sonnenallee-an-16008659.html?icid=topic-list_16005331___\" data-gtm-class=\"article-mzt-link\" data-hydrate-fingerprint=\"09740a54944caac75fd2c0c63fd5c5df\" data-hydrate-props=\"{&amp;escapedquot;element&amp;escapedquot;:{&amp;escapedquot;type&amp;escapedquot;:&amp;escapedquot;relatedContent&amp;escapedquot;,&amp;escapedquot;fieldMap&amp;escapedquot;:{},&amp;escapedquot;relation&amp;escapedquot;:{&amp;escapedquot;fields&amp;escapedquot;:{&amp;escapedquot;isPaid&amp;escapedquot;:null},&amp;escapedquot;href&amp;escapedquot;:&amp;escapedquot;\/berlin\/queerfeindliche-attacke-in-neukolln-mann-greift-trans-menschen-auf-der-sonnenallee-an-16008659.html&amp;escapedquot;,&amp;escapedquot;teaserTitle&amp;escapedquot;:{&amp;escapedquot;kicker&amp;escapedquot;:&amp;escapedquot;Queerfeindliche Attacke in Neuk\u00f6lln&amp;escapedquot;,&amp;escapedquot;headline&amp;escapedquot;:&amp;escapedquot;Mann greift trans Menschen auf der Sonnenallee an&amp;escapedquot;},&amp;escapedquot;id&amp;escapedquot;:&amp;escapedquot;16008659&amp;escapedquot;,&amp;escapedquot;type&amp;escapedquot;:&amp;escapedquot;story&amp;escapedquot;},&amp;escapedquot;isPartOfList&amp;escapedquot;:true,&amp;escapedquot;topicListType&amp;escapedquot;:&amp;escapedquot;topic-list&amp;escapedquot;},&amp;escapedquot;showArrow&amp;escapedquot;:true}\" data-hydrate-slots=\"{&#039;default&#039;:[]}\" class=\"tspB8oe tspB7oc\" rel=\"nofollow noopener\" target=\"_blank\">Queerfeindliche Attacke in Neuk\u00f6lln Mann greift trans Menschen auf der Sonnenallee an <\/a><\/p>\n<p class=\"tspBAkv\">Die gemeinsame Abschlusskundgebung am Roten Rathaus soll um 17.30 Uhr enden. Anschlie\u00dfend soll dort im Rahmen von A100 wegbassen bis in die Dunkelheit gegen 20 Uhr getanzt werden. Die B\u00fcrgerinitiative Wuhlheide, die sich gegen den Bau der TVO ausspricht, will au\u00dferdem einen sechs Meter langen Kuchen in Form einer Stra\u00dfe schneiden und verteilen.<\/p>\n","protected":false},"excerpt":{"rendered":"Kurz vor der Wahl zum Berliner Abgeordnetenhaus ruft ein breites B\u00fcndnis \u2013 darunter Hand in Hand, Fridays for&hellip;\n","protected":false},"author":2,"featured_media":1276137,"comment_status":"","ping_status":"","sticky":false,"template":"","format":"standard","meta":{"footnotes":"","_share_on_mastodon":"0"},"categories":[1825],"tags":[7380,4249,599,9943,9006,296,258021,241986,146,710,29,1923,94201,11393,14646,30,2651,27529,130,78750,115964],"class_list":["post-1276136","post","type-post","status-publish","format-standard","has-post-thumbnail","category-berlin","tag-adfc","tag-rassismus","tag-a100","tag-abgeordnetenhauswahl","tag-alexanderplatz","tag-berlin","tag-berlin-wahl-2026","tag-christopher-street-day-2026","tag-demokratie","tag-demonstrationen","tag-deutschland","tag-fahrrad-und-verkehr","tag-fahrrad-und-verkehr-in-berlin","tag-feminismus","tag-fridays-for-future","tag-germany","tag-gleichberechtigung","tag-klimaaktivismus","tag-menschenrechte","tag-omas-gegen-rechts","tag-stadtentwicklung-in-potsdam"],"share_on_mastodon":{"url":"https:\/\/pubeurope.com\/@de\/117202220714336894","error":""},"_links":{"self":[{"href":"https:\/\/www.europesays.com\/de\/wp-json\/wp\/v2\/posts\/1276136","targetHints":{"allow":["GET"]}}],"collection":[{"href":"https:\/\/www.europesays.com\/de\/wp-json\/wp\/v2\/posts"}],"about":[{"href":"https:\/\/www.europesays.com\/de\/wp-json\/wp\/v2\/types\/post"}],"author":[{"embeddable":true,"href":"https:\/\/www.europesays.com\/de\/wp-json\/wp\/v2\/users\/2"}],"replies":[{"embeddable":true,"href":"https:\/\/www.europesays.com\/de\/wp-json\/wp\/v2\/comments?post=1276136"}],"version-history":[{"count":0,"href":"https:\/\/www.europesays.com\/de\/wp-json\/wp\/v2\/posts\/1276136\/revisions"}],"wp:featuredmedia":[{"embeddable":true,"href":"https:\/\/www.europesays.com\/de\/wp-json\/wp\/v2\/media\/1276137"}],"wp:attachment":[{"href":"https:\/\/www.europesays.com\/de\/wp-json\/wp\/v2\/media?parent=1276136"}],"wp:term":[{"taxonomy":"category","embeddable":true,"href":"https:\/\/www.europesays.com\/de\/wp-json\/wp\/v2\/categories?post=1276136"},{"taxonomy":"post_tag","embeddable":true,"href":"https:\/\/www.europesays.com\/de\/wp-json\/wp\/v2\/tags?post=1276136"}],"curies":[{"name":"wp","href":"https:\/\/api.w.org\/{rel}","templated":true}]}}