{"id":1276151,"date":"2026-09-02T15:53:13","date_gmt":"2026-09-02T15:53:13","guid":{"rendered":"https:\/\/www.europesays.com\/de\/1276151\/"},"modified":"2026-09-02T15:53:13","modified_gmt":"2026-09-02T15:53:13","slug":"hsv-dieser-profi-geht-in-die-champions-league-sport","status":"publish","type":"post","link":"https:\/\/www.europesays.com\/de\/1276151\/","title":{"rendered":"HSV: Dieser Profi geht in die Champions League | Sport"},"content":{"rendered":"<p>Karriere-Sprung f\u00fcr einen HSV-Profi. Statt Bankplatz in Hamburg steht pl\u00f6tzlich die Champions League im Raum.<br \/>\nWie kam es zu dieser \u00fcberraschenden Wendung, welche Top-Gegner warten in der K\u00f6nigsklasse und warum er sich gegen die Bundesliga entschied. Alle Hintergr\u00fcnde zu seinem m\u00f6glichen Wechsel lesen Sie mit BILDplus \u2013 sichern Sie sich jetzt Ihr Abo.<\/p>\n","protected":false},"excerpt":{"rendered":"Karriere-Sprung f\u00fcr einen HSV-Profi. Statt Bankplatz in Hamburg steht pl\u00f6tzlich die Champions League im Raum. Wie kam es&hellip;\n","protected":false},"author":2,"featured_media":1276152,"comment_status":"","ping_status":"","sticky":false,"template":"","format":"standard","meta":{"footnotes":"","_share_on_mastodon":"0"},"categories":[136],"tags":[468,41691,29,96784,538,30,3150,13336,10166,803,265,542],"class_list":["post-1276151","post","type-post","status-publish","format-standard","has-post-thumbnail","category-sport","tag-champions-league","tag-costa-claus","tag-deutschland","tag-elfadli-daniel","tag-erste-bundesliga","tag-germany","tag-hamburger-sv","tag-linz","tag-polzin-merlin","tag-spielertransfer","tag-sport","tag-sport-leuchtturm-hamburg"],"share_on_mastodon":{"url":"https:\/\/pubeurope.com\/@de\/117202256283943286","error":""},"_links":{"self":[{"href":"https:\/\/www.europesays.com\/de\/wp-json\/wp\/v2\/posts\/1276151","targetHints":{"allow":["GET"]}}],"collection":[{"href":"https:\/\/www.europesays.com\/de\/wp-json\/wp\/v2\/posts"}],"about":[{"href":"https:\/\/www.europesays.com\/de\/wp-json\/wp\/v2\/types\/post"}],"author":[{"embeddable":true,"href":"https:\/\/www.europesays.com\/de\/wp-json\/wp\/v2\/users\/2"}],"replies":[{"embeddable":true,"href":"https:\/\/www.europesays.com\/de\/wp-json\/wp\/v2\/comments?post=1276151"}],"version-history":[{"count":0,"href":"https:\/\/www.europesays.com\/de\/wp-json\/wp\/v2\/posts\/1276151\/revisions"}],"wp:featuredmedia":[{"embeddable":true,"href":"https:\/\/www.europesays.com\/de\/wp-json\/wp\/v2\/media\/1276152"}],"wp:attachment":[{"href":"https:\/\/www.europesays.com\/de\/wp-json\/wp\/v2\/media?parent=1276151"}],"wp:term":[{"taxonomy":"category","embeddable":true,"href":"https:\/\/www.europesays.com\/de\/wp-json\/wp\/v2\/categories?post=1276151"},{"taxonomy":"post_tag","embeddable":true,"href":"https:\/\/www.europesays.com\/de\/wp-json\/wp\/v2\/tags?post=1276151"}],"curies":[{"name":"wp","href":"https:\/\/api.w.org\/{rel}","templated":true}]}}