{"id":1276153,"date":"2026-09-02T15:54:20","date_gmt":"2026-09-02T15:54:20","guid":{"rendered":"https:\/\/www.europesays.com\/de\/1276153\/"},"modified":"2026-09-02T15:54:20","modified_gmt":"2026-09-02T15:54:20","slug":"ralf-schumacher-motzt-ueber-laura-wontorra-sport","status":"publish","type":"post","link":"https:\/\/www.europesays.com\/de\/1276153\/","title":{"rendered":"Ralf Schumacher motzt \u00fcber Laura Wontorra | Sport"},"content":{"rendered":"<p><a class=\"skip-content skip-content--link\" href=\"#in-content-skip-link-target-v-0-0\">TTS-Player \u00fcberspringen\u21b5<\/a><a id=\"in-content-skip-link-target-v-0-0\" class=\"skip-content--target-link-hidden skip-content skip-content--target-link\" href=\"#in-content-skip-link-target-v-0-0\">Artikel weiterlesen<\/a><\/p>\n<p><b>Die gute Nachricht zuerst: Ralf Schumacher (51) hat die OP nach seinem Jet-Ski-Unfall gut \u00fcberstanden. Der fr\u00fchere <\/b><a href=\"https:\/\/www.bild.de\/sport\/motorsport\/motorsport\/home-17620118.bild.html\" class=\"text-link\" rel=\"nofollow noopener\" target=\"_blank\"><b>Formel-1-Rennfahrer<\/b><\/a><b> hatte sich am Samstagabend in der RTL-Sendung \u201eJetski Star-WM\u201c von Stefan Raab (59) <\/b><a href=\"https:\/\/www.bild.de\/sport\/mehr-sport\/ralf-schumacher-nach-unfall-bei-raab-montag-op-6a94077bd88567044d84a0ad\" class=\"text-link\" rel=\"nofollow noopener\" target=\"_blank\"><b>an der Schulter verletzt<\/b><\/a><b>. Und sich am Montag unters Messer gelegt.<\/b><\/p>\n<p>Der Sky-Experte zu BILD: \u201eEs war schon die dritte Operation an der Schulter. Dieses Mal wurde ein St\u00fcck Knochen mit drei Ankern eingesetzt. Ich habe Gl\u00fcck, es ist alles beweglich. Ich gehe gerade auf dem Laufband, dabei halte ich den Arm fest. Ich hoffe, es verheilt alles schneller wieder als die sechs bis acht Monate, die vorhergesagt wurden.\u201c Schulter ok \u2013 aber etwas st\u00f6rt Ralf Schumacher immer noch, wenn er an den Abend des Unfalls zur\u00fcckdenkt: das Verhalten von Moderatorin Laura Wontorra (37). <\/p>\n<p>Schon im Sky-Podcast \u201eBackstage Boxengasse\u201c mit Peter Hardenacke (50) hatte er seinem \u00c4rger Luft gemacht: \u201eIch bin dann noch zum Interview gegangen. Das hat echt wehgetan, ich habe gezittert. Aber du kennst mich ja, ich bin nicht so wehleidig. Und dann fiel, ich wei\u00df gar nicht, Wontorra, wie hei\u00dft sie mit Vornamen&#8230;?\u201c<\/p>\n<p>Mehr zum ThemaRalf Schumacher \u00fcber Interview mit Laura Wontorra: \u201e\u00dcbergriffig!\u201c<\/p>\n<p>Hardenacke: \u201eLaura.\u201c Schumacher: \u201eJa, genau. Da fiel ihr nix Besseres ein, als vor dem ganzen Publikum zu sagen: ,Na ja gut, bei Ninja Warrior (auch diese Sendung moderiert Wontorra\/d.Red.) passiert so was \u00f6fter. Die renken sich das dann wieder ein.\u2018 Da war sie einen Schritt n\u00e4her in meinem Tanzbereich, als sie h\u00e4tte sein sollen.\u201c Gegen\u00fcber BILD legt Schumacher nach: \u201eIch habe gezittert vor Schmerzen, es hat super wehgetan. Aber ich wollte die Show nicht sprengen. Sie ist mir echt zu nahe getreten, ich fand das \u00fcbergriffig.\u201c<\/p>\n<p>BILD schaute sich die betreffende Szene noch einmal an \u2013 und fasst das Geschehen zusammen.<\/p>\n<p>Wontorra sagt zu Schumacher und Raab: \u201eAuch wenn es keine sch\u00f6ne Sache ist, sind wir bei RTL so ein bisschen darauf spezialisiert. Wir haben ja eine gro\u00dfe Hindernis- und Kletter-Show mit \u201aNinja Warrior Germany\u2019. Da passiert das schon mal, dass die Athleten am Hindernis h\u00e4ngen, sich die Schulter auskugeln und die Athleten es sich dann selber wieder einrenken k\u00f6nnen. In unserem Fall hat das das Fachpersonal gemacht. Ralf, du stehst hier echt wie eine Bank, gro\u00dfartig.\u201c Dann greift Schumacher ein, erwidert: \u201eDie sind aber auch keine 52 oder 51 Jahre alt. Es war auch noch die kaputte Schulter.\u201c<\/p>\n<p>Wontorra: \u201eDu siehst f\u00fcr mich auch immer noch aus wie 25, was soll ich sagen? Aber ne Ralf, gro\u00dfes Kompliment, wie du hier stehst und das alles gemacht hast.\u201c Schumacher erkl\u00e4rt im Anschluss noch, wie es zu der ungl\u00fccklichen Verletzung kam. Direkt nach dem Interview wurde der Formel-1-Experte ins Krankenhaus gebracht und dort behandelt. Schon beim Gro\u00dfen Preis von Italien in Monza am Sonntag (Start: 15 Uhr) wird er f\u00fcr Sky wieder im Einsatz sein.<\/p>\n<p><a class=\"article-image__anchor\" href=\"https:\/\/bild.de\/rtlplus-onboarding\" target=\"_blank\" rel=\"noopener nofollow\"><img decoding=\"async\" width=\"992\" height=\"186\" alt=\"\" loading=\"lazy\" src=\"https:\/\/www.europesays.com\/de\/wp-content\/uploads\/2026\/09\/dbf8958d806bbd30e4ad8fabca66a202,a3b9daa2.jpeg\"   class=\"dynamic\"\/><\/a><\/p>\n<p>Foto: BILD<\/p>\n<p>++ Holen Sie sich jetzt das exklusive Bundle aus BILDplus und RTL+ Premium und genie\u00dfen Sie erstklassiges Entertainment, spannende Serien, Filme, Live-Sport sowie alle BILDplus-Inhalte in einem Paket. Beide Abos zusammen f\u00fcr nur 9,99 Euro im Monat! ++In den Artikel von Manja von gestern Abend habe ich es bereits eingebaut.<\/p>\n","protected":false},"excerpt":{"rendered":"TTS-Player \u00fcberspringen\u21b5Artikel weiterlesen Die gute Nachricht zuerst: Ralf Schumacher (51) hat die OP nach seinem Jet-Ski-Unfall gut \u00fcberstanden.&hellip;\n","protected":false},"author":2,"featured_media":1276154,"comment_status":"","ping_status":"","sticky":false,"template":"","format":"standard","meta":{"footnotes":"","_share_on_mastodon":"0"},"categories":[155],"tags":[1263,29,214,1572,30,1575,41077,640,73263,4222,1576,215,69850],"class_list":["post-1276153","post","type-post","status-publish","format-standard","has-post-thumbnail","category-unterhaltung","tag-aufmacher-bereich","tag-deutschland","tag-entertainment","tag-formel-1","tag-germany","tag-motorsport","tag-raab-stefan","tag-rtl","tag-schumacher-ralf","tag-sky","tag-super-a-teaser","tag-unterhaltung","tag-wontorra-laura"],"share_on_mastodon":{"url":"https:\/\/pubeurope.com\/@de\/117202262188850047","error":""},"_links":{"self":[{"href":"https:\/\/www.europesays.com\/de\/wp-json\/wp\/v2\/posts\/1276153","targetHints":{"allow":["GET"]}}],"collection":[{"href":"https:\/\/www.europesays.com\/de\/wp-json\/wp\/v2\/posts"}],"about":[{"href":"https:\/\/www.europesays.com\/de\/wp-json\/wp\/v2\/types\/post"}],"author":[{"embeddable":true,"href":"https:\/\/www.europesays.com\/de\/wp-json\/wp\/v2\/users\/2"}],"replies":[{"embeddable":true,"href":"https:\/\/www.europesays.com\/de\/wp-json\/wp\/v2\/comments?post=1276153"}],"version-history":[{"count":0,"href":"https:\/\/www.europesays.com\/de\/wp-json\/wp\/v2\/posts\/1276153\/revisions"}],"wp:featuredmedia":[{"embeddable":true,"href":"https:\/\/www.europesays.com\/de\/wp-json\/wp\/v2\/media\/1276154"}],"wp:attachment":[{"href":"https:\/\/www.europesays.com\/de\/wp-json\/wp\/v2\/media?parent=1276153"}],"wp:term":[{"taxonomy":"category","embeddable":true,"href":"https:\/\/www.europesays.com\/de\/wp-json\/wp\/v2\/categories?post=1276153"},{"taxonomy":"post_tag","embeddable":true,"href":"https:\/\/www.europesays.com\/de\/wp-json\/wp\/v2\/tags?post=1276153"}],"curies":[{"name":"wp","href":"https:\/\/api.w.org\/{rel}","templated":true}]}}