{"id":1276161,"date":"2026-09-02T15:58:19","date_gmt":"2026-09-02T15:58:19","guid":{"rendered":"https:\/\/www.europesays.com\/de\/1276161\/"},"modified":"2026-09-02T15:58:19","modified_gmt":"2026-09-02T15:58:19","slug":"bsw-trio-verlaesst-partei-wagenknecht-revolte-im-thueringer-landtag-politik","status":"publish","type":"post","link":"https:\/\/www.europesays.com\/de\/1276161\/","title":{"rendered":"BSW-Trio verl\u00e4sst Partei: Wagenknecht-Revolte im Th\u00fcringer Landtag | Politik"},"content":{"rendered":"<p><a class=\"skip-content skip-content--link\" href=\"#in-content-skip-link-target-v-0-0\">TTS-Player \u00fcberspringen\u21b5<\/a><a id=\"in-content-skip-link-target-v-0-0\" class=\"skip-content--target-link-hidden skip-content skip-content--target-link\" href=\"#in-content-skip-link-target-v-0-0\">Artikel weiterlesen<\/a><\/p>\n<p>Erfurt \u2013 <b>Polit-Beben in Th\u00fcringen! Das B\u00fcndnis Sahra Wagenknecht (BSW) erlebt in Th\u00fcringen seinen bisher schwersten Bruch. Gleich drei Landtagsabgeordnete verlassen Partei und Fraktion. Die Folge: Die ohnehin angeschlagene Brombeer-Koalition von CDU, BSW und SPD rutscht endg\u00fcltig in die Minderheit und ist so abh\u00e4ngig von der Linkspartei wie nie zuvor.<\/b><\/p>\n<p>Wie die BSW-Fraktion am Mittwoch bekanntgab, treten Stefan Wogawa (58), Dirk Hoffmeister (57) und Roberto Kobelt (40) aus Fraktion und Partei aus. Die Fraktion schrumpft damit von 15 auf nur noch 12 Abgeordnete. Besonders brisant: Die drei wollen ihre Mandate behalten und sogar eine neue Partei gr\u00fcnden. Der Name: \u201eDeine Stimme z\u00e4hlt\u201c.<\/p>\n<p><img decoding=\"async\" width=\"992\" height=\"558\" alt=\"BSW-Gr\u00fcnderin Sahra Wagenknecht (58)\" loading=\"lazy\" src=\"https:\/\/www.europesays.com\/de\/wp-content\/uploads\/2026\/09\/5a541091febf79b89c1f4622529df969,da03be92.jpeg\"   class=\"landscape\"\/><\/p>\n<p class=\"fig__caption__text\">BSW-Gr\u00fcnderin Sahra Wagenknecht (57)<\/p>\n<p>Foto: Heiko Rebsch\/dpa<\/p>\n<p>Hammer-Abrechnung mit Wagenknecht!<\/p>\n<p>Hintergrund des Knalls ist ein seit Monaten schwelender Machtkampf zwischen dem Th\u00fcringer Landesverband um Finanzministerin Katja Wolf und der Bundespartei. Der bisherige Parlamentarische Gesch\u00e4ftsf\u00fchrer Stefan Wogawa erhebt schwere Vorw\u00fcrfe gegen die Parteif\u00fchrung: \u201eDie permanenten destruktiven Eingriffe aus dem Bundesvorstand sind unertr\u00e4glich. Unsere Arbeit wird mit Dreck beworfen und unter Generalverdacht gestellt\u201c, sagte er der WELT (geh\u00f6rt wie BILD zu Axel Springer). Und weiter: \u201e<a href=\"https:\/\/www.bild.de\/politik\/leute\/sahra-wagenknecht\/bsw\/alle-news-und-infos-WvSu3fFwiAuL6ck1rgrT\" class=\"text-link\" rel=\"nofollow noopener\" target=\"_blank\">Sahra Wagenknechts<\/a> Kurs setzt nicht mehr auf konstruktive Politik, sondern darauf, am lautesten und populistischsten zu schreien.\u201c<\/p>\n<p>Ausl\u00f6ser der Eskalation sind vor allem die wiederholten Angriffe der Bundespartei auf die Th\u00fcringer Regierungskoalition. Der BSW-Bundesvorstand hatte zuletzt sogar offen einen Bruch der Brombeer-Koalition gefordert.<\/p>\n<p>Regierung verliert noch mehr Macht<\/p>\n<p>F\u00fcr Ministerpr\u00e4sident Mario Voigt (CDU) sind die Austritte ein schwerer Schlag. Schon bislang verf\u00fcgte die Koalition aus CDU, BSW und <a href=\"https:\/\/www.bild.de\/politik\/inland\/spd\/spd-alle-infos-76661710.bild.html\" class=\"text-link\" rel=\"nofollow noopener\" target=\"_blank\">SPD<\/a> \u00fcber keine eigene Mehrheit im <a href=\"https:\/\/www.bild.de\/regional\/aktuelles\/landesparlamente\/landtag-alle-infos-76681972.bild.html\" class=\"text-link\" rel=\"nofollow noopener\" target=\"_blank\">Landtag<\/a>. Regierungsvorhaben mussten h\u00e4ufig mit Stimmen der Linken abgesichert werden. Jetzt wird aus der bisherigen Patt-Situation eine echte Minderheitsregierung. Theoretisch k\u00f6nnen AfD und Linke die Landesregierung k\u00fcnftig im Parlament gemeinsam \u00fcberstimmen.<\/p>\n<p>Mehr zum Thema<\/p>\n<p>Die drei Abweichler betonen zwar, sie wollten die Regierung nicht st\u00fcrzen. ABER: In den vergangenen Wochen rebellierten bereits drei andere BSW-Abgeordnete. Erst am Montag war Landtagsabgeordneter Matthias Herzog u.a. wegen <a href=\"https:\/\/www.bild.de\/politik\/inland\/sahra-wagenknecht-im-steckbrief-der-werdegang-der-bsw-vorsitzenden-677d467c7e327551e938d908\" class=\"text-link\" rel=\"nofollow noopener\" target=\"_blank\">Wagenknechts<\/a> Flirt mit der AfD aus der Partei ausgetreten. Er bleibt allerdings Mitglied der Fraktion. Zuvor hatten bereits Anke Wirsing und Sven K\u00fcnzel das Ende ihrer Unterst\u00fctzung f\u00fcr Voigt erkl\u00e4rt. Macht insgesamt sechs unsichere BSW-Stimmen. Hei\u00dft f\u00fcrs Parlament: Die Brombeer-Regierung ist k\u00fcnftig nicht mehr nur auf eine, sondern gleich mehrere fremde Stimmen angewiesen. UND: Ohne reihenweise Zustimmung oder Enthaltung der Linkspartei geht nichts mehr.<\/p>\n<p>Showdown am Sonntag<\/p>\n<p>Besonders explosiv: Bereits am kommenden Sonntag wollen die Th\u00fcringer BSW-Mitglieder \u00fcber die Zukunft der Regierungsbeteiligung diskutieren. Nach dem spektakul\u00e4ren Austritt von vier Abgeordneten plus zwei erkl\u00e4rten Voigt-Kritikern innerhalb weniger Tage stellt sich nun die Frage, ob das BSW \u00fcberhaupt noch zusammenzuhalten ist.<\/p>\n<p>Wagenknechts Parteizentrale in Berlin \u00fcbt bereits scharfe Kritik am Abgeordneten-Trio. \u201eOffensichtlich geht es bei den Austritten darum, dem BSW bei der Wahl am kommenden Wochenende in Sachsen-Anhalt maximal zu schaden\u201c, sagt BSW-Generalsekret\u00e4r Oliver Ruhnert. Hintergrund sei, dass das BSW in Sachsen-Anhalt nicht den Th\u00fcringer Weg einer Regierungsbeteiligung gehen werde. Der politische Neubeginn in Magdeburg solle \u201eoffenbar mit allen Mitteln verhindert werden\u201c, so Ruhnert. Ruhnerts Vorwurf: \u201eSchon seit l\u00e4ngerem hatten wir den Eindruck, dass einige Mitglieder der Th\u00fcringer BSW-Fraktion der CDU n\u00e4her stehen als der eigenen Partei.\u201c<\/p>\n<p>AfD-Rechtsau\u00dfen Bj\u00f6rn H\u00f6cke (54) bringt sich f\u00fcr einen m\u00f6glichen Zerfall der Koalition bereits in Stellung. Seine Fraktion hat einen Antrag auf Neuwahl des Parlaments angek\u00fcndigt. \u201eSo kann es nicht weitergehen\u201c, sagte er. \u201eDie Zukunft des Freistaats Th\u00fcringen muss jetzt zur\u00fcckgelegt werden in die Hand des Souver\u00e4ns.\u201cH\u00f6cke machte Ministerpr\u00e4sident Voigt und das BSW verantwortlich f\u00fcr die Situation in Th\u00fcringen. \u201eIch kann das BSW nicht mehr ernst nehmen\u201c, sagte er. H\u00f6ckes Man\u00f6ver d\u00fcrfte jedoch erneut scheitern. Denn: Der Th\u00fcringer Landtag kann laut Landesverfassung nur mit einer Zweidrittelmehrheit aufgel\u00f6st werden. <\/p>\n","protected":false},"excerpt":{"rendered":"TTS-Player \u00fcberspringen\u21b5Artikel weiterlesen Erfurt \u2013 Polit-Beben in Th\u00fcringen! Das B\u00fcndnis Sahra Wagenknecht (BSW) erlebt in Th\u00fcringen seinen bisher&hellip;\n","protected":false},"author":2,"featured_media":1276162,"comment_status":"","ping_status":"","sticky":false,"template":"","format":"standard","meta":{"footnotes":"","_share_on_mastodon":"0"},"categories":[2],"tags":[10208,29,30,13,263375,14,15,5566,16,12,138370,861,10,8,9,11,98140],"class_list":["post-1276161","post","type-post","status-publish","format-standard","has-post-thumbnail","category-deutschland","tag-bsw","tag-deutschland","tag-germany","tag-headlines","tag-landtag-thueringen","tag-nachrichten","tag-news","tag-parteien","tag-politik","tag-schlagzeilen","tag-team-first","tag-thueringen","tag-top-news","tag-top-meldungen","tag-topmeldungen","tag-topnews","tag-wagenknecht-sahra"],"share_on_mastodon":{"url":"https:\/\/pubeurope.com\/@de\/117202278226821511","error":""},"_links":{"self":[{"href":"https:\/\/www.europesays.com\/de\/wp-json\/wp\/v2\/posts\/1276161","targetHints":{"allow":["GET"]}}],"collection":[{"href":"https:\/\/www.europesays.com\/de\/wp-json\/wp\/v2\/posts"}],"about":[{"href":"https:\/\/www.europesays.com\/de\/wp-json\/wp\/v2\/types\/post"}],"author":[{"embeddable":true,"href":"https:\/\/www.europesays.com\/de\/wp-json\/wp\/v2\/users\/2"}],"replies":[{"embeddable":true,"href":"https:\/\/www.europesays.com\/de\/wp-json\/wp\/v2\/comments?post=1276161"}],"version-history":[{"count":0,"href":"https:\/\/www.europesays.com\/de\/wp-json\/wp\/v2\/posts\/1276161\/revisions"}],"wp:featuredmedia":[{"embeddable":true,"href":"https:\/\/www.europesays.com\/de\/wp-json\/wp\/v2\/media\/1276162"}],"wp:attachment":[{"href":"https:\/\/www.europesays.com\/de\/wp-json\/wp\/v2\/media?parent=1276161"}],"wp:term":[{"taxonomy":"category","embeddable":true,"href":"https:\/\/www.europesays.com\/de\/wp-json\/wp\/v2\/categories?post=1276161"},{"taxonomy":"post_tag","embeddable":true,"href":"https:\/\/www.europesays.com\/de\/wp-json\/wp\/v2\/tags?post=1276161"}],"curies":[{"name":"wp","href":"https:\/\/api.w.org\/{rel}","templated":true}]}}