{"id":1276166,"date":"2026-09-02T16:02:30","date_gmt":"2026-09-02T16:02:30","guid":{"rendered":"https:\/\/www.europesays.com\/de\/1276166\/"},"modified":"2026-09-02T16:02:30","modified_gmt":"2026-09-02T16:02:30","slug":"alemannia-aachen-zwei-fans-wegen-mordes-in-muenchen-angeklagt","status":"publish","type":"post","link":"https:\/\/www.europesays.com\/de\/1276166\/","title":{"rendered":"Alemannia Aachen: Zwei Fans wegen Mordes in M\u00fcnchen angeklagt"},"content":{"rendered":"<p>Nach t\u00f6dlicher Attacke <\/p>\n<p>Alemannia-Fans wegen Mordes angeklagt<\/p>\n<p>02.09.2026 &#8211; 16:50 UhrLesedauer: 1 Min.<\/p>\n<p><a href=\"#focus-0\" class=\"transition-colors block text-current relative\" data-sctrack=\"FocusGalleryImage.Reference\"><img fetchpriority=\"high\" data-testid=\"Opener.Image\"   loading=\"eager\" src=\"https:\/\/www.europesays.com\/de\/wp-content\/uploads\/2026\/09\/staatsanwaltschaft-muenchen-archivbild-anklage-gegen-zwei-aachener-fans.jpg\" alt=\"urn:newsml:dpa.com:20090101:260721-935-1494135\" title=\"urn:newsml:dpa.com:20090101:260721-935-1494135\" width=\"2048\" height=\"1152\" class=\"bg-[url:var(--lqipURL)] bg-cover bg-center flex h-full w-full max-w-full\" style=\"--lqipURL:url('https:\/\/images.t-online.de\/2026\/09\/hLeFQkbNjLPd\/0x107:2048x1152\/fit-in\/150x0\/filters:blur(25)\/staatsanwaltschaft-muenchen-archivbild-anklage-gegen-zwei-aachener-fans.jpg')\" decoding=\"async\"\/><img loading=\"lazy\" src=\"https:\/\/aachen.t-online.de\/s\/paper\/_next\/static\/media\/zoom-in.f7dae02f.svg\" alt=\"Vergr\u00f6\u00dfern des Bildes\" title=\"Vergr\u00f6\u00dfern des Bildes\" class=\"block h-[calc(var(--height)_\/_16_*_1rem)] w-[calc(var(--width)_\/_16_*_1rem)] max-w-none absolute right-8 bottom-8 rounded-4 bg-snow p-8\" style=\"--width:32;--height:32\" decoding=\"async\"\/><\/a><\/p>\n<p>Staatsanwaltschaft M\u00fcnchen (Archivbild): Zwei Alemannia-Fans werden wegen Mordes angeklagt. (Quelle: Matthias Balk)<\/p>\n<p><img loading=\"lazy\" src=\"https:\/\/aachen.t-online.de\/s\/paper\/_next\/static\/media\/audio-volume.6689034c.svg\" alt=\"\" title=\"\" class=\"block h-[calc(var(--height)_\/_16_*_1rem)] w-[calc(var(--width)_\/_16_*_1rem)] max-w-none group-hover:brightness-0 group-hover:invert\" style=\"--width:16;--height:16\" decoding=\"async\"\/>Vorlesen<\/p>\n<p>Aktuelle Zeit:0:00Gesamtdauer:0:00<\/p>\n<p>1x<img loading=\"lazy\" src=\"https:\/\/aachen.t-online.de\/s\/paper\/_next\/static\/media\/font-sizes.32942e33.svg\" alt=\"\" title=\"\" class=\"block h-[calc(var(--height)_\/_16_*_1rem)] w-[calc(var(--width)_\/_16_*_1rem)] max-w-none group-hover:hidden group-aria-expanded:hidden\" style=\"--width:16;--height:16\" decoding=\"async\"\/><img loading=\"lazy\" src=\"https:\/\/aachen.t-online.de\/s\/paper\/_next\/static\/media\/font-sizes-dark-mode.e382645c.svg\" alt=\"\" title=\"\" class=\"block h-[calc(var(--height)_\/_16_*_1rem)] w-[calc(var(--width)_\/_16_*_1rem)] max-w-none hidden group-hover:block group-aria-expanded:block\" style=\"--width:16;--height:16\" decoding=\"async\"\/><img loading=\"lazy\" src=\"https:\/\/aachen.t-online.de\/s\/paper\/_next\/static\/media\/sharing-menu-icon.1eb71368.svg\" alt=\"\" title=\"\" class=\"block h-[calc(var(--height)_\/_16_*_1rem)] w-[calc(var(--width)_\/_16_*_1rem)] max-w-none group-hover:brightness-0 group-hover:invert\" style=\"--width:16;--height:16\" decoding=\"async\"\/>Artikel teilen<\/p>\n<p class=\"font-bold text-18 leading-17 user-text-lg:text-22 user-text-xl:text-24\">Nach dem Tod eines 45-j\u00e4hrigen M\u00fcnchners klagt die Staatsanwaltschaft zwei Alemannia-Fans wegen Mordes an. Beide sitzen in Untersuchungshaft.<\/p>\n<p class=\"text-18 leading-17 user-text-lg:text-22 user-text-xl:text-24\">Die Staatsanwaltschaft M\u00fcnchen I hat laut der &#8222;Tageszeitung M\u00fcnchen&#8220; zwei Fans von <a href=\"https:\/\/www.t-online.de\/themen\/alemannia-aachen\/\" class=\"transition-colors cursor-pointer no-underline md:hover:text-magenta md:focus:text-magenta border-b border-solid border-current text-salemsfur md:hover:border-magenta\" data-tracking=\"{&quot;action&quot;:&quot;click&quot;,&quot;category&quot;:&quot;intextLink&quot;,&quot;label&quot;:&quot;https:\/\/www.t-online.de\/themen\/alemannia-aachen\/&quot;}\" data-sctrack=\"BodyAnchor\" rel=\"nofollow noopener\" target=\"_blank\">Alemannia Aachen<\/a> wegen Mordes angeklagt. <a href=\"https:\/\/aachen.t-online.de\/region\/aachen\/id_101138184\/aachen-muenchen-45-jaehriger-tot-alemannia-fan-unter-mordverdacht.html\" class=\"transition-colors cursor-pointer no-underline md:hover:text-magenta md:focus:text-magenta border-b border-solid border-current text-salemsfur md:hover:border-magenta\" data-tracking=\"{&quot;action&quot;:&quot;click&quot;,&quot;category&quot;:&quot;intextLink&quot;,&quot;label&quot;:&quot;\/region\/aachen\/id_101138184\/aachen-muenchen-45-jaehriger-tot-alemannia-fan-unter-mordverdacht.html&quot;}\" data-sctrack=\"BodyAnchor\" rel=\"nofollow noopener\" target=\"_blank\">Die M\u00e4nner sollen in der Nacht zum 31. Januar einen 45-j\u00e4hrigen M\u00fcnchner an der Sonnenstra\u00dfe t\u00f6dlich verletzt haben.<\/a><\/p>\n<p class=\"text-18 leading-17 user-text-lg:text-22 user-text-xl:text-24\">Bei den Angeschuldigten handele es sich um Robin R. (21) und Fabio C. (23). Beiden werde ein gemeinsam begangener Mord vorgeworfen, teilte Staatsanw\u00e4ltin Julian Grotz der Zeitung mit. Es bestehe der Verdacht, dass sie heimt\u00fcckisch und aus niedrigen Beweggr\u00fcnden gehandelt haben.<\/p>\n<ul class=\"text-18 leading-17 block pl-24 *:pb-16 *:before:inline-block *:before:size-8 *:before:bg-magenta *:before:mt-0 *:before:mr-12 *:before:mb-2 *:before:-ml-[20px]\">\n<li><strong class=\"font-bold\">Mann tot:<\/strong> <a href=\"https:\/\/aachen.t-online.de\/region\/aachen\/id_101138990\/alemannia-aachen-spricht-mitgefuehl-aus-nach-gewalttat-in-muenchen.html\" class=\"transition-colors cursor-pointer no-underline md:hover:text-magenta md:focus:text-magenta border-b border-solid border-current text-salemsfur md:hover:border-magenta\" data-tracking=\"{&quot;action&quot;:&quot;click&quot;,&quot;category&quot;:&quot;intextLink&quot;,&quot;label&quot;:&quot;\/region\/aachen\/id_101138990\/alemannia-aachen-spricht-mitgefuehl-aus-nach-gewalttat-in-muenchen.html&quot;}\" data-sctrack=\"BodyAnchor\" rel=\"nofollow noopener\" target=\"_blank\">Alemannia reagiert auf Gewalttat in M\u00fcnchen<\/a><\/li>\n<\/ul>\n<p>Attacke von Alemannia-Fans: Mann stirbt nach Schl\u00e4gen und Tritten<\/p>\n<p class=\"text-18 leading-17 user-text-lg:text-22 user-text-xl:text-24\">Die beiden M\u00e4nner sitzen derzeit in Untersuchungshaft. Sie sollen den 45-J\u00e4hrigen gegen 2 Uhr nach einem Besuch im Irish-Pub Kennedy\u2019s am Sendlinger Tor angegriffen haben. Das Opfer und die beiden Angeschuldigten kannten sich nicht.<\/p>\n<p class=\"text-18 leading-17 user-text-lg:text-22 user-text-xl:text-24\">Die Aachener hatten den Abend vor dem Spiel ihrer Mannschaft gegen den TSV 1860 M\u00fcnchen in dem Pub verbracht. Robin R. soll den M\u00fcnchner anschlie\u00dfend auf der Sonnenstra\u00dfe geschlagen haben. Als der Mann am Boden lag, soll Fabio C. gegen dessen Kopf getreten haben. Der 45-J\u00e4hrige kam ins Krankenhaus und starb dort einige Tage sp\u00e4ter an seinen Verletzungen.<\/p>\n<p class=\"text-18 leading-17 user-text-lg:text-22 user-text-xl:text-24\">Gegen Robin R. bestand nach Angaben der Polizei ein deutschlandweites Stadionverbot. Trotzdem wurde der 21-j\u00e4hrige Kampfsportler sp\u00e4ter in Giesing gesehen. Die Tat ereignete sich am Vortag des Spiels von Alemannia Aachen beim TSV 1860 M\u00fcnchen.<\/p>\n","protected":false},"excerpt":{"rendered":"Nach t\u00f6dlicher Attacke Alemannia-Fans wegen Mordes angeklagt 02.09.2026 &#8211; 16:50 UhrLesedauer: 1 Min. Staatsanwaltschaft M\u00fcnchen (Archivbild): Zwei Alemannia-Fans&hellip;\n","protected":false},"author":2,"featured_media":1276167,"comment_status":"","ping_status":"","sticky":false,"template":"","format":"standard","meta":{"footnotes":"","_share_on_mastodon":"0"},"categories":[1853],"tags":[722,72885,1424,999,3110,3364,29,548,663,3934,263377,30,13,263378,2183,1268,14,15,1209,263376,12,1997,36949,8811,4853],"class_list":["post-1276166","post","type-post","status-publish","format-standard","has-post-thumbnail","category-aachen","tag-722","tag-72885","tag-aachen","tag-alemannia-aachen","tag-attacke","tag-de","tag-deutschland","tag-eu","tag-europa","tag-europe","tag-fabio-c","tag-germany","tag-headlines","tag-julian-grotz","tag-mord","tag-muenchen","tag-nachrichten","tag-news","tag-nordrhein-westfalen","tag-robin-r","tag-schlagzeilen","tag-staatsanwaltschaft","tag-staatsanwaltschaft-muenchen","tag-tsv-1860-muenchen","tag-untersuchungshaft"],"share_on_mastodon":{"url":"https:\/\/pubeurope.com\/@de\/117202295025232588","error":""},"_links":{"self":[{"href":"https:\/\/www.europesays.com\/de\/wp-json\/wp\/v2\/posts\/1276166","targetHints":{"allow":["GET"]}}],"collection":[{"href":"https:\/\/www.europesays.com\/de\/wp-json\/wp\/v2\/posts"}],"about":[{"href":"https:\/\/www.europesays.com\/de\/wp-json\/wp\/v2\/types\/post"}],"author":[{"embeddable":true,"href":"https:\/\/www.europesays.com\/de\/wp-json\/wp\/v2\/users\/2"}],"replies":[{"embeddable":true,"href":"https:\/\/www.europesays.com\/de\/wp-json\/wp\/v2\/comments?post=1276166"}],"version-history":[{"count":0,"href":"https:\/\/www.europesays.com\/de\/wp-json\/wp\/v2\/posts\/1276166\/revisions"}],"wp:featuredmedia":[{"embeddable":true,"href":"https:\/\/www.europesays.com\/de\/wp-json\/wp\/v2\/media\/1276167"}],"wp:attachment":[{"href":"https:\/\/www.europesays.com\/de\/wp-json\/wp\/v2\/media?parent=1276166"}],"wp:term":[{"taxonomy":"category","embeddable":true,"href":"https:\/\/www.europesays.com\/de\/wp-json\/wp\/v2\/categories?post=1276166"},{"taxonomy":"post_tag","embeddable":true,"href":"https:\/\/www.europesays.com\/de\/wp-json\/wp\/v2\/tags?post=1276166"}],"curies":[{"name":"wp","href":"https:\/\/api.w.org\/{rel}","templated":true}]}}