{"id":1276174,"date":"2026-09-02T16:07:19","date_gmt":"2026-09-02T16:07:19","guid":{"rendered":"https:\/\/www.europesays.com\/de\/1276174\/"},"modified":"2026-09-02T16:07:19","modified_gmt":"2026-09-02T16:07:19","slug":"moenchengladbach-motorradfahrer-verletzt-zeugen-gesucht","status":"publish","type":"post","link":"https:\/\/www.europesays.com\/de\/1276174\/","title":{"rendered":"M\u00f6nchengladbach: Motorradfahrer verletzt &#8211; Zeugen gesucht"},"content":{"rendered":"<p class=\"text_ohne_einzug richtext text-em-55 !leading-serif mx-6 desktop:mx-0\"> (RP) Am Dienstag, 1. September, ist ein Motorradfahrer bei einem Verkehrsunfall an der Odenkirchener Stra\u00dfe leicht verletzt worden. Wie die Polizei M\u00f6nchengladbach mitteilt, sind die Beamten von Passanten gegen 16.10 Uhr zum Unfallort in H\u00f6he einer Tankstelle gerufen worden. Dort trafen sie nur den Gesch\u00e4digten an, der mit einem Rettungswagen in ein Krankenhaus gebracht wurde. Der zweite Unfallbeteiligte befindet sich nach aktuellem Stand auf der Flucht. Die Polizei sucht nach Zeugen, die den Vorfall beobachtet haben.<\/p>\n<p class=\"richtext text-em-55 !leading-serif mx-6 desktop:mx-0\">Laut Polizeiangaben soll der Motorradfahrer auf der Stra\u00dfe in Richtung Odenkirchen gefahren sein, als ein roter Kleinwagen ihm im Bereich der Kreuzung Odenkirchener Stra\u00dfe\/Egerstra\u00dfe\/Gasstra\u00dfe entgegengekommen sei. Der Fahrer des Wagens wollte vermutlich nach links in die Egerstra\u00dfe abbiegen. Daher musste der Motorradfahrer abbremsen und fiel infolgedessen. Zeugen berichten, gesehen zu haben, wie der zweite Unfallbeteiligte den Ort mit einem roten Kleinwagen verlie\u00df. Die Ermittlungen dauern an. Wer den Unfall beobachtet hat und Angaben zum fl\u00fcchtigen Fahrzeug sowie dessen Fahrer machen kann, soll sich unter der Rufnummer 02161 290 melden.<\/p>\n","protected":false},"excerpt":{"rendered":"(RP) Am Dienstag, 1. September, ist ein Motorradfahrer bei einem Verkehrsunfall an der Odenkirchener Stra\u00dfe leicht verletzt worden.&hellip;\n","protected":false},"author":2,"featured_media":1276175,"comment_status":"","ping_status":"","sticky":false,"template":"","format":"standard","meta":{"footnotes":"","_share_on_mastodon":"0"},"categories":[1849],"tags":[4067,16333,3364,29,548,663,3934,4731,30,13,24542,4455,6389,14,15,1209,12,437,1284,26288,3260,14733,4996,255087,20335],"class_list":["post-1276174","post","type-post","status-publish","format-standard","has-post-thumbnail","category-moenchengladbach","tag-ermittlungen","tag-dauern","tag-de","tag-deutschland","tag-eu","tag-europa","tag-europe","tag-fahrer","tag-germany","tag-headlines","tag-kleinwagen","tag-moenchengladbach","tag-motorradfahrer","tag-nachrichten","tag-news","tag-nordrhein-westfalen","tag-schlagzeilen","tag-sucht","tag-unfall","tag-unfallort","tag-verkehrsunfall","tag-vorfall","tag-zeugen","tag-zweiradfahrer","tag-zweite"],"share_on_mastodon":{"url":"","error":""},"_links":{"self":[{"href":"https:\/\/www.europesays.com\/de\/wp-json\/wp\/v2\/posts\/1276174","targetHints":{"allow":["GET"]}}],"collection":[{"href":"https:\/\/www.europesays.com\/de\/wp-json\/wp\/v2\/posts"}],"about":[{"href":"https:\/\/www.europesays.com\/de\/wp-json\/wp\/v2\/types\/post"}],"author":[{"embeddable":true,"href":"https:\/\/www.europesays.com\/de\/wp-json\/wp\/v2\/users\/2"}],"replies":[{"embeddable":true,"href":"https:\/\/www.europesays.com\/de\/wp-json\/wp\/v2\/comments?post=1276174"}],"version-history":[{"count":0,"href":"https:\/\/www.europesays.com\/de\/wp-json\/wp\/v2\/posts\/1276174\/revisions"}],"wp:featuredmedia":[{"embeddable":true,"href":"https:\/\/www.europesays.com\/de\/wp-json\/wp\/v2\/media\/1276175"}],"wp:attachment":[{"href":"https:\/\/www.europesays.com\/de\/wp-json\/wp\/v2\/media?parent=1276174"}],"wp:term":[{"taxonomy":"category","embeddable":true,"href":"https:\/\/www.europesays.com\/de\/wp-json\/wp\/v2\/categories?post=1276174"},{"taxonomy":"post_tag","embeddable":true,"href":"https:\/\/www.europesays.com\/de\/wp-json\/wp\/v2\/tags?post=1276174"}],"curies":[{"name":"wp","href":"https:\/\/api.w.org\/{rel}","templated":true}]}}