{"id":1276176,"date":"2026-09-02T16:08:14","date_gmt":"2026-09-02T16:08:14","guid":{"rendered":"https:\/\/www.europesays.com\/de\/1276176\/"},"modified":"2026-09-02T16:08:14","modified_gmt":"2026-09-02T16:08:14","slug":"senioren-union-gladbeck-begruesst-kurs-bei-pflege-rente","status":"publish","type":"post","link":"https:\/\/www.europesays.com\/de\/1276176\/","title":{"rendered":"Senioren-Union Gladbeck begr\u00fc\u00dft Kurs bei Pflege-Rente"},"content":{"rendered":"<p><a title=\"Pflegende Angeh\u00f6rige in Gladbeck - Unterst\u00fctzung und Anerkennung\" href=\"https:\/\/neue-gladbecker-zeitung.de\/senioren-union-gladbeck-begruesst-kurs-bei-pflege-rente\/pflegende-angehoerige-in-gladbeck-unterstuetzung-und-anerkennung-ki_ergebnis\/\" rel=\"nofollow noopener\" target=\"_blank\"><img fetchpriority=\"high\" width=\"678\" height=\"381\" src=\"https:\/\/www.europesays.com\/de\/wp-content\/uploads\/2026\/09\/Pflegende-Angehoerige-in-Gladbeck-Unterstuetzung-und-Anerkennung-KI_ergebnis.webp\" class=\"attachment-mh-magazine-content size-mh-magazine-content wp-post-image\" alt=\"\u00c4ltere Frau mit Gehstock wird von einer Angeh\u00f6rigen zu Hause unterst\u00fctzt\" title=\"Pflegende Angeh\u00f6rige in Gladbeck - Unterst\u00fctzung und Anerkennung\" loading=\"eager\" decoding=\"async\"  \/><\/a><br \/>\nPflegende Angeh\u00f6rige \u00fcbernehmen Verantwortung f\u00fcr ihre Familien \u2013 die Senioren-Union Gladbeck fordert mehr Unterst\u00fctzung. Symnolbild: KI<\/p>\n<p><strong>Die Senioren-Union der CDU in Gladbeck begr\u00fc\u00dft die Ank\u00fcndigung von Bundesgesundheitsminister Dr. Carsten Linnemann, die geplante K\u00fcrzung der Rentenanspr\u00fcche pflegender Angeh\u00f6riger zur\u00fcckzunehmen.<\/strong><\/p>\n<p><strong>Gladbeck \u2013 02.09.2026 \u2013\u00a0<\/strong>Pflegende Angeh\u00f6rige sollen nach Linnemanns Pl\u00e4nen bei den Rentenpunkten keine Nachteile haben. Der Bundesgesundheitsminister hatte erkl\u00e4rt, sich daf\u00fcr einzusetzen, dass die bisher vorgesehenen Abstriche entfallen.<\/p>\n<p>&gt;&gt;&gt; <strong>Den NGZ-Newsletter:<\/strong>\u00a0<a href=\"https:\/\/neue-gladbecker-zeitung.de\/newsletter-der-ngz\/\" target=\"_blank\" rel=\"noopener nofollow\" data-category-full-path=\"\/staedte\/gladbeck\/\" data-paid-status=\"free\" data-article-publish-date=\"1595937600\">hier gratis abonnieren<\/a>\u00a0|\u00a0<strong>Folgen Sie uns<\/strong>\u00a0<strong>auch<\/strong>\u00a0auf\u00a0<a href=\"https:\/\/www.facebook.com\/NeueGladbeckerZeitung\/\" target=\"_blank\" rel=\"noopener nofollow\">Facebook<\/a>\u00a0und auf\u00a0<a href=\"https:\/\/www.instagram.com\/neuegladbeckerzeitung\/\" target=\"_blank\" rel=\"noopener nofollow\">Instagram<\/a>\u00a0|<br \/><strong>Hier erhalten Sie alle Nachrichten sofort im<\/strong>\u00a0<a href=\"https:\/\/whatsapp.com\/channel\/0029VaAJZdH8F2pIH21PF72X\" target=\"_blank\" rel=\"noopener nofollow\">WhatsApp-Kanal<\/a> | Unsere: <a href=\"https:\/\/neue-gladbecker-zeitung.de\/blaulicht\/\" target=\"_blank\" rel=\"noopener nofollow\">Polizei- und Feuerwehrartikel<\/a> &lt;&lt;&lt;<\/p>\n<p>Senioren-Union Gladbeck sieht wichtiges Signal<\/p>\n<p>Damit nimmt Linnemann eine zentrale Forderung der Senioren-Union auf. Die urspr\u00fcnglich vorgesehene Absenkung der von der Pflegeversicherung gezahlten Rentenbeitr\u00e4ge auf 70 Prozent h\u00e4tte aus Sicht der Senioren-Union ein falsches Signal gesetzt.<\/p>\n<p>Gerade Menschen, die mit gro\u00dfem pers\u00f6nlichem Einsatz ihre Angeh\u00f6rigen zu Hause pflegen, d\u00fcrften bei ihrer eigenen Alterssicherung nicht schlechter gestellt werden, betont die Senioren-Union.<\/p>\n<p>Auch nach den aktuellen Aussagen Linnemanns ist die geplante \u00c4nderung noch Teil des weiteren politischen Verfahrens. Der Minister erkl\u00e4rte, er wolle erreichen, dass die Rentenpunkte f\u00fcr pflegende Angeh\u00f6rige erhalten bleiben.<\/p>\n<p>Pflege in Gladbeck bleibt Thema<\/p>\n<p>Die Senioren-Union und die <a href=\"https:\/\/cdu-gladbeck.de\/fraktion\/\" target=\"_blank\" rel=\"noopener nofollow\">CDU-Ratsfraktion<\/a> in Gladbeck haben sich in den vergangenen Jahren immer wieder mit verschiedenen Bereichen der professionellen Pflege besch\u00e4ftigt und diese im zust\u00e4ndigen Fachausschuss thematisiert.<\/p>\n<p>Besonders begr\u00fc\u00dft die Senioren-Union, dass an der Ecke Horster Stra\u00dfe und Johannastra\u00dfe eine gro\u00dfe station\u00e4re Pflegeeinrichtung entsteht. Dort sollen auch zahlreiche Kurzzeitpflegepl\u00e4tze angeboten werden.<\/p>\n<p>\u201eDass in dieser Einrichtung eine gro\u00dfe Anzahl von Kurzzeitpflegepl\u00e4tzen \u2013 auch zur Entlastung pflegender Angeh\u00f6riger \u2013 entsteht, ist f\u00fcr unsere Stadt besonders wertvoll\u201c, betont der Vorsitzende der Senioren-Union in Gladbeck, Michael Dahmen.<\/p>\n<p><a href=\"https:\/\/neue-gladbecker-zeitung.de\/aeltere-im-pflegeheim-senioren-union-gladbeck-sorgt-sich\/\" target=\"_blank\" rel=\"noopener nofollow\">\u00c4ltere im Pflegeheim \u2013 Senioren Union Gladbeck sorgt sich<\/a><br \/>\nFamilien \u00fcbernehmen einen gro\u00dfen Teil der Pflege<\/p>\n<p>Nach Ansicht der Senioren-Union bleibt die Familie auch in Gladbeck die gr\u00f6\u00dfte Pflegeeinrichtung. Wer einen Angeh\u00f6rigen pflegt, \u00fcbernimmt eine gro\u00dfe Verantwortung. Diese Aufgabe w\u00fcrde ansonsten vielfach von professionellen Pflegeeinrichtungen \u00fcbernommen.<\/p>\n<p>Pflegende Angeh\u00f6rige leisten damit aus Sicht der Senioren-Union einen wichtigen Beitrag f\u00fcr die Gesellschaft. Linnemann bezeichnete Menschen, die Angeh\u00f6rige zu Hause pflegen, als \u201eAlltagshelden Deutschlands\u201c.<\/p>\n<p>Deshalb sei es richtig, dass der Gesundheitsminister die geplante K\u00fcrzung der Rentenanspr\u00fcche stoppen wolle.<\/p>\n<p>Senioren-Union fordert mehr Unterst\u00fctzung in Gladbeck<\/p>\n<p>Die Senioren-Union will die Debatte allerdings nicht auf die Rentenanspr\u00fcche beschr\u00e4nken. Sie stellt die Frage, wie pflegende Angeh\u00f6rige auch auf kommunaler Ebene st\u00e4rker in den Mittelpunkt ger\u00fcckt werden k\u00f6nnen.<\/p>\n<p>\u201eWir haben das <a href=\"https:\/\/www.gladbeck.de\/Familie_Bildung\/Bildung\/Gladbecker_Buendnis.asp?\" target=\"_blank\" rel=\"noopener nofollow\">Gladbecker B\u00fcndnis f\u00fcr Familie<\/a>, wir sind 2024 mit dem Landespreis als familienfreundliche Kommune ausgezeichnet worden, wir haben eine gute Kultur der Wertsch\u00e4tzung f\u00fcr ehrenamtliche Arbeit. K\u00f6nnen wir dann nicht auch f\u00fcr pflegende Angeh\u00f6rige in Gladbeck noch eine Sch\u00fcppe drauflegen?\u201c, fragt Michael Dahmen.<\/p>\n<p>Dabei gehe es der Senioren-Union nicht in erster Linie um finanzielle Aspekte. Vielmehr soll nach M\u00f6glichkeiten gesucht werden, pflegende Angeh\u00f6rige in Gladbeck st\u00e4rker zu unterst\u00fctzen und ihre Leistung st\u00e4rker anzuerkennen.<\/p>\n<p>Die Senioren-Union sieht in der geplanten Kurskorrektur bei den Rentenanspr\u00fcchen deshalb ein wichtiges Signal. Gleichzeitig m\u00f6chte sie die Unterst\u00fctzung pflegender Angeh\u00f6riger auch in <a href=\"https:\/\/www.gladbeck.de\" target=\"_blank\" rel=\"noopener nofollow\">Gladbeck<\/a> weiter zum politischen Thema machen.<\/p>\n<p><strong>Textvorlage: <a href=\"https:\/\/cdu-gladbeck.de\/senioren-union\/\" target=\"_blank\" rel=\"noopener nofollow\">Senioren Union Gladbeck<\/a><\/strong><\/p>\n<p><a style=\"color: #ff0000;\" href=\"https:\/\/neue-gladbecker-zeitung.de\" rel=\"nofollow noopener\" target=\"_blank\">Zur Startseite<\/a><\/p>\n<p>\t<script async src=\"\/\/www.instagram.com\/embed.js\"><\/script><\/p>\n","protected":false},"excerpt":{"rendered":"Pflegende Angeh\u00f6rige \u00fcbernehmen Verantwortung f\u00fcr ihre Familien \u2013 die Senioren-Union Gladbeck fordert mehr Unterst\u00fctzung. Symnolbild: KI Die Senioren-Union&hellip;\n","protected":false},"author":2,"featured_media":1276177,"comment_status":"","ping_status":"","sticky":false,"template":"","format":"standard","meta":{"footnotes":"","_share_on_mastodon":"0"},"categories":[1848],"tags":[31,3364,29,548,663,3934,3658,30,17275,13,70286,263379,14,15,1209,9221,229923,379,154465,12,199810],"class_list":["post-1276176","post","type-post","status-publish","format-standard","has-post-thumbnail","category-gelsenkirchen","tag-cdu","tag-de","tag-deutschland","tag-eu","tag-europa","tag-europe","tag-gelsenkirchen","tag-germany","tag-gladbeck","tag-headlines","tag-kurzzeitpflege","tag-michael-dahmen","tag-nachrichten","tag-news","tag-nordrhein-westfalen","tag-pflege","tag-pflegende-angehoerige","tag-rente","tag-rentenansprueche","tag-schlagzeilen","tag-senioren-union"],"share_on_mastodon":{"url":"https:\/\/pubeurope.com\/@de\/117202316945351280","error":""},"_links":{"self":[{"href":"https:\/\/www.europesays.com\/de\/wp-json\/wp\/v2\/posts\/1276176","targetHints":{"allow":["GET"]}}],"collection":[{"href":"https:\/\/www.europesays.com\/de\/wp-json\/wp\/v2\/posts"}],"about":[{"href":"https:\/\/www.europesays.com\/de\/wp-json\/wp\/v2\/types\/post"}],"author":[{"embeddable":true,"href":"https:\/\/www.europesays.com\/de\/wp-json\/wp\/v2\/users\/2"}],"replies":[{"embeddable":true,"href":"https:\/\/www.europesays.com\/de\/wp-json\/wp\/v2\/comments?post=1276176"}],"version-history":[{"count":0,"href":"https:\/\/www.europesays.com\/de\/wp-json\/wp\/v2\/posts\/1276176\/revisions"}],"wp:featuredmedia":[{"embeddable":true,"href":"https:\/\/www.europesays.com\/de\/wp-json\/wp\/v2\/media\/1276177"}],"wp:attachment":[{"href":"https:\/\/www.europesays.com\/de\/wp-json\/wp\/v2\/media?parent=1276176"}],"wp:term":[{"taxonomy":"category","embeddable":true,"href":"https:\/\/www.europesays.com\/de\/wp-json\/wp\/v2\/categories?post=1276176"},{"taxonomy":"post_tag","embeddable":true,"href":"https:\/\/www.europesays.com\/de\/wp-json\/wp\/v2\/tags?post=1276176"}],"curies":[{"name":"wp","href":"https:\/\/api.w.org\/{rel}","templated":true}]}}