{"id":1276180,"date":"2026-09-02T16:10:13","date_gmt":"2026-09-02T16:10:13","guid":{"rendered":"https:\/\/www.europesays.com\/de\/1276180\/"},"modified":"2026-09-02T16:10:13","modified_gmt":"2026-09-02T16:10:13","slug":"ein-duo-kam-von-schwaben-augsburg-kann-der-tsv-sielenbach-den-fc-augsburg-herausfordern","status":"publish","type":"post","link":"https:\/\/www.europesays.com\/de\/1276180\/","title":{"rendered":"Ein Duo kam von Schwaben Augsburg: Kann der TSV Sielenbach den FC Augsburg herausfordern?"},"content":{"rendered":"<p class=\"mb-6 text-xs-varying md:text-m lg:text-l font-serif group-[.font-sans]:font-sans \">\n    In Sichtweite zur Wallfahrtskirche Maria Birnbaum hat sich der TSV Sielenbach zu einer Art Pilgerst\u00e4tte f\u00fcr f\u00e4hige Fu\u00dfballerinnen entwickelt. So stehen am Samstag (17 Uhr), wenn das Frauenteam gegen die SG Wattenweiler in seine dritte Spielzeit der Bezirksoberliga startet, zwei hochveranlagte Spielerinnen aus dem letztj\u00e4hrigen Bayernligakader des TSV Schwaben <a href=\"https:\/\/www.augsburger-allgemeine.de\/augsburg\/\" target=\"_self\" class=\"underline \" rel=\"nofollow noopener\">Augsburg<\/a> im Sielenbacher Dress auf dem Rasen an der Gartenstra\u00dfe.\n  <\/p>\n<p class=\"mb-6 text-xs-varying md:text-m lg:text-l font-serif group-[.font-sans]:font-sans \">\n    Und das auf eigene Initiative. \u201eSie haben angefragt, ob sie bei uns spielen k\u00f6nnen\u201c, schildert Christoph Bauer, Trainer des F\u00fcnften der Vorsaison: \u201eAls dann klar war, dass f\u00fcr Schwaben in die Landesliga runtergeht, kamen sie zu uns.\u201c Rebekka Spiess, 25, charakterisiert Bauer als physisch starke zentrale Mittelfeldspielerin. \u201eSie hat aber auch Zug zum Tor.\u201c Die 23-j\u00e4hrige Carina Bauch beschreibt der \u00dcbungsleiter als \u201esuper Innenverteidigerin mit tollem Timing und guter \u00dcbersicht\u201c.\n  <\/p>\n<p>            Pause nach Schwaben Augsburg, jetzt zur\u00fcck in Sielenbach<\/p>\n<p class=\"mb-6 text-xs-varying md:text-m lg:text-l font-serif group-[.font-sans]:font-sans \">\n    Bauer wei\u00df, wovon er spricht. Schlie\u00dflich kennt er das Duo schon aus seiner eigenen Zeit bei den Violetten. Von 2019 bis 2022 coachte er gemeinsam mit Martin Janyga die Bayernliga-Mannschaft der \u201eSchwabenritter\u201c.  Dass die beiden sich f\u00fcr <a href=\"https:\/\/www.augsburger-allgemeine.de\/aichach\/ort\/sielenbach\" target=\"_self\" class=\"underline \" rel=\"nofollow noopener\">Sielenbach<\/a> entschieden, ist gewiss eng mit seinem Namen verbunden. Seit der Winterpause ist er 35-J\u00e4hrige \u2013 gleichzeitig Fu\u00dfballabteilungsleiter des Klubs \u2013 zur\u00fcck auf der Trainerbank. \u201eUnser J\u00fcngste ist \u00e4lter geworden\u201c, sagt der Vater von drei Kindern \u00fcber das Ende seiner fast vierj\u00e4hrigen Auszeit als Trainer: \u201eJetzt war\u2018s wieder an der Zeit.\u201c\n  <\/p>\n<p class=\"mb-6 text-xs-varying md:text-m lg:text-l font-serif group-[.font-sans]:font-sans \">\n    Zun\u00e4chst in einer gemeinsamen \u00dcbergangsphase, gemeinsam mit Spielertrainerin Nina Ruschweweyh betreute er das TSV-Ensemble in der R\u00fcckrunde der vergangenen Spielzeit. Wenngleich der \u201eKontakt eh st\u00e4ndig bestand\u201c, wie der Lehrer am Schrobenhausener Gymnasium lachend anmerkt. Schlie\u00dflich begann seine Laufbahn als Trainer 2014 bei den Sielenbacher Frauen, die damals noch in der Kreisklasse kickten.\n  <\/p>\n<p>            Favorit in der BOL: Absteiger FC Augsburg<\/p>\n<p class=\"mb-6 text-xs-varying md:text-m lg:text-l font-serif group-[.font-sans]:font-sans \">\n    Die Gegnerinnen hie\u00dfen damals Weilheim oder Sandizell, heute fordert der TSV N\u00f6rdlingen, Kaufbeuren oder den <a href=\"https:\/\/augsburger-allgemeine.de\/sport\/fc-augsburg\/\" target=\"_self\" class=\"underline \" rel=\"nofollow noopener\">FC Augsburg<\/a>. Der FCA, 2025 hauchzart Meister vor Aufsteiger Sielenbach, ist prompt aus der Landesliga zur\u00fcckgekehrt und f\u00fcr Bauer Favorit auf den Titel. \u201eSie werden unbedingt wieder hochwollen\u201c, sagt er. An  einen Durchmarsch aber glaubt der Trainer nicht. \u201eDaf\u00fcr ist die Liga zu ausgeglichen.\u201c\n  <\/p>\n<p class=\"mb-6 text-xs-varying md:text-m lg:text-l font-serif group-[.font-sans]:font-sans \">\n    Denn selbst den vier Neulingen \u2013 darunter Landkreis-Rivale Mering \u2013 prognostiziert Bauer eine sorgenfreie Saison. Auch seine eigene Equipe sei nicht auf Wunder angewiesen, wie sie dereinst dem Sielenbacher Birnbaum nachgesagt wurden, in dem ein Hirte ein von den Schweden im Drei\u00dfigj\u00e4hrigen Krieg verschandeltes Vesperbild versteckt hielt. Denn: \u201eWir haben einen sehr viel breiteren Kader und fast ein Luxusproblem mit 18 Spielerinnen, die alle die Klasse haben, von Beginn an zu spielen.\u201c\n  <\/p>\n<p>            \u201e&#8230;, dann sind wir eine sehr, sehr gute Mannschaft\u201c<\/p>\n<p class=\"mb-6 text-xs-varying md:text-m lg:text-l font-serif group-[.font-sans]:font-sans \">\n    Er sei, sagt Bauer, \u201eguter Dinge, dass wir eine sehr spannende Saison erleben\u201c. Und dass der TSV einen Teil dazu beitr\u00e4gt. Seine Zuversicht sch\u00f6pft er auch aus einem 2:0-Sieg in einem Test gegen Landesligist SC Biberbach. \u201eWenn wir konstant hinbekommen, so zu spielen wie in diesem Spiel, dann sind wir eine sehr, sehr gute Mannschaft\u201c, fasst er zusammen. Das Gegenbeispiel haben der Trainer und sein Team gleich zum Auftakt gewisserma\u00dfen vor Augen. Den Auftritt bei der 1:2-Niederlage gegen Wattenweiler in der R\u00fcckserie der Vorsaison h\u00e4tte Bauer wohl am liebsten auch in einem Birnbaum versteckt. \u201eDas war eines unser schlechtesten Spiele\u201c, findet er: \u201eDas wollen wir dieses Mal anders gestalten.\u201c\n  <\/p>\n","protected":false},"excerpt":{"rendered":"In Sichtweite zur Wallfahrtskirche Maria Birnbaum hat sich der TSV Sielenbach zu einer Art Pilgerst\u00e4tte f\u00fcr f\u00e4hige Fu\u00dfballerinnen&hellip;\n","protected":false},"author":2,"featured_media":1276181,"comment_status":"","ping_status":"","sticky":false,"template":"","format":"standard","meta":{"footnotes":"","_share_on_mastodon":"0"},"categories":[1846],"tags":[680,136723,772,263382,263380,3364,29,548,663,3934,483,30,13,24073,245565,14,21755,15,12,157119,263381],"class_list":["post-1276180","post","type-post","status-publish","format-standard","has-post-thumbnail","category-augsburg","tag-augsburg","tag-bayerisch-schwaben","tag-bayern","tag-bezirksoberliga","tag-christoph-bauer","tag-de","tag-deutschland","tag-eu","tag-europa","tag-europe","tag-fc-augsburg","tag-germany","tag-headlines","tag-landesliga","tag-maria-birnbaum","tag-nachrichten","tag-neuzugang","tag-news","tag-schlagzeilen","tag-sielenbach","tag-tsv-sielenbach"],"share_on_mastodon":{"url":"https:\/\/pubeurope.com\/@de\/117202322814161182","error":""},"_links":{"self":[{"href":"https:\/\/www.europesays.com\/de\/wp-json\/wp\/v2\/posts\/1276180","targetHints":{"allow":["GET"]}}],"collection":[{"href":"https:\/\/www.europesays.com\/de\/wp-json\/wp\/v2\/posts"}],"about":[{"href":"https:\/\/www.europesays.com\/de\/wp-json\/wp\/v2\/types\/post"}],"author":[{"embeddable":true,"href":"https:\/\/www.europesays.com\/de\/wp-json\/wp\/v2\/users\/2"}],"replies":[{"embeddable":true,"href":"https:\/\/www.europesays.com\/de\/wp-json\/wp\/v2\/comments?post=1276180"}],"version-history":[{"count":0,"href":"https:\/\/www.europesays.com\/de\/wp-json\/wp\/v2\/posts\/1276180\/revisions"}],"wp:featuredmedia":[{"embeddable":true,"href":"https:\/\/www.europesays.com\/de\/wp-json\/wp\/v2\/media\/1276181"}],"wp:attachment":[{"href":"https:\/\/www.europesays.com\/de\/wp-json\/wp\/v2\/media?parent=1276180"}],"wp:term":[{"taxonomy":"category","embeddable":true,"href":"https:\/\/www.europesays.com\/de\/wp-json\/wp\/v2\/categories?post=1276180"},{"taxonomy":"post_tag","embeddable":true,"href":"https:\/\/www.europesays.com\/de\/wp-json\/wp\/v2\/tags?post=1276180"}],"curies":[{"name":"wp","href":"https:\/\/api.w.org\/{rel}","templated":true}]}}