{"id":1276200,"date":"2026-09-02T16:25:18","date_gmt":"2026-09-02T16:25:18","guid":{"rendered":"https:\/\/www.europesays.com\/de\/1276200\/"},"modified":"2026-09-02T16:25:18","modified_gmt":"2026-09-02T16:25:18","slug":"fw-bo-wohnungsbrand-in-bochum-wattenscheid-zwei-personen-mit-rauchgasvergiftung","status":"publish","type":"post","link":"https:\/\/www.europesays.com\/de\/1276200\/","title":{"rendered":"FW-BO: Wohnungsbrand in Bochum-Wattenscheid: Zwei Personen mit Rauchgasvergiftung"},"content":{"rendered":"<p class=\"date\">02.09.2026 \u2013 17:14<\/p>\n<p class=\"customer\">\n                        <a class=\"story-customer\" title=\"weiter zum newsroom von Feuerwehr Bochum\" href=\"https:\/\/www.presseportal.de\/blaulicht\/nr\/115868\" rel=\"nofollow noopener\" target=\"_blank\">Feuerwehr Bochum<\/a>\n                    <\/p>\n<p><a class=\"glightbox-pseudo event-trigger\" href=\"https:\/\/cache.pressmailing.net\/thumbnail\/story_hires\/45c3db13-424f-4831-8f52-ae7a5e5f02c6\/IMG_0289.jpeg.jpg\" data-description=\"Bild: Feuerwehr Bochum\" data-category=\"medialightbox\" data-action=\"click\" data-label=\"single\" data-value=\"6a983d5e270000fd2cc4dd84\" rel=\"nofollow noopener\" target=\"_blank\"><img decoding=\"async\" height=\"540\" with=\"720\" src=\"https:\/\/www.europesays.com\/de\/wp-content\/uploads\/2026\/09\/fw-bo-wohnungsbrand-in-bochum-wattenscheid-zwei-personen-mit-rauchgasvergiftung.jpeg\"   alt=\"FW-BO: Wohnungsbrand in Bochum-Wattenscheid: Zwei Personen mit Rauchgasvergiftung\" class=\"single\"\/><\/a><\/p>\n<p><a data-category=\"citylink-story-view\" data-action=\"click\" data-label=\"Citylink in Meldungsansicht\" class=\"story-city event-trigger\" href=\"https:\/\/www.presseportal.de\/regional\/Bochum\" title=\"News aus Bochum \" rel=\"nofollow noopener\" target=\"_blank\">Bochum<\/a> (ots)<\/p>\n<p>Die Feuerwehr Bochum wurde am Mittwochnachmittag um 14:38 Uhr zu einem Wohnungsbrand am August-Bebel-Platz in Bochum-Wattenscheid alarmiert. Aus einer Wohnung im zweiten Obergeschoss eines Wohngeb\u00e4udes drang dichter Rauch.<\/p>\n<p>Beim Eintreffen der Einsatzkr\u00e4fte der Feuerwache Wattenscheid hatten Nachbarn den Bewohner der betroffenen Wohnung bereits ins Freie gebracht. Der Bewohner sowie eine weitere Person erlitten leichte Rauchgasvergiftungen. Beide wurden durch den Rettungsdienst medizinisch versorgt und anschlie\u00dfend zur weiteren Behandlung in ein Krankenhaus transportiert.<\/p>\n<p>Ein Trupp unter Atemschutz konnte den Brand in der K\u00fcche der Wohnung lokalisieren und mithilfe eines Strahlrohres z\u00fcgig abl\u00f6schen. Im Anschluss wurden die R\u00e4umlichkeiten mit einem Hochleistungsl\u00fcfter vom Brandrauch befreit.<\/p>\n<p>An dem Einsatz waren rund 30 Einsatzkr\u00e4fte beteiligt. Die Berufsfeuerwehr wurde dabei durch die L\u00f6scheinheit Wattenscheid-Mitte der Freiwilligen Feuerwehr unterst\u00fctzt.<\/p>\n<p>Der Einsatz konnte nach rund 90 Minuten beendet werden.<\/p>\n<p>Die Polizei hat die Ermittlungen zur Brandursache aufgenommen.<\/p>\n<p>Die betroffene Wohnung ist aufgrund der entstandenen Feuer- und Rauchsch\u00e4den derzeit nicht mehr bewohnbar.<\/p>\n<p class=\"contact-headline\">R\u00fcckfragen bitte an:<\/p>\n<p class=\"contact-text\">R\u00fcckfragen bitte an:<\/p>\n<p>Feuerwehr Bochum<br \/>Pressestelle<br \/>E-Mail: <a href=\"https:\/\/www.presseportal.de\/blaulicht\/pm\/115868\/mailto:feuerwehr-pressestelle@bochum.de\" class=\"uri-mailto\" rel=\"nofollow noopener\" target=\"_blank\">feuerwehr-pressestelle@bochum.de<\/a><br \/>Telefon: 0234 9254-978<br \/>Verfasser: Simon Heu\u00dfen<br \/><a target=\"_blank\" class=\"uri-ext outbound\" rel=\"noopener nofollow\" href=\"https:\/\/www.bochum.de\/Feuerwehr\">https:\/\/www.bochum.de\/Feuerwehr<\/a><\/p>\n<p class=\"originator\">Original-Content von: Feuerwehr Bochum, \u00fcbermittelt durch news aktuell<\/p>\n","protected":false},"excerpt":{"rendered":"02.09.2026 \u2013 17:14 Feuerwehr Bochum Bochum (ots) Die Feuerwehr Bochum wurde am Mittwochnachmittag um 14:38 Uhr zu einem&hellip;\n","protected":false},"author":2,"featured_media":1276201,"comment_status":"","ping_status":"","sticky":false,"template":"","format":"standard","meta":{"footnotes":"","_share_on_mastodon":"0"},"categories":[1839],"tags":[7507,2919,3364,29,985,30,1209,176,178,180,179,181],"class_list":["post-1276200","post","type-post","status-publish","format-standard","has-post-thumbnail","category-bochum","tag-bochum","tag-brand","tag-de","tag-deutschland","tag-feuerwehr","tag-germany","tag-nordrhein-westfalen","tag-nrw","tag-presse","tag-pressemeldung","tag-pressemitteilung","tag-pressemitteilungen"],"share_on_mastodon":{"url":"https:\/\/pubeurope.com\/@de\/117202384123184046","error":""},"_links":{"self":[{"href":"https:\/\/www.europesays.com\/de\/wp-json\/wp\/v2\/posts\/1276200","targetHints":{"allow":["GET"]}}],"collection":[{"href":"https:\/\/www.europesays.com\/de\/wp-json\/wp\/v2\/posts"}],"about":[{"href":"https:\/\/www.europesays.com\/de\/wp-json\/wp\/v2\/types\/post"}],"author":[{"embeddable":true,"href":"https:\/\/www.europesays.com\/de\/wp-json\/wp\/v2\/users\/2"}],"replies":[{"embeddable":true,"href":"https:\/\/www.europesays.com\/de\/wp-json\/wp\/v2\/comments?post=1276200"}],"version-history":[{"count":0,"href":"https:\/\/www.europesays.com\/de\/wp-json\/wp\/v2\/posts\/1276200\/revisions"}],"wp:featuredmedia":[{"embeddable":true,"href":"https:\/\/www.europesays.com\/de\/wp-json\/wp\/v2\/media\/1276201"}],"wp:attachment":[{"href":"https:\/\/www.europesays.com\/de\/wp-json\/wp\/v2\/media?parent=1276200"}],"wp:term":[{"taxonomy":"category","embeddable":true,"href":"https:\/\/www.europesays.com\/de\/wp-json\/wp\/v2\/categories?post=1276200"},{"taxonomy":"post_tag","embeddable":true,"href":"https:\/\/www.europesays.com\/de\/wp-json\/wp\/v2\/tags?post=1276200"}],"curies":[{"name":"wp","href":"https:\/\/api.w.org\/{rel}","templated":true}]}}