{"id":1276224,"date":"2026-09-02T16:46:24","date_gmt":"2026-09-02T16:46:24","guid":{"rendered":"https:\/\/www.europesays.com\/de\/1276224\/"},"modified":"2026-09-02T16:46:24","modified_gmt":"2026-09-02T16:46:24","slug":"aerger-um-neues-wohngebiet-in-duisburg-stahlunternehmen-zieht-vor-gericht","status":"publish","type":"post","link":"https:\/\/www.europesays.com\/de\/1276224\/","title":{"rendered":"\u00c4rger um neues Wohngebiet in Duisburg: Stahlunternehmen zieht vor Gericht"},"content":{"rendered":"<p class=\"text_ohne_einzug richtext text-em-55 !leading-serif mx-6 desktop:mx-0\"> Am Hohen Weg im Duisburger Stadtteil Meiderich, nicht weit von der <a href=\"https:\/\/rp-online.de\/thema\/a59\/\" rel=\"nofollow noopener\" target=\"_blank\">A59<\/a> entfernt, entstehen derzeit rund 100 neue Wohnh\u00e4user. Die Bauarbeiten sind bereits weit fortgeschritten, das Richtfest f\u00fcr die ersten mehr als 40 Reihen- und Doppelh\u00e4user wurde im Juni gefeiert. Doch nun k\u00f6nnte es \u00c4rger geben. Denn mit dem Baugebiet wird sich bald das Oberverwaltungsgericht in M\u00fcnster in einem sogenannten Normenkontrollverfahren besch\u00e4ftigten. Ein Unternehmen aus der Stahlindustrie geht gegen den Bebauungsplan vor, wie ein Sprecher des Gerichts best\u00e4tigt.<\/p>\n","protected":false},"excerpt":{"rendered":"Am Hohen Weg im Duisburger Stadtteil Meiderich, nicht weit von der A59 entfernt, entstehen derzeit rund 100 neue&hellip;\n","protected":false},"author":2,"featured_media":1276225,"comment_status":"","ping_status":"","sticky":false,"template":"","format":"standard","meta":{"footnotes":"","_share_on_mastodon":"0"},"categories":[1838],"tags":[2081,14314,19907,3364,29,47244,263393,85907,3715,25829,2690,30,5213,5332,17052,6660,263394,1209,19048,263395,166061,95758],"class_list":["post-1276224","post","type-post","status-publish","format-standard","has-post-thumbnail","category-duisburg","tag-bauarbeiten","tag-bebauungsplan","tag-bewohner","tag-de","tag-deutschland","tag-doppel","tag-doppelhaeuser","tag-doppelhaushaelften","tag-duisburg","tag-einziehen","tag-gericht","tag-germany","tag-haus","tag-haeuser","tag-hoehen","tag-laermschutz","tag-laermschutzkonzept","tag-nordrhein-westfalen","tag-oberverwaltungsgericht","tag-reihenhaeuser","tag-stahlunternehmen","tag-wohnhaeuser"],"share_on_mastodon":{"url":"https:\/\/pubeurope.com\/@de\/117202464597199485","error":""},"_links":{"self":[{"href":"https:\/\/www.europesays.com\/de\/wp-json\/wp\/v2\/posts\/1276224","targetHints":{"allow":["GET"]}}],"collection":[{"href":"https:\/\/www.europesays.com\/de\/wp-json\/wp\/v2\/posts"}],"about":[{"href":"https:\/\/www.europesays.com\/de\/wp-json\/wp\/v2\/types\/post"}],"author":[{"embeddable":true,"href":"https:\/\/www.europesays.com\/de\/wp-json\/wp\/v2\/users\/2"}],"replies":[{"embeddable":true,"href":"https:\/\/www.europesays.com\/de\/wp-json\/wp\/v2\/comments?post=1276224"}],"version-history":[{"count":0,"href":"https:\/\/www.europesays.com\/de\/wp-json\/wp\/v2\/posts\/1276224\/revisions"}],"wp:featuredmedia":[{"embeddable":true,"href":"https:\/\/www.europesays.com\/de\/wp-json\/wp\/v2\/media\/1276225"}],"wp:attachment":[{"href":"https:\/\/www.europesays.com\/de\/wp-json\/wp\/v2\/media?parent=1276224"}],"wp:term":[{"taxonomy":"category","embeddable":true,"href":"https:\/\/www.europesays.com\/de\/wp-json\/wp\/v2\/categories?post=1276224"},{"taxonomy":"post_tag","embeddable":true,"href":"https:\/\/www.europesays.com\/de\/wp-json\/wp\/v2\/tags?post=1276224"}],"curies":[{"name":"wp","href":"https:\/\/api.w.org\/{rel}","templated":true}]}}