{"id":1276228,"date":"2026-09-02T16:48:25","date_gmt":"2026-09-02T16:48:25","guid":{"rendered":"https:\/\/www.europesays.com\/de\/1276228\/"},"modified":"2026-09-02T16:48:25","modified_gmt":"2026-09-02T16:48:25","slug":"in-wenigen-wochen-groesster-innenstadt-flohmarkt-deutschlands-lockt-200-000-besucher-an-8","status":"publish","type":"post","link":"https:\/\/www.europesays.com\/de\/1276228\/","title":{"rendered":"In wenigen Wochen: Gr\u00f6\u00dfter Innenstadt-Flohmarkt Deutschlands lockt 200.000 Besucher an"},"content":{"rendered":"<ol class=\"id-DonaldBreadcrumb lp_west_breadcrumb id-DonaldBreadcrumb--default\" data-k5a-pos=\"west_breadcrumb\">\n<li class=\"id-Breadcrumb-item\"><a href=\"https:\/\/www.merkur.de\/\" class=\"id-Breadcrumb-link\" data-id-ec=\"{\" shn=\"\" textlink=\"\" data-k5a-pos=\"1_startseite\" rel=\"nofollow noopener\" target=\"_blank\">Startseite<\/a><\/li>\n<li class=\"id-Breadcrumb-item\"><a href=\"https:\/\/www.merkur.de\/bayern\/\" class=\"id-Breadcrumb-link\" data-id-ec=\"{\" shn=\"\" textlink=\"\" data-k5a-pos=\"2_bayern\" rel=\"nofollow noopener\" target=\"_blank\">Bayern<\/a><\/li>\n<li class=\"id-Breadcrumb-item\"><a href=\"https:\/\/www.merkur.de\/bayern\/nuernberg\/\" class=\"id-Breadcrumb-link\" data-id-ec=\"{\" shn=\"\" textlink=\"\" franken=\"\" data-k5a-pos=\"3_nuernbergFranken\" rel=\"nofollow noopener\" target=\"_blank\">N\u00fcrnberg &amp; Franken<\/a><\/li>\n<\/ol>\n<p class=\"id-Story-timestamp id-Story-timestamp--default\">Stand: 02.09.2026, 17:57 Uhr<\/p>\n<p class=\"id-Story-authors id-Story-authors--default\">Von: <a class=\"id-Story-authors-link lp_west_author\" href=\"https:\/\/www.merkur.de\/autor\/felix-herz-os8jwcx14.html\" title=\"Zur Autorenseite von Felix Herz\" data-id-ec=\"{\" shn=\"\" author-link=\"\" herz=\"\" data-k5a-pos=\"west_author\" rel=\"nofollow noopener\" target=\"_blank\">Felix Herz<\/a><\/p>\n<p class=\"id-Story-interactionBar id-Story-interactionBar--default\">DruckenTeilen<\/p>\n<p><a href=\"https:\/\/profile.google.com\/cp\/CgsvZy8xODdjY3p3choA\" class=\"id-Story-googleFollowButton id-Story-googleFollowButton--default\" target=\"_blank\" data-id-ec=\"{\" shn=\"\" google-follow=\"\" auf=\"\" google=\"\" folgen=\"\" rel=\"nofollow noopener\">Uns auf Google folgen<\/a><\/p>\n<p class=\"id-StoryElement-leadText\">Ein echtes Flohmarkt-Highlight findet bereits in wenigen Wochen statt, Mitte September ist es soweit: Eine ganze Innenstadt verwandelt sich dann.<\/p>\n<p class=\"id-StoryElement-paragraph\">N\u00fcrnberg \u2013 600 St\u00e4nde, 200.000 Besucher \u2013 die Zahlen des gr\u00f6\u00dften Innenstadt-Flohmarkts Deutschlands k\u00f6nnen sich wirklich sehen lassen. Und die aktuell beste Nachricht: Lange warten m\u00fcssen Schn\u00e4ppchenj\u00e4ger, Tr\u00f6dlmarkt-Fans und Flohmarkt-Enthusiasten nicht mehr: Schon am 11. und 12. September ist es soweit.<\/p>\n<p>Gr\u00f6\u00dfer Innenstadt-Flohmarkt Deutschlands findet in Bayern statt\u00a0\u2013 bald ist es soweit<\/p>\n<p class=\"id-StoryElement-paragraph\">Am Wochenende vom 11. und 12. September, direkt zum Herbstanfang also, findet in <a href=\"https:\/\/www.merkur.de\/bayern\/nuernberg\/\" class=\"id-import-Link\" title=\"N&#xFC;rnberg\" data-id-ec=\"{&quot;sht&quot;:&quot;Container&quot;,&quot;shn&quot;:&quot;Story&quot;,&quot;p&quot;:{&quot;containerType&quot;:&quot;Paragraph&quot;,&quot;displayType&quot;:&quot;Paragraph InlineLink&quot;,&quot;type&quot;:&quot;INLINE_LINK&quot;,&quot;value&quot;:&quot;N&#xFC;rnberg&quot;,&quot;variant&quot;:&quot;standardLink&quot;,&quot;sponsored&quot;:false,&quot;linkHref&quot;:&quot;https:\/\/www.merkur.de\/bayern\/nuernberg\/&quot;,&quot;storyElementPosition&quot;:11,&quot;storyElementCount&quot;:22}}\" rel=\"nofollow noopener\" target=\"_blank\">N\u00fcrnberg<\/a> der N\u00fcrnberger Trempelmarkt statt. Dabei handelt es sich um den gr\u00f6\u00dften Innenstadt-Flohmarkt Deutschlands. Doch nicht nur das: \u201eDer Trempelmarkt ist ein Paradies f\u00fcr Antiquit\u00e4ten-Liebhaber und Schn\u00e4ppchenj\u00e4ger\u201c, schreibt die Stadt N\u00fcrnberg zur diesj\u00e4hrigen Ank\u00fcndigung des Herbst-Trempelmarktes.<\/p>\n<p><img decoding=\"async\" class=\"id-RatioPlaceholder-element wv_story_el_image\" src=\"https:\/\/www.europesays.com\/de\/wp-content\/uploads\/2026\/08\/43867881-in-wenigen-wochen-verwandelt-sich-die-nuernberger-innenstadt-in-den-groessten-innenstadt-fl.jpeg\" loading=\"lazy\"   height=\"732\" width=\"1100\" alt=\"In wenigen Wochen verwandelt sich die N&#xFC;rnberger Innenstadt in den gr&#xF6;&#xDF;ten Innenstadt-Flohmarkt Deutschlands.\"\/>In wenigen Wochen verwandelt sich die N\u00fcrnberger Innenstadt in den gr\u00f6\u00dften Innenstadt-Flohmarkt Deutschlands. \u00a9\u00a0IMAGO \/ imagebroker<\/p>\n<p class=\"id-StoryElement-paragraph\">\u201eAn rund 600 St\u00e4nden bieten professionelle H\u00e4ndler und private Tr\u00f6dler ihre Kostbarkeiten an und locken bis zu 200.000 Besucher in die Gassen der Altstadt\u201c, hei\u00dft es von der Stadt weiter \u2013 eine Gr\u00f6\u00dfenordnung, mit der kein Innenstadt-Flohmarkt in der Bundesrepublik mithalten kann. Man kann durchaus so weit gehen und festhalten, dass der Trempelmarkt nicht IN der N\u00fcrnberger Innenstadt stattfindet, sondern die N\u00fcrnberger Innenstadt ZUM Trempelmarkt wird.<\/p>\n<p>Teilweise bis zu 200.000 Besucher: 9 beeindruckende Flohm\u00e4rkte in Bayern<img decoding=\"async\" class=\"id-RatioPlaceholder-element wv_story_el_interstitialImage\" src=\"https:\/\/www.europesays.com\/de\/wp-content\/uploads\/2026\/05\/42446408-flohmaerkte-ufe.jpg\" loading=\"lazy\"   height=\"1350\" width=\"2400\" alt=\"Flohm&#xE4;rkte\"\/><a href=\"https:\/\/www.merkur.de\/bayern\/besucher-beeindruckende-flohmaerkte-in-bayern-bis-zu-200-000-zr-94295418.html\" class=\"id-StoryElement-intestitialLink-link\" data-id-ec=\"{\" shn=\"\" ansehen=\"\" data-k5a-pos=\"west_story_14_photoGalleryLink\" title=\"Zur Fotostrecke: Teilweise bis zu 200.000 Besucher: 9 beeindruckende Flohm&#xE4;rkte in Bayern\" rel=\"nofollow noopener\" target=\"_blank\">Fotostrecke ansehen<\/a>Daten und Fakten zum N\u00fcrnberger Trempelmarkt<\/p>\n<p class=\"id-StoryElement-paragraph\">Grunds\u00e4tzlich steht der Flohmarkt nat\u00fcrlich auch privaten Verk\u00e4ufern offen. Doch die Nachfrage ist entsprechend gro\u00df. Angesichts dessen wurde dieses Jahr \u201eeine zus\u00e4tzliche Verkaufszone in der Mitte des Hauptmarkts eingerichtet\u201c, berichtet die Stadt N\u00fcrnberg. F\u00fcr alle H\u00e4ndler gilt zudem, dass alle Verkaufspl\u00e4tze eine Gr\u00f6\u00dfe von zw\u00f6lf Quadratmetern haben. \u201eDamit m\u00f6glichst viele Bewerberinnen und Bewerber zum Zug kommen, wird pro Person nur eine Karte vergeben\u201c, erkl\u00e4rt die Stadt weiter.<\/p>\n<p>Flohmarkt-Termine bequem per Mail erhalten<img decoding=\"async\" class=\"id-RatioPlaceholder-element wv_story_el_image\" src=\"https:\/\/www.europesays.com\/de\/wp-content\/uploads\/2026\/08\/39999806-ein-auf-pappe-handgeschriebenes-schild-mit-der-aufschrift-flohmarkt-an-einem-laternenpfahl-.jpeg\" loading=\"lazy\"   height=\"733\" width=\"1100\" alt=\"Ein auf Pappe handgeschriebenes Schild mit der Aufschrift Flohmarkt an einem Laternenpfahl mit Luftballons.\"\/>Nahezu jedes Wochenende finden in M\u00fcnchen und Umgebung eine Vielzahl an Flohm\u00e4rkten statt. Der Newsletter von Merkur.de bietet eine praktische \u00dcbersicht. (Symbolbild) \u00a9\u00a0IMAGO\/imageBROKER\/Gerd Harder<\/p>\n<p class=\"id-StoryElement-factBox-paragraph\">Melden Sie sich jetzt kostenlos f\u00fcr den <strong>neuen Flohmarkt-Newsletter <\/strong>an und bekommen Sie jede Woche eine Auswahl der aktuellen <strong>Flohmarkt-Termine in M\u00fcnchen und Umgebung<\/strong>. <\/p>\n<p class=\"id-StoryElement-factBox-paragraph\"><a href=\"https:\/\/www.merkur.de\/sso\/register?redirect_uri=https%3A%2F%2Faccounts.user.id%2Faccount%2Fnewsletter%2Fsubscribe%2FSKU-00002278&amp;source=mt_newsletter-textasset_web\" target=\"_blank\" class=\"id-import-Link--action\" data-id-ec=\"{&quot;sht&quot;:&quot;Container&quot;,&quot;shn&quot;:&quot;Story&quot;,&quot;p&quot;:{&quot;containerType&quot;:&quot;FactBox&quot;,&quot;displayType&quot;:&quot;FactBox InlineLink&quot;,&quot;type&quot;:&quot;INLINE_LINK&quot;,&quot;value&quot;:&quot;Hier geht es zur Anmeldung&quot;,&quot;variant&quot;:&quot;callToAction&quot;,&quot;sponsored&quot;:false,&quot;linkHref&quot;:&quot;https:\/\/www.merkur.de\/sso\/register?redirect_uri=https%3A%2F%2Faccounts.user.id%2Faccount%2Fnewsletter%2Fsubscribe%2FSKU-00002278&amp;source=mt_newsletter-textasset_web&quot;,&quot;storyElementPosition&quot;:20,&quot;storyElementCount&quot;:22}}\" data-id-av=\"{&quot;sht&quot;:&quot;Container&quot;,&quot;shn&quot;:&quot;Story&quot;,&quot;p&quot;:{&quot;containerType&quot;:&quot;FactBox&quot;,&quot;displayType&quot;:&quot;FactBox InlineLink&quot;,&quot;type&quot;:&quot;INLINE_LINK&quot;,&quot;value&quot;:&quot;Hier geht es zur Anmeldung&quot;,&quot;variant&quot;:&quot;callToAction&quot;,&quot;sponsored&quot;:false,&quot;linkHref&quot;:&quot;https:\/\/www.merkur.de\/sso\/register?redirect_uri=https%3A%2F%2Faccounts.user.id%2Faccount%2Fnewsletter%2Fsubscribe%2FSKU-00002278&amp;source=mt_newsletter-textasset_web&quot;,&quot;storyElementPosition&quot;:20,&quot;storyElementCount&quot;:22}}\" rel=\"nofollow noopener\"><strong>Hier geht es zur Anmeldung<\/strong><\/a><\/p>\n<p>Alle Daten zum gr\u00f6\u00dften Innenstadt-Flohmarkt Deutschlands auf einen Blick<\/p>\n<p class=\"id-StoryElement-factBox-paragraph\"><strong>Flohmarkt<\/strong>: N\u00fcrnberger Trempelmarkt<br \/>\n<br \/><strong>Wann<\/strong>: Freitag, 11. September, 16 bis 24 Uhr und Samstag, 12. September, 7 bis 20 Uhr<br \/>\n<br \/><strong>Wo<\/strong>: Innenstadt N\u00fcrnberg<br \/>\n<br \/><strong>Wer<\/strong>: Privatverk\u00e4ufer und professionelle Verk\u00e4ufer<br \/>\n<br \/><strong>Sonstiges<\/strong>: Weitere Infos und FAQs auf der <a href=\"https:\/\/www.nuernberg.de\/internet\/stadtportal\/trempelmarkt.html\" rel=\"nofollow noopener\" target=\"_blank\" class=\"id-import-Link id-pageApi-Link--externalDomain\" data-id-ec=\"{&quot;sht&quot;:&quot;Container&quot;,&quot;shn&quot;:&quot;Story&quot;,&quot;p&quot;:{&quot;containerType&quot;:&quot;FactBox&quot;,&quot;displayType&quot;:&quot;FactBox InlineLink&quot;,&quot;type&quot;:&quot;INLINE_LINK&quot;,&quot;value&quot;:&quot;N&#xFC;rnberger Website&quot;,&quot;variant&quot;:&quot;standardLink&quot;,&quot;sponsored&quot;:false,&quot;linkHref&quot;:&quot;https:\/\/www.nuernberg.de\/internet\/stadtportal\/trempelmarkt.html&quot;,&quot;storyElementPosition&quot;:21,&quot;storyElementCount&quot;:22}}\">N\u00fcrnberger Website<\/a><\/p>\n<p class=\"id-StoryElement-paragraph\">Abschlie\u00dfend r\u00e4t die Stadt N\u00fcrnberg noch, dass die Anreise per \u00f6ffentem Nahverkehr am einfachsten ist\u00a0\u2013 da der Flohmarkt ja mitten in der Stadt stattfindet. \u201eGeeignete Zielhaltestellen sind der Hauptbahnhof, die U-Bahnh\u00f6fe Lorenzkirche (aktuell nur eingeschr\u00e4nkt barrierefrei) und Wei\u00dfer Turm sowie diverse Bushaltestellen.\u201c Wer mit dem Auto kommen muss \u2013 zum Beispiel die H\u00e4ndler \u2013 solle \u201eunbedingt die Park- und Halteregeln vor Ort beachten\u201c. (Quelle: Stadt N\u00fcrnberg), (fhz)<\/p>\n","protected":false},"excerpt":{"rendered":"Startseite Bayern N\u00fcrnberg &amp; Franken Stand: 02.09.2026, 17:57 Uhr Von: Felix Herz DruckenTeilen Uns auf Google folgen Ein&hellip;\n","protected":false},"author":2,"featured_media":1267508,"comment_status":"","ping_status":"","sticky":false,"template":"","format":"standard","meta":{"footnotes":"","_share_on_mastodon":"0"},"categories":[1837],"tags":[772,3364,29,30,3783],"class_list":["post-1276228","post","type-post","status-publish","format-standard","has-post-thumbnail","category-nuernberg","tag-bayern","tag-de","tag-deutschland","tag-germany","tag-nuernberg"],"share_on_mastodon":{"url":"https:\/\/pubeurope.com\/@de\/117202475170567035","error":""},"_links":{"self":[{"href":"https:\/\/www.europesays.com\/de\/wp-json\/wp\/v2\/posts\/1276228","targetHints":{"allow":["GET"]}}],"collection":[{"href":"https:\/\/www.europesays.com\/de\/wp-json\/wp\/v2\/posts"}],"about":[{"href":"https:\/\/www.europesays.com\/de\/wp-json\/wp\/v2\/types\/post"}],"author":[{"embeddable":true,"href":"https:\/\/www.europesays.com\/de\/wp-json\/wp\/v2\/users\/2"}],"replies":[{"embeddable":true,"href":"https:\/\/www.europesays.com\/de\/wp-json\/wp\/v2\/comments?post=1276228"}],"version-history":[{"count":0,"href":"https:\/\/www.europesays.com\/de\/wp-json\/wp\/v2\/posts\/1276228\/revisions"}],"wp:featuredmedia":[{"embeddable":true,"href":"https:\/\/www.europesays.com\/de\/wp-json\/wp\/v2\/media\/1267508"}],"wp:attachment":[{"href":"https:\/\/www.europesays.com\/de\/wp-json\/wp\/v2\/media?parent=1276228"}],"wp:term":[{"taxonomy":"category","embeddable":true,"href":"https:\/\/www.europesays.com\/de\/wp-json\/wp\/v2\/categories?post=1276228"},{"taxonomy":"post_tag","embeddable":true,"href":"https:\/\/www.europesays.com\/de\/wp-json\/wp\/v2\/tags?post=1276228"}],"curies":[{"name":"wp","href":"https:\/\/api.w.org\/{rel}","templated":true}]}}