{"id":1276251,"date":"2026-09-02T17:02:20","date_gmt":"2026-09-02T17:02:20","guid":{"rendered":"https:\/\/www.europesays.com\/de\/1276251\/"},"modified":"2026-09-02T17:02:20","modified_gmt":"2026-09-02T17:02:20","slug":"sie-haben-ihren-sohn-mit-den-eigenen-haenden-getoetet-mutter-muss-ins-gefaengnis","status":"publish","type":"post","link":"https:\/\/www.europesays.com\/de\/1276251\/","title":{"rendered":"&#8222;Sie haben ihren Sohn mit den eigenen H\u00e4nden get\u00f6tet&#8220;: Mutter muss ins Gef\u00e4ngnis"},"content":{"rendered":"<p>        <img decoding=\"async\" src=\"https:\/\/www.europesays.com\/de\/wp-content\/uploads\/2026\/09\/prozess-totschlag-baby-landgericht-102.webp\" alt=\"Eine Angeklagte (r.) sitzt neben Henrike Wittner, Rechtsanw\u00e4ltin und Fachanw\u00e4ltin f\u00fcr Strafrecht, zum Prozessauftakt am Landgericht Leipzig.\" title=\"Eine Angeklagte (r.) sitzt neben Henrike Wittner, Rechtsanw\u00e4ltin und Fachanw\u00e4ltin f\u00fcr Strafrecht, zum Prozessauftakt am Landgericht Leipzig. | picture alliance\/dpa | Andr\u00e9 Jahnke\" class=\"responsive\"\/><\/p>\n<p>AUDIO: S\u00e4ugling zu Tode gesch\u00fcttelt: Sechs Jahre Haft f\u00fcr Mutter  (1 Min)<\/p>\n<p class=\"topline\">Urteil Landgericht<\/p>\n<p class=\"author\">von MDR SACHSEN<\/p>\n<p>\n                Stand: 02.09.2026 18:17 Uhr<\/p>\n<p class=\"\">Knapp zwei Jahre nach dem <a href=\"https:\/\/www.mdr.de\/nachrichten\/sachsen\/leipzig\/leipzig-leipzig-land\/news-kind-saeugling-geschuettelt-tod-prozess,totes-baby-112.html\" title=\"Baby heftig gesch\u00fcttelt - Mutter \u00e4u\u00dfert sich vor Gericht \" rel=\"nofollow noopener\" target=\"_blank\">gewaltsamen Tod eines S\u00e4uglings in Leipzig<\/a> ist die Mutter zu einer Haftstrafe verurteilt worden. Das Landgericht Leipzig verh\u00e4ngte wegen Totschlags eine Freiheitsstrafe in H\u00f6he von sechs Jahren und einer Woche gegen die 24-J\u00e4hrige.<\/p>\n<p>        <img decoding=\"async\" src=\"https:\/\/www.europesays.com\/de\/wp-content\/uploads\/2026\/08\/1787969123_972_google-handy-100.webp\" alt=\"Ein Handy liegt auf einer Laptoptastatur. Das Display zeigt das Google Logo\" title=\"Ein Handy liegt auf einer Laptoptastatur. Das Display zeigt das Google Logo |  IMAGO \/ SOPA Images\" class=\"responsive\" loading=\"lazy\"\/><\/p>\n<p>Nachrichten personalisieren<\/p>\n<p>    Richter: Kind massiv gesch\u00fcttelt<\/p>\n<p class=\"\">&#8222;Sie haben ihren Sohn mit den eigenen H\u00e4nden get\u00f6tet. Damit m\u00fcssen Sie leben. Ihr Sohn kann es nicht mehr&#8220;, sagte der Vorsitzende Richter Johann Jagenlauf bei der Urteilsbegr\u00fcndung zur Angeklagten. Das Urteil ist noch nicht rechtskr\u00e4ftig.<\/p>\n<p class=\"\">Der sieben Monate alte Ben Elias sei zweifellos durch massives Sch\u00fctteln get\u00f6tet worden, so der Richter. Der Kopf des Babys sei mit erheblicher Gewalt mindestens 15 Mal vor- und zur\u00fcckgeschleudert worden. Dabei erlitt der Junge derart schwere Hirnverletzungen, dass er einen Tag sp\u00e4ter im Krankenhaus starb.<\/p>\n<p>    Gericht glaubte Mutter nicht<\/p>\n<p class=\"\">Die Gr\u00fcnde f\u00fcr das Handeln der Mutter, die zum Tatzeitpunkt alleine mit dem Baby war, h\u00e4tten nicht aufgekl\u00e4rt werden k\u00f6nnen, sagte der Richter. Die Angeklagte hatte die <a href=\"https:\/\/www.mdr.de\/nachrichten\/sachsen\/leipzig\/leipzig-leipzig-land\/news-kind-saeugling-geschuettelt-tod-prozess,totes-baby-112.html\" title=\"Baby heftig gesch\u00fcttelt - Mutter \u00e4u\u00dfert sich vor Gericht \" rel=\"nofollow noopener\" target=\"_blank\">Vorw\u00fcrfe im Verfahren zur\u00fcckgewiesen<\/a>. Doch die Strafkammer glaubte ihr nicht und folgte dem Strafantrag der Staatsanwaltschaft.<\/p>\n<p class=\"\">In die Gesamtstrafe floss auch ein Strafbefehl wegen Fahrens ohne Versicherungsschutz ein. Die Verteidigung hatte auf Freispruch pl\u00e4diert und k\u00fcndigte an, Revision einzulegen.<\/p>\n<p>Mehr zum Thema Gewalt gegen Kinder<\/p>\n<p>        <img decoding=\"async\" src=\"https:\/\/www.europesays.com\/de\/wp-content\/uploads\/2026\/09\/kindswohl-102.webp\" alt=\"Ein kleiner Stoffteddyb\u00e4r liegt auf einer staubigen Fensterbank unter Spinnweben.\" title=\"Ein kleiner Stoffteddyb\u00e4r liegt auf einer staubigen Fensterbank unter Spinnweben. | picture alliance\/dpa | Karl-Josef Hildenbrand\" class=\"responsive\" loading=\"lazy\"\/><\/p>\n<p>        <img decoding=\"async\" src=\"https:\/\/www.europesays.com\/de\/wp-content\/uploads\/2026\/09\/auftrag-mdraktuell-bild-podcast-spur-der-taeter-logo-102.webp\" alt=\"Die Spur der T\u00e4ter Logo\" title=\"Die Spur der T\u00e4ter Logo | MITTELDEUTSCHER RUNDFUNK\" class=\"responsive\" loading=\"lazy\"\/><\/p>\n<p class=\"\">MDR (kbe)\/dpa<\/p>\n","protected":false},"excerpt":{"rendered":"AUDIO: S\u00e4ugling zu Tode gesch\u00fcttelt: Sechs Jahre Haft f\u00fcr Mutter (1 Min) Urteil Landgericht von MDR SACHSEN Stand:&hellip;\n","protected":false},"author":2,"featured_media":1276252,"comment_status":"","ping_status":"","sticky":false,"template":"","format":"standard","meta":{"footnotes":"","_share_on_mastodon":"0"},"categories":[1832],"tags":[1290,3364,29,2690,30,1000,28438,71,981,14,1269,859,977,117206,6148,1243],"class_list":["post-1276251","post","type-post","status-publish","format-standard","has-post-thumbnail","category-leipzig","tag-baby","tag-de","tag-deutschland","tag-gericht","tag-germany","tag-gewalt","tag-kindesmisshandlung","tag-leipzig","tag-mutter","tag-nachrichten","tag-prozess","tag-sachsen","tag-saeugling","tag-schuetteln","tag-totschlag","tag-urteil"],"share_on_mastodon":{"url":"https:\/\/pubeurope.com\/@de\/117202531050191030","error":""},"_links":{"self":[{"href":"https:\/\/www.europesays.com\/de\/wp-json\/wp\/v2\/posts\/1276251","targetHints":{"allow":["GET"]}}],"collection":[{"href":"https:\/\/www.europesays.com\/de\/wp-json\/wp\/v2\/posts"}],"about":[{"href":"https:\/\/www.europesays.com\/de\/wp-json\/wp\/v2\/types\/post"}],"author":[{"embeddable":true,"href":"https:\/\/www.europesays.com\/de\/wp-json\/wp\/v2\/users\/2"}],"replies":[{"embeddable":true,"href":"https:\/\/www.europesays.com\/de\/wp-json\/wp\/v2\/comments?post=1276251"}],"version-history":[{"count":0,"href":"https:\/\/www.europesays.com\/de\/wp-json\/wp\/v2\/posts\/1276251\/revisions"}],"wp:featuredmedia":[{"embeddable":true,"href":"https:\/\/www.europesays.com\/de\/wp-json\/wp\/v2\/media\/1276252"}],"wp:attachment":[{"href":"https:\/\/www.europesays.com\/de\/wp-json\/wp\/v2\/media?parent=1276251"}],"wp:term":[{"taxonomy":"category","embeddable":true,"href":"https:\/\/www.europesays.com\/de\/wp-json\/wp\/v2\/categories?post=1276251"},{"taxonomy":"post_tag","embeddable":true,"href":"https:\/\/www.europesays.com\/de\/wp-json\/wp\/v2\/tags?post=1276251"}],"curies":[{"name":"wp","href":"https:\/\/api.w.org\/{rel}","templated":true}]}}