{"id":1276254,"date":"2026-09-02T17:04:17","date_gmt":"2026-09-02T17:04:17","guid":{"rendered":"https:\/\/www.europesays.com\/de\/1276254\/"},"modified":"2026-09-02T17:04:17","modified_gmt":"2026-09-02T17:04:17","slug":"s1-und-re47-zugausfaelle-zwischen-duesseldorf-und-solingen","status":"publish","type":"post","link":"https:\/\/www.europesays.com\/de\/1276254\/","title":{"rendered":"S1 und RE47: Zugausf\u00e4lle zwischen D\u00fcsseldorf und Solingen"},"content":{"rendered":"<p class=\"text_ohne_einzug richtext text-em-55 !leading-serif mx-6 desktop:mx-0\">  Auf der S-Bahn-Linie S1 fahren zwischen D\u00fcsseldorf Hauptbahnhof und <a href=\"https:\/\/rp-online.de\/thema\/solingen-hauptbahnhof\/\" rel=\"nofollow noopener\" target=\"_blank\">Solingen Hauptbahnhof<\/a> seit Mittwochmittag (2. September) gegen 12.30 Uhr keine Z\u00fcge. Grund daf\u00fcr ist eine technische St\u00f6rung am Stromabnehmer eines Zuges der S1 in Richtung Solingen, die seit dem Mittag am Gleis am Haltepunkt Hilden S\u00fcd steht.<\/p>\n<p class=\"richtext text-em-55 !leading-serif mx-6 desktop:mx-0\">Aktuell werde vor Ort an der St\u00f6rung gearbeitet, damit der Zug nicht weiter die Gleise blockiert, teilte ein Bahnsprecher auf Anfrage unserer Redaktion mit. Wann die Strecke wieder freigegeben werden kann, sei aktuell nicht absehbar.<\/p>\n<p class=\"richtext text-em-55 !leading-serif mx-6 desktop:mx-0\">Die S-Bahnen aus Richtung <a href=\"https:\/\/rp-online.de\/thema\/duisburg-hauptbahnhof\/\" rel=\"nofollow noopener\" target=\"_blank\">Duisburg Hauptbahnhof<\/a> enden und beginnen in D\u00fcsseldorf Hbf. Es wurde ein Ersatzverkehr mit sieben Bussen der Firma PM Mobility und VIAS Bus zwischen D\u00fcsseldorf Hbf und Solingen Hbf eingerichtet. Die Linie RE47 f\u00e4hrt dagegen \u2013 sie wird eingleisig an dem fahrunf\u00e4higen Zug vorbeigef\u00fchrt, die Linie ist aktuell mit hohen Versp\u00e4tungen unterwegs.<\/p>\n","protected":false},"excerpt":{"rendered":"Auf der S-Bahn-Linie S1 fahren zwischen D\u00fcsseldorf Hauptbahnhof und Solingen Hauptbahnhof seit Mittwochmittag (2. September) gegen 12.30 Uhr&hellip;\n","protected":false},"author":2,"featured_media":1276255,"comment_status":"","ping_status":"","sticky":false,"template":"","format":"standard","meta":{"footnotes":"","_share_on_mastodon":"0"},"categories":[1831],"tags":[92698,82133,590,3364,29,3405,30,13313,26507,1209,7223,6191,9914,2036],"class_list":["post-1276254","post","type-post","status-publish","format-standard","has-post-thumbnail","category-duesseldorf","tag-blockiert","tag-re47","tag-aktuell","tag-de","tag-deutschland","tag-duesseldorf","tag-germany","tag-hilden","tag-linie","tag-nordrhein-westfalen","tag-solingen","tag-strecke","tag-sued","tag-zug"],"share_on_mastodon":{"url":"","error":""},"_links":{"self":[{"href":"https:\/\/www.europesays.com\/de\/wp-json\/wp\/v2\/posts\/1276254","targetHints":{"allow":["GET"]}}],"collection":[{"href":"https:\/\/www.europesays.com\/de\/wp-json\/wp\/v2\/posts"}],"about":[{"href":"https:\/\/www.europesays.com\/de\/wp-json\/wp\/v2\/types\/post"}],"author":[{"embeddable":true,"href":"https:\/\/www.europesays.com\/de\/wp-json\/wp\/v2\/users\/2"}],"replies":[{"embeddable":true,"href":"https:\/\/www.europesays.com\/de\/wp-json\/wp\/v2\/comments?post=1276254"}],"version-history":[{"count":0,"href":"https:\/\/www.europesays.com\/de\/wp-json\/wp\/v2\/posts\/1276254\/revisions"}],"wp:featuredmedia":[{"embeddable":true,"href":"https:\/\/www.europesays.com\/de\/wp-json\/wp\/v2\/media\/1276255"}],"wp:attachment":[{"href":"https:\/\/www.europesays.com\/de\/wp-json\/wp\/v2\/media?parent=1276254"}],"wp:term":[{"taxonomy":"category","embeddable":true,"href":"https:\/\/www.europesays.com\/de\/wp-json\/wp\/v2\/categories?post=1276254"},{"taxonomy":"post_tag","embeddable":true,"href":"https:\/\/www.europesays.com\/de\/wp-json\/wp\/v2\/tags?post=1276254"}],"curies":[{"name":"wp","href":"https:\/\/api.w.org\/{rel}","templated":true}]}}