{"id":1276256,"date":"2026-09-02T17:05:15","date_gmt":"2026-09-02T17:05:15","guid":{"rendered":"https:\/\/www.europesays.com\/de\/1276256\/"},"modified":"2026-09-02T17:05:15","modified_gmt":"2026-09-02T17:05:15","slug":"duesseldorfer-entsorgen-jaehrlich-350-kilogramm-muell-pro-kopf","status":"publish","type":"post","link":"https:\/\/www.europesays.com\/de\/1276256\/","title":{"rendered":"D\u00fcsseldorfer entsorgen j\u00e4hrlich 350 Kilogramm M\u00fcll pro Kopf"},"content":{"rendered":"<p class=\"text_ohne_einzug richtext text-em-55 !leading-serif mx-6 desktop:mx-0\"> Verpackungen aus Plastik, Altglas, Papier oder M\u00f6bel, die auf dem Sperrm\u00fcll gelandet sind: Das D\u00fcsseldorfer Unternehmen <a href=\"https:\/\/rp-online.de\/thema\/awista\/\" rel=\"nofollow noopener\" target=\"_blank\">Awista<\/a> Kommunal entsorgt j\u00e4hrlich gro\u00dfe Mengen an Abfall. 2025 sind diese leicht angestiegen, wie eine neue Auswertung ergibt. Gleichzeitig wohnen allerdings auch mehr Menschen in der Landeshauptstadt.<\/p>\n<p class=\"richtext text-em-55 !leading-serif mx-6 desktop:mx-0\">Die Zahlen sind beeindruckend: Rund 235.000 Tonnen an M\u00fcll haben die D\u00fcsseldorfer im vergangenen Jahr produziert (ein Plus von zwei Prozent). Gemessen an den mittlerweile gut 659.000 Einwohnern ist so zumindest in der Theorie rund 356 Kilogramm Unrat pro Kopf angefallen. Das Wichtigste aus der Abfallbilanz im \u00dcberblick.<\/p>\n<p>Anstiege bei Restm\u00fcll und Laub      <\/p>\n<p class=\"text_ohne_einzug richtext text-em-55 !leading-serif mx-6 desktop:mx-0\">Wohin mit gef\u00fcllten Staubsaugerbeuteln, alten Zahnb\u00fcrsten oder zerbrochenem Geschirr? Diese Gegenst\u00e4nde landen im Restm\u00fcll. Das Aufkommen ist im vergangenen Jahr auf 115.300 Tonnen gestiegen \u2013 eine Erh\u00f6hung um rund 4,8 Prozent im Vergleich zu 2024. Das liegt nach Angaben der Stadt auch daran, dass die Abfallwirtschaft in D\u00fcsseldorf neu geordnet wurde. So leert die Awista Kommunal seit Januar eine Pflicht-Restm\u00fclltonne in Gewerbebetrieben. In die aktuelle Abfallbilanz sind diese Mengen zus\u00e4tzlich zu denen aus privaten Haushalten nun aufgenommen worden.<\/p>\n<p class=\"richtext text-em-55 !leading-serif mx-6 desktop:mx-0\">Noch deutlicher ist der Anstieg zwar beim Sperrm\u00fcll, der in der Verbrennungsanlage entsorgt wurde. Diese Menge stieg um knapp 14 Prozent auf rund 14.300 Tonnen. Gleichzeitig sanken im vergangenen Jahr allerdings die aus dem Sperrm\u00fcll separat entsorgten Holzmengen deutlich (um 26 Prozent auf knapp 3200 Tonnen). Damit hat sich die gesamte Sperrm\u00fcllmenge \u201enur\u201c um 3,7 Prozent auf 17.450 Tonnen erh\u00f6ht. Viel mehr Altholz wurde dagegen an den Recyclingh\u00f6fen abgegeben \u2013 insgesamt rund 500 Tonnen und rund 19 Prozent mehr als im Jahr davor.<\/p>\n<p class=\"richtext text-em-55 !leading-serif mx-6 desktop:mx-0\">Der Spitzenreiter in Sachen Anstieg ist allerdings gr\u00fcn: Das als Stra\u00dfenkehricht im Stadtgebiet gesammelte Laub zur Kompostierung ist im Vergleich zum Vorjahr um knapp 62 Prozent auf 740 Tonnen gestiegen.<\/p>\n<p>D\u00fcsseldorfer haben weniger Gr\u00fcnschnitt entsorgt      <\/p>\n<p class=\"text_ohne_einzug richtext text-em-55 !leading-serif mx-6 desktop:mx-0\">Wer eigene B\u00e4ume, Hecken oder Str\u00e4ucher im Garten schneidet, muss Gr\u00fcnabf\u00e4lle entsorgen. In der Abfallbilanz f\u00fcr das Jahr 2025 ist diese M\u00fcllmenge deutlich gesunken. Das Gr\u00fcnschnittaufkommen lag mit 5900 Tonnen gut 26 Prozent niedriger als im Vorjahr.<\/p>\n<p class=\"richtext text-em-55 !leading-serif mx-6 desktop:mx-0\">Auch in anderen Bereichen hat es weniger Abfall gegeben: Das gilt zum Beispiel f\u00fcr Glas (gesunken um minus acht Prozent auf 12.300 Tonnen) oder besonders stark auch bei den Altkleidern (minus 27 Prozent auf circa 2170 Tonnen). Letzteres d\u00fcrfte damit zusammenh\u00e4ngen, dass die Landeshauptstadt Container an verschiedenen Standorten abgebaut hatte. Ein Ziel war es, so die Sauberkeit im Stadtgebiet zu erh\u00f6hen.<\/p>\n<p>Nachfrage nach Altpapier- und Biotonnen ist gestiegen      <\/p>\n<p class=\"text_ohne_einzug richtext text-em-55 !leading-serif mx-6 desktop:mx-0\">Seit dem vergangenen Jahr werden in D\u00fcsseldorf die blaue Tonne f\u00fcr Altpapier und die <a href=\"https:\/\/rp-online.de\/thema\/biotonne\/\" rel=\"nofollow noopener\" target=\"_blank\">Biotonne<\/a> h\u00e4ufiger geleert. Auch das ist eine Folge der Neuordnung der Abfallwirtschaft. Das Team der Awista holt seitdem Altpapier w\u00f6chentlich ab. Gleiches gilt f\u00fcr die Biotonne \u2013 nur in den Wintermonaten Dezember, Januar und Februar gibt es weiterhin einen 14-t\u00e4gigen Rhythmus. Durch diese \u00c4nderungen ist die Nachfrage nach beiden Tonnenarten gestiegen.<\/p>\n<p class=\"richtext text-em-55 !leading-serif mx-6 desktop:mx-0\">Anfang 2026 gab es nach Angaben der Stadt in D\u00fcsseldorfer Haushalten rund 34.200 Biotonnen. Das sind 1150 mehr als vor der Einf\u00fchrung des neuen Leerungsrhythmus. Die Zahl der blauen Tonnen stieg dagegen weniger stark um knapp 380 auf 69.260.<\/p>\n<p class=\"richtext text-em-55 !leading-serif mx-6 desktop:mx-0\">Die Altpapiermengen stiegen insgesamt um gut ein Prozent auf knapp 26.500 Tonnen. Dabei sank die Sammelmenge \u00fcber Depotcontainer um 18 Prozent auf rund 6500 Tonnen \u2013 auch von Altpapiercontainern gibt es mittlerweile insgesamt weniger in der Stadt. Au\u00dferdem entsorgten die D\u00fcsseldorfer im vergangenen Jahr rund 12.950 Tonnen Bioabf\u00e4lle (ein Plus von acht Prozent).<\/p>\n","protected":false},"excerpt":{"rendered":"Verpackungen aus Plastik, Altglas, Papier oder M\u00f6bel, die auf dem Sperrm\u00fcll gelandet sind: Das D\u00fcsseldorfer Unternehmen Awista Kommunal&hellip;\n","protected":false},"author":2,"featured_media":1276257,"comment_status":"","ping_status":"","sticky":false,"template":"","format":"standard","meta":{"footnotes":"","_share_on_mastodon":"0"},"categories":[1831],"tags":[78845,73093,183082,3364,29,3405,115541,30,50897,30680,19579,4103,1209,30229,263399,263401,28103,263400,30225,6781],"class_list":["post-1276256","post","type-post","status-publish","format-standard","has-post-thumbnail","category-duesseldorf","tag-awista","tag-abfallbilanz","tag-angestiegen","tag-de","tag-deutschland","tag-duesseldorf","tag-entsorgt","tag-germany","tag-gestiegen","tag-knapp","tag-kommunal","tag-muell","tag-nordrhein-westfalen","tag-restmuell","tag-restmuellmengen","tag-restmuelltonne","tag-sperrmuell","tag-sperrmuellmenge","tag-tonnen","tag-vergleich"],"share_on_mastodon":{"url":"https:\/\/pubeurope.com\/@de\/117202539457755333","error":""},"_links":{"self":[{"href":"https:\/\/www.europesays.com\/de\/wp-json\/wp\/v2\/posts\/1276256","targetHints":{"allow":["GET"]}}],"collection":[{"href":"https:\/\/www.europesays.com\/de\/wp-json\/wp\/v2\/posts"}],"about":[{"href":"https:\/\/www.europesays.com\/de\/wp-json\/wp\/v2\/types\/post"}],"author":[{"embeddable":true,"href":"https:\/\/www.europesays.com\/de\/wp-json\/wp\/v2\/users\/2"}],"replies":[{"embeddable":true,"href":"https:\/\/www.europesays.com\/de\/wp-json\/wp\/v2\/comments?post=1276256"}],"version-history":[{"count":0,"href":"https:\/\/www.europesays.com\/de\/wp-json\/wp\/v2\/posts\/1276256\/revisions"}],"wp:featuredmedia":[{"embeddable":true,"href":"https:\/\/www.europesays.com\/de\/wp-json\/wp\/v2\/media\/1276257"}],"wp:attachment":[{"href":"https:\/\/www.europesays.com\/de\/wp-json\/wp\/v2\/media?parent=1276256"}],"wp:term":[{"taxonomy":"category","embeddable":true,"href":"https:\/\/www.europesays.com\/de\/wp-json\/wp\/v2\/categories?post=1276256"},{"taxonomy":"post_tag","embeddable":true,"href":"https:\/\/www.europesays.com\/de\/wp-json\/wp\/v2\/tags?post=1276256"}],"curies":[{"name":"wp","href":"https:\/\/api.w.org\/{rel}","templated":true}]}}