{"id":1276259,"date":"2026-09-02T17:08:19","date_gmt":"2026-09-02T17:08:19","guid":{"rendered":"https:\/\/www.europesays.com\/de\/1276259\/"},"modified":"2026-09-02T17:08:19","modified_gmt":"2026-09-02T17:08:19","slug":"stuttgart-frau-stirbt-sechs-wochen-nach-angriff-des-ehemanns-stich-brandverletzungen","status":"publish","type":"post","link":"https:\/\/www.europesays.com\/de\/1276259\/","title":{"rendered":"Stuttgart: Frau stirbt sechs Wochen nach Angriff des Ehemanns \u2013 Stich-\/Brandverletzungen"},"content":{"rendered":"<p>Sie k\u00e4mpfte sechs Wochen langEingestochen und angez\u00fcndet! Frau stirbt nach Attacke ihres Mannes<img alt=\"ARCHIV - 23.07.2026, Baden-W\u00fcrttemberg, Stuttgart: Beamte der Spurensicherung stehen bei einem gr\u00f6\u00dferen Polizeieinsatz vor einem Einkaufszentrum in der Innenstadt.  (zu dpa: \u00abFrau stirbt nach Angriff in Stuttgarter Einkaufszentrum\u00bb) Foto: Christoph Schmidt\/dpa +++ dpa-Bildfunk +++\" fetchpriority=\"high\" width=\"940\" height=\"529\" decoding=\"async\" data-nimg=\"1\" class=\"Image_image__SdgLQ Picture_image__vGN9W\" style=\"color:transparent\"   src=\"https:\/\/www.europesays.com\/de\/wp-content\/uploads\/2026\/09\/archiv-23072026-baden-wuerttemberg-stuttgart-beamte-der-spurensicherung-stehen-bei-einem-groesseren-.webp\"\/><\/p>\n<p>Der Verd\u00e4chtige ignorierte ein gerichtlich verh\u00e4ngtes Kontaktverbot und griff seine Frau an ihrem Arbeitsplatz an. <\/p>\n<p>dpa<\/p>\n<p class=\"AnnotatedMarkup_paragraph__IUT9l\">In einem Stuttgarter Einkaufszentrum sticht ein 54-J\u00e4hriger Ende Juli auf seine Ehefrau ein und z\u00fcndet sie an. Nur Wochen zuvor hatte der Mann die 47-J\u00e4hrige bei einer Auseinandersetzung bereits verletzt. \u00c4rzte k\u00e4mpfen anderthalb Monate lang um das Leben des Opfers &#8211; vergeblich.<\/p>\n<p class=\"AnnotatedMarkup_paragraph__IUT9l\">Rund sechs Wochen nach einem Angriff in einem Stuttgarter Einkaufszentrum ist eine Frau ihren schweren Verletzungen erlegen. Die 47-J\u00e4hrige hatte bei dem Angriff durch ihren getrennt lebenden Ehemann Stich- und Brandverletzungen erlitten und starb im Krankenhaus, wie die Polizei mitteilte. Der 54 Jahre alte Tatverd\u00e4chtige wurde wegen eines gerichtlichen Unterbringungsbefehls in eine psychiatrische Einrichtung gebracht.<\/p>\n<p class=\"AnnotatedMarkup_paragraph__IUT9l\">Der mutma\u00dfliche T\u00e4ter war Zeugen sp\u00e4ter aufgefallen und knapp zwei Stunden nach der Tat im Stadtteil Heumaden festgenommen worden. Er soll die Frau am 23. Juli zun\u00e4chst mit einem Messer attackiert und sie anschlie\u00dfend in Brand gesteckt haben. Der Angriff ereignete sich kurz nach der \u00d6ffnung der beliebten Shopping-Mall in der Innenstadt. Dort arbeitete die Frau laut Polizei in einem Ladengesch\u00e4ft.<\/p>\n<p class=\"AnnotatedMarkup_paragraph__IUT9l\">Nach Polizeiangaben hatte der Mann seine Frau bereits Mitte Juni in einem Fall von Partnerschaftsgewalt leicht verletzt. Wegen eines gerichtlich verh\u00e4ngten Kontakt- und Ann\u00e4herungsverbots h\u00e4tte er sich der Arbeitsstelle der Frau nicht n\u00e4hern d\u00fcrfen. Laut Polizei lagen bis zu dem Angriff aber keine Anhaltspunkte daf\u00fcr vor, dass der Mann gegen dieses Verbot versto\u00dfen k\u00f6nnte.<\/p>\n<p class=\"AnnotatedMarkup_paragraph__IUT9l\">In dem Einkaufszentrum mit einer Gr\u00f6\u00dfe von rund 43.000 Quadratmetern gibt es etwa 200 L\u00e4den, Gastronomie- und Dienstleistungsbetriebe. Die Shopping-Mall liegt am Mail\u00e4nder Platz im Europaviertel, wenige Gehminuten vom Hauptbahnhof der Landeshauptstadt von Baden-W\u00fcrttemberg entfernt.<\/p>\n<p class=\"AnnotatedMarkup_paragraph__IUT9l\">Verwendete Quellen: lar\/dpa<\/p>\n","protected":false},"excerpt":{"rendered":"Sie k\u00e4mpfte sechs Wochen langEingestochen und angez\u00fcndet! Frau stirbt nach Attacke ihres Mannes Der Verd\u00e4chtige ignorierte ein gerichtlich&hellip;\n","protected":false},"author":2,"featured_media":1276260,"comment_status":"","ping_status":"","sticky":false,"template":"","format":"standard","meta":{"footnotes":"","_share_on_mastodon":"0"},"categories":[1830],"tags":[1634,3364,29,260945,30,1000,1584,1441],"class_list":["post-1276259","post","type-post","status-publish","format-standard","has-post-thumbnail","category-stuttgart","tag-baden-wuerttemberg","tag-de","tag-deutschland","tag-digital-news-desk","tag-germany","tag-gewalt","tag-kriminalitaet","tag-stuttgart"],"share_on_mastodon":{"url":"https:\/\/pubeurope.com\/@de\/117202552979814735","error":""},"_links":{"self":[{"href":"https:\/\/www.europesays.com\/de\/wp-json\/wp\/v2\/posts\/1276259","targetHints":{"allow":["GET"]}}],"collection":[{"href":"https:\/\/www.europesays.com\/de\/wp-json\/wp\/v2\/posts"}],"about":[{"href":"https:\/\/www.europesays.com\/de\/wp-json\/wp\/v2\/types\/post"}],"author":[{"embeddable":true,"href":"https:\/\/www.europesays.com\/de\/wp-json\/wp\/v2\/users\/2"}],"replies":[{"embeddable":true,"href":"https:\/\/www.europesays.com\/de\/wp-json\/wp\/v2\/comments?post=1276259"}],"version-history":[{"count":0,"href":"https:\/\/www.europesays.com\/de\/wp-json\/wp\/v2\/posts\/1276259\/revisions"}],"wp:featuredmedia":[{"embeddable":true,"href":"https:\/\/www.europesays.com\/de\/wp-json\/wp\/v2\/media\/1276260"}],"wp:attachment":[{"href":"https:\/\/www.europesays.com\/de\/wp-json\/wp\/v2\/media?parent=1276259"}],"wp:term":[{"taxonomy":"category","embeddable":true,"href":"https:\/\/www.europesays.com\/de\/wp-json\/wp\/v2\/categories?post=1276259"},{"taxonomy":"post_tag","embeddable":true,"href":"https:\/\/www.europesays.com\/de\/wp-json\/wp\/v2\/tags?post=1276259"}],"curies":[{"name":"wp","href":"https:\/\/api.w.org\/{rel}","templated":true}]}}