{"id":1276277,"date":"2026-09-02T17:17:19","date_gmt":"2026-09-02T17:17:19","guid":{"rendered":"https:\/\/www.europesays.com\/de\/1276277\/"},"modified":"2026-09-02T17:17:19","modified_gmt":"2026-09-02T17:17:19","slug":"angriffe-auf-stromversorgungsanlagen-brandenburgs-innenminister-vermutet-koordinierten-angriff-auf-anlagen","status":"publish","type":"post","link":"https:\/\/www.europesays.com\/de\/1276277\/","title":{"rendered":"Angriffe auf Stromversorgungsanlagen: Brandenburgs Innenminister vermutet koordinierten Angriff auf Anlagen"},"content":{"rendered":"<p class=\"paragraph article__item\"><a class=\"rtr-entity\" href=\"https:\/\/www.zeit.de\/thema\/brandenburg\" rel=\"nofollow noopener\" target=\"_blank\">Brandenburgs<\/a> Innenminister Jan Redmann (CDU) h\u00e4lt einen Zusammenhang zwischen den Angriffen auf die beiden Stromversorgungsanlagen von J\u00e4nschwalde und Bergheim f\u00fcr wahrscheinlich. \u00bbDie Anzeichen verdichten sich, dass beide Angriffe Teil eines koordinierten Angriffs auf unsere Energieversorgung sind\u00ab, sagte er laut einer Mitteilung seines Ministeriums. \u00bbEs ist folgerichtig, dass der Generalbundesanwalt pr\u00fcft, die Ermittlungen an sich zu ziehen.\u00ab\n<\/p>\n<p class=\"paragraph article__item\">Nach dem Angriff auf das Stromnetz in S\u00fcdbrandenburg gehen die Ermittler davon aus, dass auch die St\u00f6rung an einem Umspannwerk in Bergheim bei K\u00f6ln auf verfassungsfeindliche Sabotage zur\u00fcckgeht.\u00a0Die Ermittler sehen Parallelen zu dem Fall in Brandenburg, wo Unbekannte am Dienstagmorgen unweit des Umspannwerks Turnow-Preilack einen Angriff auf die <a class=\"rtr-entity\" href=\"https:\/\/www.zeit.de\/thema\/stromversorgung\" rel=\"nofollow noopener\" target=\"_blank\">Stromversorgung<\/a> gestartet hatten. <a href=\"https:\/\/www.zeit.de\/politik\/2026-09\/sabotage-jaenschwelde-umspannwerk-nachrichtenpodcast\" target=\"_blank\" rel=\"nofollow noopener\">In der N\u00e4he beider Orte wurden nach Angaben der Beh\u00f6rden Abschussvorrichtungen und Pyrotechnik gefunden<\/a>, die m\u00f6glicherweise bereits vor l\u00e4ngerer Zeit dort installiert wurden.\n<\/p>\n<p>            Zwischen den Anschl\u00e4gen lagen nur Stunden            <\/p>\n<p class=\"paragraph article__item\">In Bergheim hatten Unbekannte am Dienstagabend nach Angaben der Ermittler vermutlich einen Draht \u00fcber eine Hochspannungsleitung gebracht und so einen Kurzschluss verursacht.  In einem angrenzenden Maisfeld fanden die Beamten sechs Abschussvorrichtungen. In der Folge wurden f\u00fcnf Braunkohlekraftwerksbl\u00f6cke von RWE mit einer Gesamtkapazit\u00e4t von 4.200 Megawatt abgeschaltet, was etwa der Leistung von vier mittelgro\u00dfen Atomkraftwerken entspricht. Zwei der Bl\u00f6cke gingen am Mittwochvormittag wieder ans Netz, ein weiterer sollte am Abend folgen. Die \u00fcbrigen zwei k\u00f6nnen voraussichtlich am Wochenende wieder Strom einspeisen.\n<\/p>\n<p>\n                                        Newsletter<br \/>\n                                        Was jetzt, im Osten?<\/p>\n<p class=\"newsletter-signup__text\">Jeden Mittwoch erhalten Sie Nachrichten und Stimmungsbilder zu den Landtagswahlen sowie zum Alltagsleben und zur Kultur im Osten der Republik.<\/p>\n<p class=\"newsletter-signup__datapolicy\" hidden=\"\">\n            Mit Ihrer Registrierung nehmen Sie die <a href=\"https:\/\/datenschutz.zeit.de\/zon#Newsletter\" target=\"_blank\" rel=\"nofollow noopener\">Datenschutzerkl\u00e4rung<\/a> zur Kenntnis.\n        <\/p>\n<p>    Vielen Dank! Wir haben Ihnen eine E-Mail geschickt.<\/p>\n<p>Pr\u00fcfen Sie Ihr Postfach und best\u00e4tigen Sie das Newsletter-Abonnement.<\/p>\n<p class=\"paragraph article__item\">Der Zwischenfall in Nordrhein-Westfalen ereignete sich nur Stunden nach einem \u00e4hnlichen Anschlag in Brandenburg. Dort hatten Unbekannte am Dienstagmorgen versucht, mit einem Angriff auf ein Umspannwerk nahe dem Kraftwerk J\u00e4nschwalde einen gro\u00dffl\u00e4chigen Stromausfall auszul\u00f6sen. Dazu schossen sie mit \u2060selbst gebauten, silvesterraketen\u00e4hnlichen Flugk\u00f6rpern leitf\u00e4higes Material in die Hochspannungsleitungen. Dies f\u00fchrte zu einem Kurzschluss.\n<\/p>\n<p>Mehr zum Thema<\/p>\n<p>            Anschl\u00e4ge        <\/p>\n<p>                <a href=\"https:\/\/www.zeit.de\/politik\/deutschland\/2026-09\/anschlaege-umspannwerke-nrw-brandenburg-sabotage\" data-ct-label=\"Anschl\u00e4ge auf Umspannwerke: Ist es das, wonach es aussieht?\" data-uuid=\"72772a08-cc13-4d95-b516-28ea99ee845f\" rel=\"nofollow noopener\" target=\"_blank\"><\/p>\n<p>        Z+ (abopflichtiger Inhalt);<\/p>\n<p>    Anschl\u00e4ge auf Umspannwerke:<br \/>\n                        Ist es das, wonach es aussieht?<\/p>\n<p>                <\/a><\/p>\n<p>                <a href=\"https:\/\/www.zeit.de\/politik\/ausland\/2026-09\/drohne-anschlag-leipzig-flughafen-sprengstoff\" data-ct-label=\"Drohnenanschlag in Leipzig: Wie die Ermittler herausfanden, woher die Drohne kam\" data-uuid=\"e4733e13-a45b-4525-a3a6-0a14ae73d597\" rel=\"nofollow noopener\" target=\"_blank\"><\/p>\n<p>        Z+ (abopflichtiger Inhalt);<\/p>\n<p>    Drohnenanschlag in Leipzig:<br \/>\n                        Wie die Ermittler herausfanden, woher die Drohne kam<\/p>\n<p>                <\/a><\/p>\n<p>                <a href=\"https:\/\/www.zeit.de\/gesellschaft\/2026-09\/sprengvorrichtung-an-umspannwerk-in-brandenburg-gefunden-gxe\" data-ct-label=\"J\u00e4nschwalde: Polizei meldet Detonation an Umspannwerk in Brandenburg\" data-uuid=\"3a983b62-0a6c-4dba-9b3f-dec3c803c255\" rel=\"nofollow noopener\" target=\"_blank\"><\/p>\n<p>                        J\u00e4nschwalde:<br \/>\n                        Polizei meldet Detonation an Umspannwerk in Brandenburg<\/p>\n<p>                <\/a><\/p>\n","protected":false},"excerpt":{"rendered":"Brandenburgs Innenminister Jan Redmann (CDU) h\u00e4lt einen Zusammenhang zwischen den Angriffen auf die beiden Stromversorgungsanlagen von J\u00e4nschwalde und&hellip;\n","protected":false},"author":2,"featured_media":1276278,"comment_status":"","ping_status":"","sticky":false,"template":"","format":"standard","meta":{"footnotes":"","_share_on_mastodon":"0"},"categories":[1816],"tags":[1960,1958,1959,1957,263402,1956,1890,29,30,187859,1209,16,5667,1136],"class_list":["post-1276277","post","type-post","status-publish","format-standard","has-post-thumbnail","category-brandenburg","tag-aktuelle-nachrichten-aus-berlin-und-brandenburg","tag-aktuelle-nachrichten-aus-brandenburg","tag-aktuelle-news-aus-berlin-und-brandenburg","tag-aktuelle-news-aus-brandenburg","tag-angriffe-auf-stromversorgungsanlagen","tag-berlin-und-brandenburg","tag-brandenburg","tag-deutschland","tag-germany","tag-jan-redmann","tag-nordrhein-westfalen","tag-politik","tag-stromausfall","tag-stromversorgung"],"share_on_mastodon":{"url":"https:\/\/pubeurope.com\/@de\/117202586828435960","error":""},"_links":{"self":[{"href":"https:\/\/www.europesays.com\/de\/wp-json\/wp\/v2\/posts\/1276277","targetHints":{"allow":["GET"]}}],"collection":[{"href":"https:\/\/www.europesays.com\/de\/wp-json\/wp\/v2\/posts"}],"about":[{"href":"https:\/\/www.europesays.com\/de\/wp-json\/wp\/v2\/types\/post"}],"author":[{"embeddable":true,"href":"https:\/\/www.europesays.com\/de\/wp-json\/wp\/v2\/users\/2"}],"replies":[{"embeddable":true,"href":"https:\/\/www.europesays.com\/de\/wp-json\/wp\/v2\/comments?post=1276277"}],"version-history":[{"count":0,"href":"https:\/\/www.europesays.com\/de\/wp-json\/wp\/v2\/posts\/1276277\/revisions"}],"wp:featuredmedia":[{"embeddable":true,"href":"https:\/\/www.europesays.com\/de\/wp-json\/wp\/v2\/media\/1276278"}],"wp:attachment":[{"href":"https:\/\/www.europesays.com\/de\/wp-json\/wp\/v2\/media?parent=1276277"}],"wp:term":[{"taxonomy":"category","embeddable":true,"href":"https:\/\/www.europesays.com\/de\/wp-json\/wp\/v2\/categories?post=1276277"},{"taxonomy":"post_tag","embeddable":true,"href":"https:\/\/www.europesays.com\/de\/wp-json\/wp\/v2\/tags?post=1276277"}],"curies":[{"name":"wp","href":"https:\/\/api.w.org\/{rel}","templated":true}]}}