{"id":1276285,"date":"2026-09-02T17:21:30","date_gmt":"2026-09-02T17:21:30","guid":{"rendered":"https:\/\/www.europesays.com\/de\/1276285\/"},"modified":"2026-09-02T17:21:30","modified_gmt":"2026-09-02T17:21:30","slug":"kurt-vile-ist-der-koenig-der-indierock-schluffis-diese-konzerte-in-berlin-sollten-sie-nicht-verpassen","status":"publish","type":"post","link":"https:\/\/www.europesays.com\/de\/1276285\/","title":{"rendered":"Kurt Vile ist der K\u00f6nig der Indierock-Schluffis: Diese Konzerte in Berlin sollten Sie nicht verpassen"},"content":{"rendered":"<p class=\"tspBAkv tspBAkw\">Au\u00dferdem am Start: ein deutscher Pop-Dandy, ein Duo wie aus \u201eBabylon Berlin\u201c, junggebliebene Punkrocker aus Manchester, ein nordirischer Seelens\u00e4nger und eine tolle Freiluftsause zum Minimaltarif. Unsere Konzertempfehlungen f\u00fcr die kommende Woche.<\/p>\n<p> 1  Kurt Vile &amp; The Violators <img decoding=\"async\" src=\"https:\/\/www.europesays.com\/de\/wp-content\/uploads\/2026\/09\/kurt-vile-the-violators-vodafone-paredes-de-coura-2026-13-aug-2026.jpeg\"   alt=\"August 13, 2026, Paredes De Coura, Braga, Portugal: Kurt Vile, singer and guitarist of the American indie rock band Kurt Vile &amp; The Violators, performs on the main stage during the Vodafone Paredes de Coura. Paredes De Coura Portugal PUBLICATIONxINxGERxSUIxAUTxONLY - ZUMAs197 20260813_aaa_s197_231 Copyright: xDiogoxBaptistax\" aria-labelledby=\"caption-16009443\" width=\"440\" height=\"330\" loading=\"lazy\" class=\"tspBDk8\"\/> Auf der B\u00fchne tiefenentspannt: Kurt Vile beim Konzert in Braga, Portugal. <\/p>\n<p class=\"tspA6kl\"> \u00a9 imago\/ZUMA Press\/IMAGO\/Diogo Baptista <\/p>\n<p class=\"tspBAkv\">\u201eNot to be confused with Kurt Weill\u201c steht \u00fcber dem Wikipedia-Eintrag des 46-J\u00e4hrigen aus Philadelphia, der in den letzten zwei Jahrzehnten auf denkbar unaufgeregteste Art und Weise zu einem der f\u00fchrenden Protagonisten des US-Indierock aufgestiegen ist.<\/p>\n<p class=\"tspBAkv\">Denn Kurt Vile \u2013 er hei\u00dft wirklich so \u2013 scheint es nie darauf angelegt zu haben, zum Posterboy einer Generation von Musikern zu werden, deren hervorstechende Eigenschaft ihre Ambitionslosigkeit zu sein scheint.<\/p>\n<p class=\"tspBAkv\">Scheint! Denn auch wenn Vile, ob solo oder mit seiner Band The Violators, sich jemals aus der Ruhe bringen l\u00e4sst, liegt in seinem stoischen Schaffen doch eine ungeahnte Zielstrebigkeit.<\/p>\n<p class=\"tspACgi\">Empfohlener redaktioneller Inhalt<\/p>\n<p> An dieser Stelle finden Sie einen von unseren Redakteuren ausgew\u00e4hlten, externen Inhalt, der den Artikel f\u00fcr Sie mit zus\u00e4tzlichen Informationen anreichert. Sie k\u00f6nnen sich hier den externen Inhalt mit einem Klick anzeigen lassen oder wieder ausblenden. <\/p>\n<p> Externen Inhalt anzeigen <\/p>\n<p class=\"tspACgo\"> Ich bin damit einverstanden, dass mir der externe Inhalt angezeigt wird. Damit k\u00f6nnen personenbezogene Daten an Drittplattformen \u00fcbermittelt werden.  Mehr Informationen dazu erhalten Sie in den Datenschutz-Einstellungen. Diese finden Sie ganz unten auf unserer Seite im Footer, sodass Sie Ihre Einstellungen jederzeit verwalten oder widerrufen k\u00f6nnen. <\/p>\n<p class=\"tspBAkv\">Eine sch\u00f6ne Pointe der Pophistorie war, dass Vile 2021 das vorletzte Album von Dinosaur Jr. produzieren durfte, der Band von J. Mascis, dem eine Pop-Generation \u00e4lteren Urvater aller modernen Indierock-Schluffis.<\/p>\n<p>Huxleys Neue Welt<\/p>\n<p class=\"tspBAkv\">Hasenheide 107, Neuk\u00f6lln, Do 3.9., 20 Uhr, 38 Euro<\/p>\n<p>Weekender: Unsere Tipps f\u00fcr Ihr Wochenende<\/p>\n<p><img decoding=\"async\" src=\"https:\/\/www.europesays.com\/de\/wp-content\/uploads\/2026\/01\/disko-3.png\" alt=\"\" class=\"tspBIhq\"\/><\/p>\n<p class=\"tspBIlh\"> Zu viel Kultur, zu wenig Zeit? Unser \u201eWeekender\u201c-Newsletter sortiert Berlins Highlights f\u00fcr Ihr Wochenende \u2013 pers\u00f6nlich kuratiert, kostenlos im Postfach. <\/p>\n<p> 2  Drangsal <img decoding=\"async\" src=\"https:\/\/www.europesays.com\/de\/wp-content\/uploads\/2026\/09\/drangsal.jpeg\"   alt=\"Drangsal\" aria-labelledby=\"caption-15983918\" width=\"440\" height=\"330\" loading=\"lazy\" class=\"tspBDk8\"\/> Kann auch niedlich: Max Gruber alias Drangsal. <\/p>\n<p class=\"tspA6kl\"> \u00a9 Jan Philipzen <\/p>\n<p class=\"tspBAkv\">Es ist wohl der l\u00e4ngste Titel einer deutschen Platte seit Jens Friebes \u201eDas mit dem Auto ist egal, Hauptsache Dir ist nichts passiert\u201c (2007): \u201eAus keiner meiner Br\u00fccken die in Asche liegen ist je ein Ph\u00f6nix emporgestiegen\u201c hei\u00dft das 2025 erschienene, vierte Album von Drangsal. Genauso pomp\u00f6s (im guten Sinne) klingt es auch.<\/p>\n<p class=\"tspBAkv\">Der windschnittig-pathetische Synthie-Postpunk der ersten Platten ist dem ambitionierten Eigenbau eines retrofuturistischen Artrock gewichen, zu dem Gruber mit wie gewohnt an Farin Urlaub erinnernder Stimme Bedeutungsschwangeres deklamiert.<\/p>\n<p class=\"tspBAkv\">In dieser Verfeinerungsstufe konnte das nur im Kollektiv entstehen. Dementsprechend ist Drangsal jetzt nicht mehr das Soloprojekt von Max Gruber, sondern eine richtige Band, zu der Lukas Korn und Marvin Holley geh\u00f6ren.<\/p>\n<p class=\"tspBAkv\">Dass Gruber ganz anders kann, zeigt er im Vorprogramm an der Seite von Stella Sommer: Die beiden sind Die Mausis, deren superniedliches Deb\u00fctalbum \u201eIn einem blauen Mond\u201c (2024) zu den charmantesten Pop-\u00dcberraschungen der letzten Jahre z\u00e4hlt.<\/p>\n<p>Heimathafen Neuk\u00f6lln<\/p>\n<p class=\"tspBAkv\">Karl-Marx-Str. 141, Sa 5.9., 20 Uhr, 39 Euro<\/p>\n<p> 3  The Dresden Dolls <img decoding=\"async\" src=\"https:\/\/www.europesays.com\/de\/wp-content\/uploads\/2026\/09\/the-dresden-dolls.jpeg\"   alt=\"The Dresden Dolls\" aria-labelledby=\"caption-15983779\" width=\"440\" height=\"330\" loading=\"lazy\" class=\"tspBDk8\"\/> R\u00fccksturz in die Zwanziger: The Dresden Dolls. <\/p>\n<p class=\"tspA6kl\"> \u00a9 Pixie Vision Photography <\/p>\n<p class=\"tspBAkv\">Zu den universellen Sehnsuchtschiffren eines goldenen Gestern geh\u00f6rt die kurze Bl\u00fctezeit der Weimarer Republik, deren Extravaganzen gerade im angels\u00e4chsischen Kulturraum auf Resonanz sto\u00dfen.<\/p>\n<p class=\"tspBAkv\">So haben sich Glamrocker wie Bryan Ferry oder Lou Reed vom Mythos der Goldenen Zwanziger und der zum S\u00fcndenbabel verkl\u00e4rten Metropole Berlin zu transgressivem Retro-Pop hinrei\u00dfen lassen.<\/p>\n<p class=\"tspBAkv\">David Bowie und Iggy Pop sind dem Magnetismus Berlins sogar pers\u00f6nlich erlegen, wurden vor Ort aber eher von der Kaputtheit der Gegenwart als vom Abglanz der Vergangenheit zu bahnbrechenden Werken inspiriert.<\/p>\n<p class=\"tspBAkv\">Filme wie Bob Fosses \u201eCabaret\u201c (1972) oder 45 Jahre sp\u00e4ter die Fernsehserie \u201eBabylon Berlin\u201c haben den Twenties-Kult ebenso befeuert wie die Popkultur-Ph\u00e4nomene Neoswing, Burlesque und Steampunk.<\/p>\n<p class=\"tspBAkv\">In das dekadente Endzeit-der-Weimarer-Republik-Szenario der international gefeierten TV-Serie \u201eBabylon Berlin\u201c h\u00e4tte ein Duo aus Boston gut gepasst, dessen Karriere bei Erscheinen der Serie 2017 schon wieder vorbei zu sein schien.<\/p>\n<p class=\"tspBAkv\">The Dresden Dolls sorgten in den fr\u00fchen Nullerjahren mit einem Retropop-Entwurf f\u00fcr Furore, den sie, auch um ihn vom Gothic-Rock abzugrenzen, als \u201eBrechtian Punk Cabaret\u201c bezeichneten.<\/p>\n<p class=\"tspBAkv\">Mit ihrer minimalistischen Duobesetzung \u00e4hnelten Amanda Palmer (Gesang und Piano) und Brian Viglione (Schlagzeug) typologisch den White Stripes, hoben allerdings mit Schminke, Strapsen und Gestik den theatralischen Gesamtkunstcharakter hervor.<\/p>\n<p class=\"tspBAkv\">Das Deb\u00fct mit der frivolen Sexhymne \u201eCoin-Operated Boy\u201c machte The Dresden Dolls 2003 zu Szenestars, was nicht zuletzt an Amanda Palmer lag, die die Rolle der Femme fatale zwischen Marlene Dietrich und PJ Harvey perfekt auszuf\u00fcllen wusste.<\/p>\n<p class=\"tspACgi\">Empfohlener redaktioneller Inhalt<\/p>\n<p> An dieser Stelle finden Sie einen von unseren Redakteuren ausgew\u00e4hlten, externen Inhalt, der den Artikel f\u00fcr Sie mit zus\u00e4tzlichen Informationen anreichert. Sie k\u00f6nnen sich hier den externen Inhalt mit einem Klick anzeigen lassen oder wieder ausblenden. <\/p>\n<p> Externen Inhalt anzeigen <\/p>\n<p class=\"tspACgo\"> Ich bin damit einverstanden, dass mir der externe Inhalt angezeigt wird. Damit k\u00f6nnen personenbezogene Daten an Drittplattformen \u00fcbermittelt werden.  Mehr Informationen dazu erhalten Sie in den Datenschutz-Einstellungen. Diese finden Sie ganz unten auf unserer Seite im Footer, sodass Sie Ihre Einstellungen jederzeit verwalten oder widerrufen k\u00f6nnen. <\/p>\n<p class=\"tspBAkv\">Schade, dass das zweite Album \u201eYes, Virginia \u2026\u201c 2006 bereits das letzte werden sollte und die Dresden Dolls seither als On-Off-Versuchsanordnung funktionieren.<\/p>\n<p class=\"tspBAkv\">Das Weimar-Revival der Zehnerjahre haben sie somit verpasst. Aber daf\u00fcr inszenieren sie nun ihr eigenes: 20 Jahre nach Erscheinen haben sie \u201eYes, Virginia \u2026\u201c neu eingespielt und als \u201eYes, Virginia (Tailor\u2019s Version)\u201c erneut ver\u00f6ffentlicht.<\/p>\n<p class=\"tspBAkv\">Das \u201eBrechtian Punk Cabaret\u201c klingt knackiger und subtiler als je zuvor und erweist den mittlerweile ein Jahrhundert zur\u00fcckliegenden \u201eechten\u201c Twenties einen mitrei\u00dfenden Respekt.<\/p>\n<p>Huxleys Neue Welt<\/p>\n<p class=\"tspBAkv\">Hasenheide 107, Neuk\u00f6lln, Sa 5.9., 20 Uhr, ausverkauft, evtl. Restkarten<\/p>\n<p>Queerspiegel: Der Newsletter f\u00fcr das queere Berlin<\/p>\n<p><img decoding=\"async\" src=\"https:\/\/www.europesays.com\/de\/wp-content\/uploads\/2025\/04\/queerspiegel-icon.png\" alt=\"\" class=\"tspBIhq\"\/><\/p>\n<p class=\"tspBIlh\"> Die Queerspiegel-Redaktion informiert Euch \u00fcber die wichtigsten LGBTI-Ereignisse, Menschen, Termine aus Politik, Kultur und Sport. <\/p>\n<p> 4  Buzzcocks <img decoding=\"async\" src=\"https:\/\/www.europesays.com\/de\/wp-content\/uploads\/2026\/09\/buzzcocks.jpeg\"   alt=\"Buzzcocks, Steve Diggle\u00a0\" aria-labelledby=\"caption-16000869\" width=\"440\" height=\"330\" loading=\"lazy\" class=\"tspBDk8\"\/> Punk h\u00e4lt fit: Steve Diggle, 71, mit den Buzzcocks. <\/p>\n<p class=\"tspA6kl\"> \u00a9 IMAGO\/Krisztian Elek <\/p>\n<p class=\"tspBAkv\">Die Buzzcocks waren in vielerlei Hinsicht der Gegenentwurf zu den Sex Pistols. W\u00e4hrend die Pistols mit von Malcolm McLaren kuratiertem M\u00fclltonnen-Look, rebellischer Attit\u00fcde zu Punk-Ikonen wurden, scherten sich die Buzzcocks einen Dreck ums Image.<\/p>\n<p class=\"tspBAkv\">Die Band aus Manchester setzte allein auf die Kraft von himmelst\u00fcrmenden Powerpop-Songs wie \u201eEver Fallen in Love (With Someone You Shouldn\u2019t\u2019ve)\u201c, mit dem sie 1978 ihren einzigen Top-20-Hit hatten.<\/p>\n<p class=\"tspACgi\">Empfohlener redaktioneller Inhalt<\/p>\n<p> An dieser Stelle finden Sie einen von unseren Redakteuren ausgew\u00e4hlten, externen Inhalt, der den Artikel f\u00fcr Sie mit zus\u00e4tzlichen Informationen anreichert. Sie k\u00f6nnen sich hier den externen Inhalt mit einem Klick anzeigen lassen oder wieder ausblenden. <\/p>\n<p> Externen Inhalt anzeigen <\/p>\n<p class=\"tspACgo\"> Ich bin damit einverstanden, dass mir der externe Inhalt angezeigt wird. Damit k\u00f6nnen personenbezogene Daten an Drittplattformen \u00fcbermittelt werden.  Mehr Informationen dazu erhalten Sie in den Datenschutz-Einstellungen. Diese finden Sie ganz unten auf unserer Seite im Footer, sodass Sie Ihre Einstellungen jederzeit verwalten oder widerrufen k\u00f6nnen. <\/p>\n<p class=\"tspBAkv\">Seit dem Tod von Mastermind Pete Shelley 2018 ist Steve Diggle (Foto), der seit 1977 dabei ist, das dienst\u00e4lteste Bandmitglied.<\/p>\n<p>Lido<\/p>\n<p class=\"tspBAkv\">Cuvrystr. 7, Kreuzberg, Sa 5.9., 20 Uhr, 50 Euro<\/p>\n<p> 5  Foy Vance <img decoding=\"async\" src=\"https:\/\/www.europesays.com\/de\/wp-content\/uploads\/2026\/09\/foy-vance.jpeg\"   alt=\"Foy Vance\" aria-labelledby=\"caption-15983845\" width=\"440\" height=\"330\" loading=\"lazy\" class=\"tspBDk8\"\/> Wolken ziehen vor\u00fcber: Foy Vance. <\/p>\n<p class=\"tspA6kl\"> \u00a9 Trinity\/Promo <\/p>\n<p class=\"tspBAkv\">Das wolkenverhangene Klima seiner nordirischen Heimat scheint sich in den samtig-melodischen Folksongs von Foy Vance niederzuschlagen.<\/p>\n<p class=\"tspACgi\">Empfohlener redaktioneller Inhalt<\/p>\n<p> An dieser Stelle finden Sie einen von unseren Redakteuren ausgew\u00e4hlten, externen Inhalt, der den Artikel f\u00fcr Sie mit zus\u00e4tzlichen Informationen anreichert. Sie k\u00f6nnen sich hier den externen Inhalt mit einem Klick anzeigen lassen oder wieder ausblenden. <\/p>\n<p> Externen Inhalt anzeigen <\/p>\n<p class=\"tspACgo\"> Ich bin damit einverstanden, dass mir der externe Inhalt angezeigt wird. Damit k\u00f6nnen personenbezogene Daten an Drittplattformen \u00fcbermittelt werden.  Mehr Informationen dazu erhalten Sie in den Datenschutz-Einstellungen. Diese finden Sie ganz unten auf unserer Seite im Footer, sodass Sie Ihre Einstellungen jederzeit verwalten oder widerrufen k\u00f6nnen. <\/p>\n<p class=\"tspBAkv\">Doch auch die Musik des lichtdurchfluteten US-S\u00fcdens hat der 51-J\u00e4hrige quasi mit der Muttermilch aufgesogen, als die junge Familie mit seinem wanderpredigenden Vater dort umherzog.<\/p>\n<p class=\"tspBAkv\">Dessen pl\u00f6tzlicher Tod besch\u00e4ftigt den spirituell angefassten Seelens\u00e4nger bis heute. Auf dem j\u00fcngsten Album \u201eThe Wake\u201c beschw\u00f6rt Vance, dessen Karriere von Ed Sheeran gef\u00f6rdert wurde, in \u201eHi, I\u2019m the Preacher\u2019s Son\u201c auf sehr bewegende Weise die alten, nicht immer guten Zeiten.<\/p>\n<p>Heimathafen Neuk\u00f6lln<\/p>\n<p class=\"tspBAkv\">Karl-Marx-Str. 141, So 6.9., 19 Uhr, 45 Euro<\/p>\n<p>Mehr zu Konzerten und Popkultur<a href=\"https:\/\/www.tagesspiegel.de\/kultur\/the-whitest-boy-alive-in-potsdam-ein-letzter-tanz-mit-den-nullerjahren-15982423.html?icid=topic-list_16009475___\" data-gtm-class=\"article-mzt-link\" data-hydrate-fingerprint=\"09740a54944caac75fd2c0c63fd5c5df\" data-hydrate-props=\"{&amp;escapedquot;element&amp;escapedquot;:{&amp;escapedquot;type&amp;escapedquot;:&amp;escapedquot;relatedContent&amp;escapedquot;,&amp;escapedquot;fieldMap&amp;escapedquot;:{},&amp;escapedquot;relation&amp;escapedquot;:{&amp;escapedquot;fields&amp;escapedquot;:{&amp;escapedquot;isPaid&amp;escapedquot;:true},&amp;escapedquot;href&amp;escapedquot;:&amp;escapedquot;\/kultur\/the-whitest-boy-alive-in-potsdam-ein-letzter-tanz-mit-den-nullerjahren-15982423.html&amp;escapedquot;,&amp;escapedquot;teaserTitle&amp;escapedquot;:{&amp;escapedquot;kicker&amp;escapedquot;:&amp;escapedquot;The Whitest Boy Alive in Potsdam&amp;escapedquot;,&amp;escapedquot;headline&amp;escapedquot;:&amp;escapedquot;Ein letzter Tanz mit den Nullerjahren&amp;escapedquot;},&amp;escapedquot;id&amp;escapedquot;:&amp;escapedquot;15982423&amp;escapedquot;,&amp;escapedquot;type&amp;escapedquot;:&amp;escapedquot;story&amp;escapedquot;},&amp;escapedquot;isPartOfList&amp;escapedquot;:true,&amp;escapedquot;topicListType&amp;escapedquot;:&amp;escapedquot;topic-list&amp;escapedquot;},&amp;escapedquot;showArrow&amp;escapedquot;:true}\" data-hydrate-slots=\"{&#039;default&#039;:[]}\" class=\"tspB8oe tspB7oc\" rel=\"nofollow noopener\" target=\"_blank\">The Whitest Boy Alive in Potsdam Ein letzter Tanz mit den Nullerjahren <\/a><a href=\"https:\/\/www.tagesspiegel.de\/kultur\/roland-kaiser-singt-in-der-waldbuhne-vielleicht-kann-die-liebe-uns-ja-doch-retten-15970944.html?icid=topic-list_16009475___\" data-gtm-class=\"article-mzt-link\" data-hydrate-fingerprint=\"09740a54944caac75fd2c0c63fd5c5df\" data-hydrate-props=\"{&amp;escapedquot;element&amp;escapedquot;:{&amp;escapedquot;type&amp;escapedquot;:&amp;escapedquot;relatedContent&amp;escapedquot;,&amp;escapedquot;fieldMap&amp;escapedquot;:{},&amp;escapedquot;relation&amp;escapedquot;:{&amp;escapedquot;fields&amp;escapedquot;:{&amp;escapedquot;isPaid&amp;escapedquot;:true},&amp;escapedquot;href&amp;escapedquot;:&amp;escapedquot;\/kultur\/roland-kaiser-singt-in-der-waldbuhne-vielleicht-kann-die-liebe-uns-ja-doch-retten-15970944.html&amp;escapedquot;,&amp;escapedquot;teaserTitle&amp;escapedquot;:{&amp;escapedquot;kicker&amp;escapedquot;:&amp;escapedquot;Roland Kaiser singt in der Waldb\u00fchne&amp;escapedquot;,&amp;escapedquot;headline&amp;escapedquot;:&amp;escapedquot;Vielleicht kann die Liebe uns ja doch retten&amp;escapedquot;},&amp;escapedquot;id&amp;escapedquot;:&amp;escapedquot;15970944&amp;escapedquot;,&amp;escapedquot;type&amp;escapedquot;:&amp;escapedquot;story&amp;escapedquot;},&amp;escapedquot;isPartOfList&amp;escapedquot;:true,&amp;escapedquot;topicListType&amp;escapedquot;:&amp;escapedquot;topic-list&amp;escapedquot;},&amp;escapedquot;showArrow&amp;escapedquot;:true}\" data-hydrate-slots=\"{&#039;default&#039;:[]}\" class=\"tspB8oe tspB7oc\" rel=\"nofollow noopener\" target=\"_blank\">Roland Kaiser singt in der Waldb\u00fchne Vielleicht kann die Liebe uns ja doch retten <\/a><a href=\"https:\/\/www.tagesspiegel.de\/kultur\/kraftklubs-tolles-konzert-in-der-berliner-wuhlheide-es-ist-alles-schlimm-aber-nie-was-verloren-15970547.html?icid=topic-list_16009475___\" data-gtm-class=\"article-mzt-link\" data-hydrate-fingerprint=\"09740a54944caac75fd2c0c63fd5c5df\" data-hydrate-props=\"{&amp;escapedquot;element&amp;escapedquot;:{&amp;escapedquot;type&amp;escapedquot;:&amp;escapedquot;relatedContent&amp;escapedquot;,&amp;escapedquot;fieldMap&amp;escapedquot;:{},&amp;escapedquot;relation&amp;escapedquot;:{&amp;escapedquot;fields&amp;escapedquot;:{&amp;escapedquot;isPaid&amp;escapedquot;:true},&amp;escapedquot;href&amp;escapedquot;:&amp;escapedquot;\/kultur\/kraftklubs-tolles-konzert-in-der-berliner-wuhlheide-es-ist-alles-schlimm-aber-nie-was-verloren-15970547.html&amp;escapedquot;,&amp;escapedquot;teaserTitle&amp;escapedquot;:{&amp;escapedquot;kicker&amp;escapedquot;:&amp;escapedquot;Kraftklub in der Berliner Wuhlheide&amp;escapedquot;,&amp;escapedquot;headline&amp;escapedquot;:&amp;escapedquot;Es ist alles schlimm, aber nie was verloren&amp;escapedquot;},&amp;escapedquot;id&amp;escapedquot;:&amp;escapedquot;15970547&amp;escapedquot;,&amp;escapedquot;type&amp;escapedquot;:&amp;escapedquot;story&amp;escapedquot;},&amp;escapedquot;isPartOfList&amp;escapedquot;:true,&amp;escapedquot;topicListType&amp;escapedquot;:&amp;escapedquot;topic-list&amp;escapedquot;},&amp;escapedquot;showArrow&amp;escapedquot;:true}\" data-hydrate-slots=\"{&#039;default&#039;:[]}\" class=\"tspB8oe tspB7oc\" rel=\"nofollow noopener\" target=\"_blank\">Kraftklub in der Berliner Wuhlheide Es ist alles schlimm, aber nie was verloren <\/a> 6  Berliner Kurkonzert #2 <img decoding=\"async\" src=\"https:\/\/www.europesays.com\/de\/wp-content\/uploads\/2026\/09\/onom-agemo-the-disco-jumpers.jpeg\"   alt=\"Onom Agemo &amp; the Disco Jumpers\" aria-labelledby=\"caption-15983895\" width=\"440\" height=\"330\" loading=\"lazy\" class=\"tspBDk8\"\/> Hypnotische Kl\u00e4nge: Onom Agemo &amp; the Disco Jumpers. <\/p>\n<p class=\"tspA6kl\"> \u00a9 Bandcamp\/Promo <\/p>\n<p class=\"tspBAkv\">Nicht genug zu loben ist das zweite und f\u00fcr diesen Sommer letzte Sonntagnachmittagsprogramm der Berliner Kurkonzerte auf der Hofb\u00fchne direkt neben der (gro\u00dfen) Freilichtb\u00fchne Wei\u00dfensee.<\/p>\n<p class=\"tspBAkv\">In lauschiger Atmosph\u00e4re singt der Popkoro Chor t\u00fcrkische Popmusik der Siebziger. Nach einem Intermezzo f\u00fcr j\u00fcngere G\u00e4ste ab 4 Jahren mit dem Tanztheater-Kollektiv Oopsala und seinem neuen St\u00fcck \u201eIm Wal\u201c geht es weiter mit der Berliner Band Der Singende Tresen und ihrer Mischung aus Chanson, Punk und Jazz.<\/p>\n<p class=\"tspBAkv\">Euphorisierender H\u00f6hepunkt d\u00fcrfte der Auftritt von Onom Agemo &amp; The Disco Jumpers (Foto) werden, dem Bandprojekt des Saxofonisten Johannes Schleiermacher mit einem hypnotischen Amalgam aus Afrofunk, Jazz, Krautrock und Psychedelia.<\/p>\n<p>Freilichtb\u00fchne Wei\u00dfensee<\/p>\n<p class=\"tspBAkv\">Gro\u00dfe Seestr. 10., So 6.9., 14 Uhr, Eintritt frei, Kurtaxe erbeten<\/p>\n","protected":false},"excerpt":{"rendered":"Au\u00dferdem am Start: ein deutscher Pop-Dandy, ein Duo wie aus \u201eBabylon Berlin\u201c, junggebliebene Punkrocker aus Manchester, ein nordirischer&hellip;\n","protected":false},"author":2,"featured_media":1276286,"comment_status":"","ping_status":"","sticky":false,"template":"","format":"standard","meta":{"footnotes":"","_share_on_mastodon":"0"},"categories":[1825],"tags":[296,29,527,30,526,530,4535],"class_list":["post-1276285","post","type-post","status-publish","format-standard","has-post-thumbnail","category-berlin","tag-berlin","tag-deutschland","tag-friedrichshain-kreuzberg","tag-germany","tag-neukoelln","tag-pankow","tag-ticket"],"share_on_mastodon":{"url":"https:\/\/pubeurope.com\/@de\/117202605833080116","error":""},"_links":{"self":[{"href":"https:\/\/www.europesays.com\/de\/wp-json\/wp\/v2\/posts\/1276285","targetHints":{"allow":["GET"]}}],"collection":[{"href":"https:\/\/www.europesays.com\/de\/wp-json\/wp\/v2\/posts"}],"about":[{"href":"https:\/\/www.europesays.com\/de\/wp-json\/wp\/v2\/types\/post"}],"author":[{"embeddable":true,"href":"https:\/\/www.europesays.com\/de\/wp-json\/wp\/v2\/users\/2"}],"replies":[{"embeddable":true,"href":"https:\/\/www.europesays.com\/de\/wp-json\/wp\/v2\/comments?post=1276285"}],"version-history":[{"count":0,"href":"https:\/\/www.europesays.com\/de\/wp-json\/wp\/v2\/posts\/1276285\/revisions"}],"wp:featuredmedia":[{"embeddable":true,"href":"https:\/\/www.europesays.com\/de\/wp-json\/wp\/v2\/media\/1276286"}],"wp:attachment":[{"href":"https:\/\/www.europesays.com\/de\/wp-json\/wp\/v2\/media?parent=1276285"}],"wp:term":[{"taxonomy":"category","embeddable":true,"href":"https:\/\/www.europesays.com\/de\/wp-json\/wp\/v2\/categories?post=1276285"},{"taxonomy":"post_tag","embeddable":true,"href":"https:\/\/www.europesays.com\/de\/wp-json\/wp\/v2\/tags?post=1276285"}],"curies":[{"name":"wp","href":"https:\/\/api.w.org\/{rel}","templated":true}]}}