{"id":1276310,"date":"2026-09-02T17:35:14","date_gmt":"2026-09-02T17:35:14","guid":{"rendered":"https:\/\/www.europesays.com\/de\/1276310\/"},"modified":"2026-09-02T17:35:14","modified_gmt":"2026-09-02T17:35:14","slug":"neue-umfrage-zur-wahl-cdu-zieht-im-berlin-trend-an-der-linken-vorbei","status":"publish","type":"post","link":"https:\/\/www.europesays.com\/de\/1276310\/","title":{"rendered":"Neue Umfrage zur Wahl: CDU zieht im Berlin-Trend an der Linken vorbei"},"content":{"rendered":"<p class=\"tspBAkv tspBAkw\">Wenn am kommenden Sonntag das Berliner Abgeordnetenhaus gew\u00e4hlt w\u00fcrde, w\u00e4re die CDU unter ihrem Spitzenkandidaten Stefan Evers mit 21 Prozent st\u00e4rkste Partei. Die Linke unter Elif Eralp folgte mit 19 Prozent.<\/p>\n<p class=\"tspBAkv\">Das geht zumindest aus dem <a href=\"https:\/\/www.rbb24.de\/politik\/berlin-wahl-2026\/beitraege\/berlin-trend-abgeordnetenhaus-wahl-september.html\" target=\"_blank\" rel=\"noopener nofollow\" class=\"link link--external\" data-gtm-class=\"article-text-link\" data-gtm-val=\"external\" aria-describedby=\"message-target-blank\">an diesem Mittwoch ver\u00f6ffentlichten Berlin-Trend<\/a> von Infratest dimap im Auftrag des RBB hervor. Die CDU verbessert sich im Vergleich zum letzten Berlin-Trend leicht um einen Prozentpunkt. Die Linke b\u00fc\u00dft hingegen drei Prozentpunkte ein.<\/p>\n<p class=\"tspBAkv\">Die Gr\u00fcnen unter Werner Graf und die AfD unter Kristin Brinker liegen der Umfrage zufolge jeweils bei 18 Prozent. Dabei verbesserten sich die Gr\u00fcnen um einen Punkt, die AfD um zwei Punkte. Die SPD mit ihrem Spitzenkandidaten Steffen Krach k\u00e4me auf elf Prozent; zuletzt waren es noch zw\u00f6lf Prozent. Das BSW, in Berlin vom ehemaligen Linken Alexander King gef\u00fchrt, erreicht vier Prozent. In den vergangenen vier Berlin-Trends lag das BSW stets bei drei Prozent und damit noch deutlicher unter der F\u00fcnf-Prozent-H\u00fcrde.<\/p>\n<p class=\"tspBAkv\">F\u00fcr die repr\u00e4sentative Erhebung wurden dem RBB zufolge zwischen vergangenem Donnerstag und diesem Montag insgesamt 1.279 Personen sowohl telefonisch als auch online befragt.<\/p>\n<p class=\"tspBAkv\">Das Umfrageinstitut Civey, das regelm\u00e4\u00dfig Zahlen im Tagesspiegel-Auftrag erhebt, hatte vor wenigen Tagen einen <a href=\"https:\/\/www.tagesspiegel.de\/berlin\/linke-vor-cdu-und-afd-neue-umfrage-sagt-dreikampf-um-wahlsieg-in-berlin-voraus-15997950.html?icid=in-text-link_16009753\" class=\"link link--internal\" data-gtm-class=\"article-text-link\" data-gtm-val=\"internal\" rel=\"nofollow noopener\" target=\"_blank\">d\u00fcnnen Vorsprung der Linken prognostiziert<\/a>. In der repr\u00e4sentativen Umfrage kam die Linke auf 20 Prozent der Stimmen, die CDU auf 19 Prozent. Wiederum einen Prozentpunkt weniger erhielt die AfD. Leicht abgeschlagen hinter dem Spitzentrio landeten die Gr\u00fcnen mit 15 Prozent sowie die SPD mit 13 Prozent.<\/p>\n<p>\t\tAktuelle Sonntagsfrage f\u00fcr Berlin <\/p>\n<p>Umfrage zur Abgeordnetenhauswahl, verglichen mit dem Wahlergebnis von 2023. \u00dcber die Pfeile bl\u00e4ttern Sie zu \u00e4lteren Umfragen.<\/p>\n<p>  wahlrecht.de, Civey, Stand <\/p>\n<p class=\"tspBAkv\">Alle Umfragen haben gemein, dass eine k\u00fcnftige Berliner Landesregierung aus drei Parteien bestehen wird. Wahrscheinliche Szenarien sind eine Koalition aus CDU, Gr\u00fcnen und SPD oder ein B\u00fcndnis aus Linken, Gr\u00fcnen und SPD. Mit der AfD schlossen die anderen bislang im Abgeordnetenhaus vertretenen Parteien eine Zusammenarbeit aus. An diesem Sonntag w\u00e4hlt Sachsen-Anhalt, am 20. September stimmen Berlin und Mecklenburg-Vorpommern ab.<\/p>\n","protected":false},"excerpt":{"rendered":"Wenn am kommenden Sonntag das Berliner Abgeordnetenhaus gew\u00e4hlt w\u00fcrde, w\u00e4re die CDU unter ihrem Spitzenkandidaten Stefan Evers mit&hellip;\n","protected":false},"author":2,"featured_media":1276311,"comment_status":"","ping_status":"","sticky":false,"template":"","format":"standard","meta":{"footnotes":"","_share_on_mastodon":"0"},"categories":[2],"tags":[186,31,29,536,122559,30,13,7785,14,15,2239,12,184,44707,10,8,9,11,47088],"class_list":["post-1276310","post","type-post","status-publish","format-standard","has-post-thumbnail","category-deutschland","tag-afd","tag-cdu","tag-deutschland","tag-die-linke","tag-elif-eralp","tag-germany","tag-headlines","tag-kristin-brinker","tag-nachrichten","tag-news","tag-rbb","tag-schlagzeilen","tag-spd","tag-stefan-evers","tag-top-news","tag-top-meldungen","tag-topmeldungen","tag-topnews","tag-werner-graf"],"share_on_mastodon":{"url":"https:\/\/pubeurope.com\/@de\/117202657234621045","error":""},"_links":{"self":[{"href":"https:\/\/www.europesays.com\/de\/wp-json\/wp\/v2\/posts\/1276310","targetHints":{"allow":["GET"]}}],"collection":[{"href":"https:\/\/www.europesays.com\/de\/wp-json\/wp\/v2\/posts"}],"about":[{"href":"https:\/\/www.europesays.com\/de\/wp-json\/wp\/v2\/types\/post"}],"author":[{"embeddable":true,"href":"https:\/\/www.europesays.com\/de\/wp-json\/wp\/v2\/users\/2"}],"replies":[{"embeddable":true,"href":"https:\/\/www.europesays.com\/de\/wp-json\/wp\/v2\/comments?post=1276310"}],"version-history":[{"count":0,"href":"https:\/\/www.europesays.com\/de\/wp-json\/wp\/v2\/posts\/1276310\/revisions"}],"wp:featuredmedia":[{"embeddable":true,"href":"https:\/\/www.europesays.com\/de\/wp-json\/wp\/v2\/media\/1276311"}],"wp:attachment":[{"href":"https:\/\/www.europesays.com\/de\/wp-json\/wp\/v2\/media?parent=1276310"}],"wp:term":[{"taxonomy":"category","embeddable":true,"href":"https:\/\/www.europesays.com\/de\/wp-json\/wp\/v2\/categories?post=1276310"},{"taxonomy":"post_tag","embeddable":true,"href":"https:\/\/www.europesays.com\/de\/wp-json\/wp\/v2\/tags?post=1276310"}],"curies":[{"name":"wp","href":"https:\/\/api.w.org\/{rel}","templated":true}]}}