{"id":1276321,"date":"2026-09-02T17:42:20","date_gmt":"2026-09-02T17:42:20","guid":{"rendered":"https:\/\/www.europesays.com\/de\/1276321\/"},"modified":"2026-09-02T17:42:20","modified_gmt":"2026-09-02T17:42:20","slug":"transfer-ticker-johan-gomez-wechselt-von-eintracht-braunschweig-zu-chicago-fire-fc","status":"publish","type":"post","link":"https:\/\/www.europesays.com\/de\/1276321\/","title":{"rendered":"Transfer-Ticker: Johan G\u00f3mez wechselt von Eintracht Braunschweig zu Chicago Fire FC"},"content":{"rendered":"<p>Transfer-TickerOffiziell: Braunschweig-St\u00fcrmer wird Lewandowski-Sturmpartner<\/p>\n<p>Artikel anh\u00f6ren (00:59 min)<\/p>\n<p>02.09.2026 | 15:53 Uhr <\/p>\n<p class=\"Typography_text-default__P3otY Typography_weight-normal__pqUbH StorylineParagraph_p__4mkZU\">Nach drei Jahren bei Eintracht Braunschweig kehrt Johan G\u00f3mez in seine US-amerikanische Heimat zur\u00fcck. Der 25 Jahre alte Mittelfeldspieler wechselt fest zum MLS-Klub Chicago Fire FC und unterschreibt dort einen Vertrag bis 2029. Zus\u00e4tzlich besitzt Chicago eine Option auf eine weitere Saison.<\/p>\n<p class=\"Typography_text-default__P3otY Typography_weight-normal__pqUbH StorylineParagraph_p__4mkZU\">G\u00f3mez war im Sommer 2023 vom FSV Zwickau nach Braunschweig gekommen. F\u00fcr die L\u00f6wen absolvierte er insgesamt 99 Pflichtspiele, in denen ihm vier Tore und neun Vorlagen gelangen. Bereits im Januar hatte ein konkretes Angebot aus der MLS vorgelegen, damals lehnte die Eintracht einen Verkauf jedoch noch ab. Nun fanden die beteiligten Klubs nach Angaben von Braunschweigs Sport-Gesch\u00e4ftsf\u00fchrer Benjamin Kessel eine f\u00fcr den Zweitligisten wirtschaftlich gute L\u00f6sung.<\/p>\n<p>Verwendete Quelle: ntv.de<\/p>\n","protected":false},"excerpt":{"rendered":"Transfer-TickerOffiziell: Braunschweig-St\u00fcrmer wird Lewandowski-Sturmpartner Artikel anh\u00f6ren (00:59 min) 02.09.2026 | 15:53 Uhr Nach drei Jahren bei Eintracht Braunschweig&hellip;\n","protected":false},"author":2,"featured_media":1276322,"comment_status":"","ping_status":"","sticky":false,"template":"","format":"standard","meta":{"footnotes":"","_share_on_mastodon":"0"},"categories":[1850],"tags":[6429,3364,29,548,663,3934,30,13,14,15,1411,12],"class_list":["post-1276321","post","type-post","status-publish","format-standard","has-post-thumbnail","category-braunschweig","tag-braunschweig","tag-de","tag-deutschland","tag-eu","tag-europa","tag-europe","tag-germany","tag-headlines","tag-nachrichten","tag-news","tag-niedersachsen","tag-schlagzeilen"],"share_on_mastodon":{"url":"https:\/\/pubeurope.com\/@de\/117202684924660876","error":""},"_links":{"self":[{"href":"https:\/\/www.europesays.com\/de\/wp-json\/wp\/v2\/posts\/1276321","targetHints":{"allow":["GET"]}}],"collection":[{"href":"https:\/\/www.europesays.com\/de\/wp-json\/wp\/v2\/posts"}],"about":[{"href":"https:\/\/www.europesays.com\/de\/wp-json\/wp\/v2\/types\/post"}],"author":[{"embeddable":true,"href":"https:\/\/www.europesays.com\/de\/wp-json\/wp\/v2\/users\/2"}],"replies":[{"embeddable":true,"href":"https:\/\/www.europesays.com\/de\/wp-json\/wp\/v2\/comments?post=1276321"}],"version-history":[{"count":0,"href":"https:\/\/www.europesays.com\/de\/wp-json\/wp\/v2\/posts\/1276321\/revisions"}],"wp:featuredmedia":[{"embeddable":true,"href":"https:\/\/www.europesays.com\/de\/wp-json\/wp\/v2\/media\/1276322"}],"wp:attachment":[{"href":"https:\/\/www.europesays.com\/de\/wp-json\/wp\/v2\/media?parent=1276321"}],"wp:term":[{"taxonomy":"category","embeddable":true,"href":"https:\/\/www.europesays.com\/de\/wp-json\/wp\/v2\/categories?post=1276321"},{"taxonomy":"post_tag","embeddable":true,"href":"https:\/\/www.europesays.com\/de\/wp-json\/wp\/v2\/tags?post=1276321"}],"curies":[{"name":"wp","href":"https:\/\/api.w.org\/{rel}","templated":true}]}}