{"id":1276323,"date":"2026-09-02T17:43:19","date_gmt":"2026-09-02T17:43:19","guid":{"rendered":"https:\/\/www.europesays.com\/de\/1276323\/"},"modified":"2026-09-02T17:43:19","modified_gmt":"2026-09-02T17:43:19","slug":"moenchengladbach-52-jaehriger-mit-garderobenstaender-messer-und-faeusten-traktiert","status":"publish","type":"post","link":"https:\/\/www.europesays.com\/de\/1276323\/","title":{"rendered":"M\u00f6nchengladbach: 52-J\u00e4hriger mit Garderobenst\u00e4nder, Messer und F\u00e4usten traktiert"},"content":{"rendered":"<p class=\"text_ohne_einzug richtext text-em-55 !leading-serif mx-6 desktop:mx-0\">Am zweiten Verhandlungstag im Prozess wegen versuchten Mordes sowie gef\u00e4hrlicher und schwerer K\u00f6rperverletzung sagte am Mittwoch, 2. September, der Gesch\u00e4digte aus. Der 52-J\u00e4hrige soll von einem ehemaligen Mitarbeiter am 18. Februar mit einem Garderobenst\u00e4nder attackiert und am Folgetag von diesem mit einem Messer angegriffen worden sein. Laut Anklage soll der 46-J\u00e4hrige dabei ein Messer mit einer zehn Zentimeter langer Klinge durch das Ohrl\u00e4ppchen in den Hals des anderen Mannes gesto\u00dfen haben. Mehrfach soll der Angeklagte dabei gerufen haben, dass er diesen umbringen werde.<\/p>\n","protected":false},"excerpt":{"rendered":"Am zweiten Verhandlungstag im Prozess wegen versuchten Mordes sowie gef\u00e4hrlicher und schwerer K\u00f6rperverletzung sagte am Mittwoch, 2. September,&hellip;\n","protected":false},"author":2,"featured_media":1276324,"comment_status":"","ping_status":"","sticky":false,"template":"","format":"standard","meta":{"footnotes":"","_share_on_mastodon":"0"},"categories":[1849],"tags":[19548,2140,1625,3364,29,548,663,3934,248465,263408,30,76551,47453,4373,13,1981,2841,4455,14,15,1209,1269,146880,12,263409],"class_list":["post-1276323","post","type-post","status-publish","format-standard","has-post-thumbnail","category-moenchengladbach","tag-angeklagte","tag-angriff","tag-buero","tag-de","tag-deutschland","tag-eu","tag-europa","tag-europe","tag-folgetag","tag-garderobenstaender","tag-germany","tag-gerufen","tag-geschaedigte","tag-hals","tag-headlines","tag-messer","tag-messerangriff","tag-moenchengladbach","tag-nachrichten","tag-news","tag-nordrhein-westfalen","tag-prozess","tag-rufen","tag-schlagzeilen","tag-weggeschubst"],"share_on_mastodon":{"url":"https:\/\/pubeurope.com\/@de\/117202688675660631","error":""},"_links":{"self":[{"href":"https:\/\/www.europesays.com\/de\/wp-json\/wp\/v2\/posts\/1276323","targetHints":{"allow":["GET"]}}],"collection":[{"href":"https:\/\/www.europesays.com\/de\/wp-json\/wp\/v2\/posts"}],"about":[{"href":"https:\/\/www.europesays.com\/de\/wp-json\/wp\/v2\/types\/post"}],"author":[{"embeddable":true,"href":"https:\/\/www.europesays.com\/de\/wp-json\/wp\/v2\/users\/2"}],"replies":[{"embeddable":true,"href":"https:\/\/www.europesays.com\/de\/wp-json\/wp\/v2\/comments?post=1276323"}],"version-history":[{"count":0,"href":"https:\/\/www.europesays.com\/de\/wp-json\/wp\/v2\/posts\/1276323\/revisions"}],"wp:featuredmedia":[{"embeddable":true,"href":"https:\/\/www.europesays.com\/de\/wp-json\/wp\/v2\/media\/1276324"}],"wp:attachment":[{"href":"https:\/\/www.europesays.com\/de\/wp-json\/wp\/v2\/media?parent=1276323"}],"wp:term":[{"taxonomy":"category","embeddable":true,"href":"https:\/\/www.europesays.com\/de\/wp-json\/wp\/v2\/categories?post=1276323"},{"taxonomy":"post_tag","embeddable":true,"href":"https:\/\/www.europesays.com\/de\/wp-json\/wp\/v2\/tags?post=1276323"}],"curies":[{"name":"wp","href":"https:\/\/api.w.org\/{rel}","templated":true}]}}