{"id":1276325,"date":"2026-09-02T17:44:37","date_gmt":"2026-09-02T17:44:37","guid":{"rendered":"https:\/\/www.europesays.com\/de\/1276325\/"},"modified":"2026-09-02T17:44:37","modified_gmt":"2026-09-02T17:44:37","slug":"der-morgen-bei-uns-am-2-september","status":"publish","type":"post","link":"https:\/\/www.europesays.com\/de\/1276325\/","title":{"rendered":"Der Morgen bei uns am 2. September"},"content":{"rendered":"<p>Jeden Tag verfolgen die Nachrichtenredakteurinnen und -redakteure von Radio Emscher Lippe alles, was in Gladbeck, Bottrop und Gelsenkirchen passiert. Immer um 7, 13 und 17 Uhr fassen sie das Wichtigste davon zusammen &#8211; in unseren Podcasts &#8222;Der Morgen bei uns&#8220;, &#8222;Das Mittagsupdate&#8220; und \u201eDer Tag bei uns\u201c. Darin bringen sie euch auf den aktuellen Stand &#8211; ob auf dem Weg zur Arbeit oder nach Hause, beim Kochen oder beim Joggen. Und wenn H\u00f6ren gerade nicht passt: Unsere Nachrichten gibt es auf dieser Seite auch schriftlich. Klickt in der \u00dcbersicht einfach auf alles, wozu ihr mehr erfahren m\u00f6chtet.<\/p>\n","protected":false},"excerpt":{"rendered":"Jeden Tag verfolgen die Nachrichtenredakteurinnen und -redakteure von Radio Emscher Lippe alles, was in Gladbeck, Bottrop und Gelsenkirchen&hellip;\n","protected":false},"author":2,"featured_media":567271,"comment_status":"","ping_status":"","sticky":false,"template":"","format":"standard","meta":{"footnotes":"","_share_on_mastodon":"0"},"categories":[1848],"tags":[3364,29,548,663,3934,3658,30,13,14,15,1209,12],"class_list":["post-1276325","post","type-post","status-publish","format-standard","has-post-thumbnail","category-gelsenkirchen","tag-de","tag-deutschland","tag-eu","tag-europa","tag-europe","tag-gelsenkirchen","tag-germany","tag-headlines","tag-nachrichten","tag-news","tag-nordrhein-westfalen","tag-schlagzeilen"],"share_on_mastodon":{"url":"https:\/\/pubeurope.com\/@de\/117202692735686190","error":""},"_links":{"self":[{"href":"https:\/\/www.europesays.com\/de\/wp-json\/wp\/v2\/posts\/1276325","targetHints":{"allow":["GET"]}}],"collection":[{"href":"https:\/\/www.europesays.com\/de\/wp-json\/wp\/v2\/posts"}],"about":[{"href":"https:\/\/www.europesays.com\/de\/wp-json\/wp\/v2\/types\/post"}],"author":[{"embeddable":true,"href":"https:\/\/www.europesays.com\/de\/wp-json\/wp\/v2\/users\/2"}],"replies":[{"embeddable":true,"href":"https:\/\/www.europesays.com\/de\/wp-json\/wp\/v2\/comments?post=1276325"}],"version-history":[{"count":0,"href":"https:\/\/www.europesays.com\/de\/wp-json\/wp\/v2\/posts\/1276325\/revisions"}],"wp:featuredmedia":[{"embeddable":true,"href":"https:\/\/www.europesays.com\/de\/wp-json\/wp\/v2\/media\/567271"}],"wp:attachment":[{"href":"https:\/\/www.europesays.com\/de\/wp-json\/wp\/v2\/media?parent=1276325"}],"wp:term":[{"taxonomy":"category","embeddable":true,"href":"https:\/\/www.europesays.com\/de\/wp-json\/wp\/v2\/categories?post=1276325"},{"taxonomy":"post_tag","embeddable":true,"href":"https:\/\/www.europesays.com\/de\/wp-json\/wp\/v2\/tags?post=1276325"}],"curies":[{"name":"wp","href":"https:\/\/api.w.org\/{rel}","templated":true}]}}