{"id":1276351,"date":"2026-09-02T18:01:20","date_gmt":"2026-09-02T18:01:20","guid":{"rendered":"https:\/\/www.europesays.com\/de\/1276351\/"},"modified":"2026-09-02T18:01:20","modified_gmt":"2026-09-02T18:01:20","slug":"abwehrkampf-gegen-russland-ukraine-erhaelt-bei-eu-treffen-zusagen-fuer-luftverteidigung-politik","status":"publish","type":"post","link":"https:\/\/www.europesays.com\/de\/1276351\/","title":{"rendered":"Abwehrkampf gegen Russland &#8211; Ukraine erh\u00e4lt bei EU-Treffen Zusagen f\u00fcr Luftverteidigung &#8211; Politik"},"content":{"rendered":"<p data-manual=\"paragraph\" data-schema-org-speakable=\"true\" class=\"css-1eosz7k\">Wicklow (dpa) &#8211; Die <a href=\"https:\/\/www.sueddeutsche.de\/thema\/Ukraine\" rel=\"nofollow noopener\" target=\"_blank\">Ukraine<\/a> hat bei einem EU-Au\u00dfenministertreffen in <a href=\"https:\/\/www.sueddeutsche.de\/thema\/Irland\" rel=\"nofollow noopener\" target=\"_blank\">Irland<\/a> neue Zusagen zur Unterst\u00fctzung ihrer Flugabwehr erhalten. \u201eWir haben uns gefreut, heute Ank\u00fcndigungen von Mitgliedstaaten zu h\u00f6ren, Luftverteidigung bereitzustellen\u201c, sagte die EU-Au\u00dfenbeauftragte Kaja Kallas nach dem Ende der Beratungen in der Grafschaft Wicklow. Dies sei etwas, worum man seit langem gebeten haben.<\/p>\n<p data-manual=\"paragraph\" data-schema-org-speakable=\"true\" class=\"css-1eosz7k\">Wer die neuen Zusagen machte und was sie konkret umfassen, wollte Kallas nicht verraten. Die Mitgliedstaaten, die entsprechende Ank\u00fcndigungen gemacht h\u00e4tten, w\u00fcrden diese auch selbst \u00f6ffentlich bekanntgeben, sagte sie. \u201eAber f\u00fcr die Ukraine war es wichtig zu h\u00f6ren, dass es bei der Luftverteidigung tats\u00e4chlich Bewegung gibt.\u201c<\/p>\n<p><img decoding=\"async\" src=\"https:\/\/www.europesays.com\/de\/wp-content\/uploads\/2026\/09\/63656800-0ce8-450d-b655-2686a29d9da5.jpg\"   alt=\"Der ukrainische Pr\u00e4sident Wolodymyr Selenskyj bat EU-L\u00e4nder zuletzt immer wieder eindringlich um mehr Unterst\u00fctzung. (Archivbild)\" loading=\"lazy\" class=\"css-8atqhb\"\/><\/p>\n<p>Der ukrainische Pr\u00e4sident Wolodymyr Selenskyj bat EU-L\u00e4nder zuletzt immer wieder eindringlich um mehr Unterst\u00fctzung. (Archivbild)<\/p>\n<p>Jens B\u00fcttner\/dpa<\/p>\n<p data-manual=\"paragraph\" data-schema-org-speakable=\"true\" class=\"css-1eosz7k\">Kallas hatte am Vortag bei einem Verteidigungsministertreffen gesagt, man wisse, dass einige EU-L\u00e4nder \u00fcber Abfangraketen verf\u00fcgten, deren Nutzungsdauer bald ablaufe. Es w\u00e4re deshalb gut, diese der Ukraine zu \u00fcberlassen, die sie zum Schutz ihrer Bev\u00f6lkerung vor russischen Luftangriffen einsetzen k\u00f6nne. Laut Diplomaten bezog sie sich damit vermutlich vor allem auf <a href=\"https:\/\/www.sueddeutsche.de\/thema\/Griechenland\" rel=\"nofollow noopener\" target=\"_blank\">Griechenland<\/a>.<\/p>\n<p data-manual=\"paragraph\" data-schema-org-speakable=\"true\" class=\"css-1eosz7k\">Die Ukraine hatte ihren aktuellen Bedarf an Abfangraketen zuletzt mit rund 300 St\u00fcck angegeben. Ein l\u00e4nger anhaltender Mangel k\u00f6nnte besonders mit Blick auf russische Angriffe auf die Energieinfrastruktur im Winter problematisch werden.<\/p>\n<p data-manual=\"paragraph\" data-schema-org-speakable=\"true\" class=\"css-1eosz7k\">\u00a9 dpa-infocom, dpa:260902-930-623994\/1<\/p>\n","protected":false},"excerpt":{"rendered":"Wicklow (dpa) &#8211; Die Ukraine hat bei einem EU-Au\u00dfenministertreffen in Irland neue Zusagen zur Unterst\u00fctzung ihrer Flugabwehr erhalten.&hellip;\n","protected":false},"author":2,"featured_media":1276352,"comment_status":"","ping_status":"","sticky":false,"template":"","format":"standard","meta":{"footnotes":"","_share_on_mastodon":"0"},"categories":[4013],"tags":[331,332,147,548,663,158,1565,13,984,5300,8221,4046,451,14,15,16,4043,4044,850,307,747,12,6473,149,317,4961,686,263374],"class_list":["post-1276351","post","type-post","status-publish","format-standard","has-post-thumbnail","category-russland","tag-aktuelle-nachrichten","tag-aktuelle-news","tag-ausland","tag-eu","tag-europa","tag-europaeische-union","tag-griechenland","tag-headlines","tag-international","tag-irland","tag-konflikte","tag-krieg","tag-militaer","tag-nachrichten","tag-news","tag-politik","tag-russia","tag-russian-federation","tag-russische-foederation","tag-russland","tag-ruestungsindustrie","tag-schlagzeilen","tag-sicherheitspolitik","tag-sueddeutsche-zeitung","tag-ukraine","tag-verteidigung","tag-verteidigungspolitik","tag-wicklow"],"share_on_mastodon":{"url":"https:\/\/pubeurope.com\/@de\/117202761503844370","error":""},"_links":{"self":[{"href":"https:\/\/www.europesays.com\/de\/wp-json\/wp\/v2\/posts\/1276351","targetHints":{"allow":["GET"]}}],"collection":[{"href":"https:\/\/www.europesays.com\/de\/wp-json\/wp\/v2\/posts"}],"about":[{"href":"https:\/\/www.europesays.com\/de\/wp-json\/wp\/v2\/types\/post"}],"author":[{"embeddable":true,"href":"https:\/\/www.europesays.com\/de\/wp-json\/wp\/v2\/users\/2"}],"replies":[{"embeddable":true,"href":"https:\/\/www.europesays.com\/de\/wp-json\/wp\/v2\/comments?post=1276351"}],"version-history":[{"count":0,"href":"https:\/\/www.europesays.com\/de\/wp-json\/wp\/v2\/posts\/1276351\/revisions"}],"wp:featuredmedia":[{"embeddable":true,"href":"https:\/\/www.europesays.com\/de\/wp-json\/wp\/v2\/media\/1276352"}],"wp:attachment":[{"href":"https:\/\/www.europesays.com\/de\/wp-json\/wp\/v2\/media?parent=1276351"}],"wp:term":[{"taxonomy":"category","embeddable":true,"href":"https:\/\/www.europesays.com\/de\/wp-json\/wp\/v2\/categories?post=1276351"},{"taxonomy":"post_tag","embeddable":true,"href":"https:\/\/www.europesays.com\/de\/wp-json\/wp\/v2\/tags?post=1276351"}],"curies":[{"name":"wp","href":"https:\/\/api.w.org\/{rel}","templated":true}]}}