{"id":1276359,"date":"2026-09-02T18:06:34","date_gmt":"2026-09-02T18:06:34","guid":{"rendered":"https:\/\/www.europesays.com\/de\/1276359\/"},"modified":"2026-09-02T18:06:34","modified_gmt":"2026-09-02T18:06:34","slug":"frankreich-greift-durch-handyverbot-an-allen-schulen","status":"publish","type":"post","link":"https:\/\/www.europesays.com\/de\/1276359\/","title":{"rendered":"Frankreich greift durch: Handyverbot an allen Schulen"},"content":{"rendered":"<p class=\"mb-6 text-xs-varying md:text-m lg:text-l font-serif group-[.font-sans]:font-sans \">\n    Vieles kann <a href=\"https:\/\/www.augsburger-allgemeine.de\/politik\/zu-pauschal-macron-scheitert-mit-social-media-verbot-fuer-unter-15-jaehrige-115029336\" target=\"_self\" class=\"underline \" rel=\"nofollow noopener\">der franz\u00f6sische Pr\u00e4sident Emmanuel Macron<\/a> in den letzten Monaten seiner Amtszeit bis Mai 2027 nicht mehr durchsetzen \u2013 f\u00fcr gr\u00f6\u00dfere Projekte fehlt ihm die Mehrheit. Die Bildungspolitik geh\u00f6rt zu den wenigen Bereichen, in denen der 48-J\u00e4hrige, der mit einer fr\u00fcheren Lehrerin verheiratet ist, noch etwas bewegen will. Und so startete am Dienstag das neue Schuljahr landesweit mit einer Neuerung, die ihm wichtig war: In s\u00e4mtlichen Klassen, auch der Oberstufe, gilt fortan ein Handyverbot. Bislang betraf dies nur die Vor- und Grundschulen und die Coll\u00e8ges, also die Mittelstufe, nun also auch die Lyc\u00e9es, die Gymnasien.\n  <\/p>\n<p class=\"mb-6 text-xs-varying md:text-m lg:text-l font-serif group-[.font-sans]:font-sans \">\n    Ausnahmen gelten, wenn schulische Einrichtungen eine spezielle Befreiung beantragen, etwa f\u00fcr p\u00e4dagogische Zwecke, bei Kindern und Jugendlichen mit einer Behinderung oder im Fall von berufsvorbereitenden Zweigen. Ob Handys gar nicht erst mitgebracht werden d\u00fcrfen oder in den Taschen bleiben m\u00fcssen, entscheiden die Schulen jeweils selbst. Dasselbe gilt f\u00fcr die Kontrollen und m\u00f6gliche Bestrafungen bei Missachtung.\n  <\/p>\n<p>            Macron wollte auch ein Socia-Media-Verbot<\/p>\n<p class=\"mb-6 text-xs-varying md:text-m lg:text-l font-serif group-[.font-sans]:font-sans \">\n    \u201eEine Schule ohne Telefon bringt Ruhe f\u00fcr das Lernen zur\u00fcck\u201c, betonte Macron bei seinem Besuch einer Schule in S\u00fcdfrankreich. 2024 hatte er eine Expertenkommission zu den Auswirkungen der Bildschirmnutzung auf Kinder und Jugendliche eingesetzt. Diese empfahl weniger Handys, Tablets und Computer, vor allem bei j\u00fcngeren Kindern. Im Vordergrund stehe der notwendige Schutz der Heranwachsenden, hie\u00df es seitens der Regierung. Zugleich gehe es darum, dass sie einen \u201evern\u00fcnftigen Umgang\u201c mit Bildschirmen und digitale Kompetenzen erlernen. Letztere sind Teil des Lehrplans.\n  <\/p>\n<p class=\"mb-6 text-xs-varying md:text-m lg:text-l font-serif group-[.font-sans]:font-sans \">\n    Das nun in Kraft tretende Verbot von Smartphones f\u00fcr alle Sch\u00fcler war Teil eines umfassenderen Gesetzes, das au\u00dferdem allen unter 15-J\u00e4hrigen in Frankreich den <a href=\"https:\/\/www.augsburger-allgemeine.de\/panorama\/landtag-hessen-setzt-auf-mehr-ki-kompetenzen-von-schuelern-115146996\" target=\"_self\" class=\"underline \" rel=\"nofollow noopener\">Zugang zu Sozialen Medien<\/a> verbieten und die gro\u00dfen Plattformen zwingen sollte, eine Altersverifizierung durchzuf\u00fchren. Doch der Verfassungsrat kippte dies mit der Begr\u00fcndung, es handle sich um einen \u201eunverh\u00e4ltnism\u00e4\u00dfigen Eingriff in die Meinungs- und Kommunikationsfreiheit\u201c. Macron beauftragte die Regierung mit einer \u00fcberarbeiteten Fassung bis M\u00e4rz 2026, damit das Gesetz noch in Kraft treten kann, solange er im Amt ist. Frankreich w\u00e4re damit das erste EU-Land mit einer Altersbeschr\u00e4nkung f\u00fcr die Nutzung sozialer Medien.\n  <\/p>\n<p>            Das Handyverbot ist nicht unumstritten<\/p>\n<p class=\"mb-6 text-xs-varying md:text-m lg:text-l font-serif group-[.font-sans]:font-sans \">\n    Auch das Handyverbot ist nicht unumstritten. F\u00fcr viele Schulen, die erst kurz vor den Sommerferien informiert wurden, komme es zu kurzfristig, kritisierte der Generalsekret\u00e4r der Lehrergewerkschaft SE-UNSA, J\u00e9r\u00f4me Fournier: \u201eWir brauchen kein Gesetz, das das Leben einer schulischen Einrichtung verkompliziert.\u201c Auch an der Umsetzung k\u00f6nnte es hapern. Das ergaben die Pilotprojekte in manchen Lehranstalten, darunter das Gymnasium Jean Monnet in Stra\u00dfburg. \u201eEs war sehr kompliziert, diese Regel anzuwenden\u201c, berichtete Coline De Dadelsen, die dort unterrichtet. Die Lehrer m\u00fcssten st\u00e4ndig die Gendarmen spielen, ohne selbst immer \u00fcberzeugt von der Ma\u00dfnahme zu sein. \u201eManche Kollegen denken, es w\u00e4re besser, mit den Sch\u00fclern \u00fcber ihre Handynutzung zu diskutieren, anstatt einfach ein Verbot durchzudr\u00fccken.\u201c Um nicht in einen st\u00e4ndigen Konflikt mit den Jugendlichen zu treten, z\u00f6gen viele es vor, diese miteinzubeziehen und gemeinsame Regeln aufzustellen.\n  <\/p>\n<p class=\"mb-6 text-xs-varying md:text-m lg:text-l font-serif group-[.font-sans]:font-sans \">\n    Bildungsminister \u00c9douard Geffray hatte einger\u00e4umt, dass die Durchsetzung des Verbots anfangs schwierig sein k\u00f6nnte. \u201eAber es gibt kein ernsthaftes Argument daf\u00fcr, dass ein Telefon im Unterricht unerl\u00e4sslich ist.\u201c\n  <\/p>\n","protected":false},"excerpt":{"rendered":"Vieles kann der franz\u00f6sische Pr\u00e4sident Emmanuel Macron in den letzten Monaten seiner Amtszeit bis Mai 2027 nicht mehr&hellip;\n","protected":false},"author":2,"featured_media":1276360,"comment_status":"","ping_status":"","sticky":false,"template":"","format":"standard","meta":{"footnotes":"","_share_on_mastodon":"0"},"categories":[3974],"tags":[331,332,5308,1356,548,663,3934,3980,156,1975,13,263412,14,15,12,966,54184,769,29476],"class_list":["post-1276359","post","type-post","status-publish","format-standard","has-post-thumbnail","category-frankreich","tag-aktuelle-nachrichten","tag-aktuelle-news","tag-computer","tag-emmanuel-macron","tag-eu","tag-europa","tag-europe","tag-france","tag-frankreich","tag-handyverbot","tag-headlines","tag-jerome-fournier","tag-nachrichten","tag-news","tag-schlagzeilen","tag-schule","tag-schuljahr","tag-smartphone","tag-suedfrankreich"],"share_on_mastodon":{"url":"https:\/\/pubeurope.com\/@de\/117202779361178277","error":""},"_links":{"self":[{"href":"https:\/\/www.europesays.com\/de\/wp-json\/wp\/v2\/posts\/1276359","targetHints":{"allow":["GET"]}}],"collection":[{"href":"https:\/\/www.europesays.com\/de\/wp-json\/wp\/v2\/posts"}],"about":[{"href":"https:\/\/www.europesays.com\/de\/wp-json\/wp\/v2\/types\/post"}],"author":[{"embeddable":true,"href":"https:\/\/www.europesays.com\/de\/wp-json\/wp\/v2\/users\/2"}],"replies":[{"embeddable":true,"href":"https:\/\/www.europesays.com\/de\/wp-json\/wp\/v2\/comments?post=1276359"}],"version-history":[{"count":0,"href":"https:\/\/www.europesays.com\/de\/wp-json\/wp\/v2\/posts\/1276359\/revisions"}],"wp:featuredmedia":[{"embeddable":true,"href":"https:\/\/www.europesays.com\/de\/wp-json\/wp\/v2\/media\/1276360"}],"wp:attachment":[{"href":"https:\/\/www.europesays.com\/de\/wp-json\/wp\/v2\/media?parent=1276359"}],"wp:term":[{"taxonomy":"category","embeddable":true,"href":"https:\/\/www.europesays.com\/de\/wp-json\/wp\/v2\/categories?post=1276359"},{"taxonomy":"post_tag","embeddable":true,"href":"https:\/\/www.europesays.com\/de\/wp-json\/wp\/v2\/tags?post=1276359"}],"curies":[{"name":"wp","href":"https:\/\/api.w.org\/{rel}","templated":true}]}}