{"id":1276377,"date":"2026-09-02T18:18:15","date_gmt":"2026-09-02T18:18:15","guid":{"rendered":"https:\/\/www.europesays.com\/de\/1276377\/"},"modified":"2026-09-02T18:18:15","modified_gmt":"2026-09-02T18:18:15","slug":"zugbegleiterin-angegriffen-angeklagter-gesteht-vor-gericht","status":"publish","type":"post","link":"https:\/\/www.europesays.com\/de\/1276377\/","title":{"rendered":"Zugbegleiterin angegriffen: Angeklagter gesteht vor Gericht"},"content":{"rendered":"<p>Prozessauftakt im Strafverfahren um einen Angriff auf eine Zugbegleiterin: Am Mittwoch r\u00e4umte der Angeklagte am Landgericht N\u00fcrnberg-F\u00fcrth die Vorw\u00fcrfe im Wesentlichen ein.  <\/p>\n<p>Bei Ticketkontrolle gegen Hand von Zugbegleiterin getreten<\/p>\n<p>Die Staatsanwaltschaft wirft dem arbeitslosen Mann vor, am 23. Februar 2025 in einem Zug von Bayreuth nach N\u00fcrnberg bei einer Fahrkartenkontrolle die Beherrschung verloren zu haben. Demnach habe er sich geweigert, zum Deutschlandticket seinen Personalausweis vorzuzeigen. Stattdessen habe er im Sitzen gegen die Hand der Zugbegleiterin getreten, in der sie ein Smartphone hielt. Dieses habe sie durch den Angriff ins Gesicht bekommen und sei dadurch verletzt worden, so die Staatsanwaltschaft. <\/p>\n<p>Bahn will f\u00fcr mehr Sicherheit der Besch\u00e4ftigten sorgen<\/p>\n<p>Vor Gericht ist nun am Mittwoch eine Videoaufnahme des Vorfalls abgespielt worden. Auch schilderte die Zugbegleiterin die Situation und beschrieb ihre Verletzungen im Gesicht. <a href=\"https:\/\/www.br.de\/nachrichten\/bayern\/bespuckt-beschimpft-getreten-der-alltag-von-bahnpersonal,VBaLJSi\" rel=\"nofollow noopener\" target=\"_blank\">Gewaltt\u00e4tige Angriffe auf Bahn-Besch\u00e4ftigte<\/a> sind keine Seltenheit. F\u00fcr ganz Bayern meldet die Bundespolizei allein im ersten Halbjahr 239 F\u00e4lle, das ist eine Steigerung um f\u00fcnf Prozent. Die Bahn hat nach dem <a href=\"https:\/\/www.br.de\/nachrichten\/deutschland-welt\/zugbegleiter-stirbt-nach-angriff-bei-ticketkontrolle,VAFYaWs\" rel=\"nofollow noopener\" target=\"_blank\">t\u00f6dlichen Angriff auf einen Zugbegleiter<\/a> in Rheinland-Pfalz einen Ma\u00dfnahmenkatalog beschlossen, um die Sicherheit der Besch\u00e4ftigten zu erh\u00f6hen. <\/p>\n<p>Konkret bedeutet das: mehr Sicherheitspersonal an Bahnh\u00f6fen, die Schutzausr\u00fcstung wird nachgebessert, unter anderem durch Bodycams, au\u00dferdem sollen mehr Hilferufkn\u00f6pfe installiert werden. Seit M\u00e4rz d\u00fcrfen Zugbegleiter selbst entscheiden, ob sie bei einer Kontrolle den Ausweis verlangen oder nicht. Hier setzt die Bahn auf die Sicherheit des Zugpersonals, um Eskalationen zu vermeiden.  <\/p>\n<p>Staatsanwaltschaft: Angeklagter f\u00fcr Allgemeinheit gef\u00e4hrlich<\/p>\n<p>Der Angeklagte ist psychisch krank und derzeit in einem Bezirkskrankenhaus untergebracht. Er leidet unter anderem an paranoider Schizophrenie. Die Staatsanwaltschaft geht davon aus, dass er f\u00fcr die Allgemeinheit gef\u00e4hrlich ist und will erreichen, dass er dauerhaft in einer Psychiatrie untergebracht wird. F\u00fcr den Prozess sind zwei Verhandlungstage vorgesehen. Das Urteil soll am 15. September verk\u00fcndet werden.<\/p>\n<p>Forderungen der Gewerkschaft<\/p>\n<p>Martin Burkert, Vorsitzender der Eisenbahn- und Verkehrsgewerkschaft (EVG), sagte am Mittwochabend in der Frankenschau aktuell, dass F\u00e4lle wie dieser sehr einfach verhindert werden k\u00f6nnten. N\u00e4mlich indem auf das Deutschlandticket oder auch die Bahncards jeweils Lichtbilder der Besitzer aufgedruckt werden. So m\u00fcssten die Zugbegleiter nicht nach Ausweisdokumenten fragen. Denn genau das f\u00fchre immer h\u00e4ufiger zu Konflikten.<\/p>\n<p>Bei einer Umfrage unter 4.000 Bahnmitarbeitenden mit Kundenkontakt, so Burkert weiter, hatten 82 Prozent angegeben bereits \u00dcbergriffe erlebt zu haben, bei 61 Prozent waren es k\u00f6rperliche \u00dcbergriffe. Ein Drittel dieser Mitarbeitenden \u00fcberlege deshalb, den Job niederzulegen. Die Gewerkschaft fordert deswegen unter anderem eine sogenannte Doppelbesetzung, also zwei Zugbegleiter kontrollieren gemeinsam die Mitfahrenden, und <a href=\"https:\/\/www.br.de\/nachrichten\/deutschland-welt\/steigende-gewalt-gegen-bahnmitarbeiter-bald-haertere-strafen,VRtcsof\" rel=\"nofollow noopener\" target=\"_blank\">eine Strafversch\u00e4rfung<\/a>. Aber Burkert betonte auch, dass es wohl niemals eine 100-prozentige Sicherheit in Z\u00fcgen und an Bahnh\u00f6fen geben werde.<\/p>\n<p>Redaktioneller Hinweis: In einer fr\u00fcheren Version dieses Artikels wurde der Angeklagte als &#8222;Angeschuldigter&#8220; bezeichnet. Dies war nicht korrekt. Wir haben den Fehler korrigiert.<\/p>\n","protected":false},"excerpt":{"rendered":"Prozessauftakt im Strafverfahren um einen Angriff auf eine Zugbegleiterin: Am Mittwoch r\u00e4umte der Angeklagte am Landgericht N\u00fcrnberg-F\u00fcrth die&hellip;\n","protected":false},"author":2,"featured_media":1276378,"comment_status":"","ping_status":"","sticky":false,"template":"","format":"standard","meta":{"footnotes":"","_share_on_mastodon":"0"},"categories":[1837],"tags":[772,3364,29,30,22883,4156,3783,121,5559],"class_list":["post-1276377","post","type-post","status-publish","format-standard","has-post-thumbnail","category-nuernberg","tag-bayern","tag-de","tag-deutschland","tag-germany","tag-landgericht-nuernberg-fuerth","tag-mittelfranken","tag-nuernberg","tag-polizei","tag-strafverfahren"],"share_on_mastodon":{"url":"https:\/\/pubeurope.com\/@de\/117202826573336827","error":""},"_links":{"self":[{"href":"https:\/\/www.europesays.com\/de\/wp-json\/wp\/v2\/posts\/1276377","targetHints":{"allow":["GET"]}}],"collection":[{"href":"https:\/\/www.europesays.com\/de\/wp-json\/wp\/v2\/posts"}],"about":[{"href":"https:\/\/www.europesays.com\/de\/wp-json\/wp\/v2\/types\/post"}],"author":[{"embeddable":true,"href":"https:\/\/www.europesays.com\/de\/wp-json\/wp\/v2\/users\/2"}],"replies":[{"embeddable":true,"href":"https:\/\/www.europesays.com\/de\/wp-json\/wp\/v2\/comments?post=1276377"}],"version-history":[{"count":0,"href":"https:\/\/www.europesays.com\/de\/wp-json\/wp\/v2\/posts\/1276377\/revisions"}],"wp:featuredmedia":[{"embeddable":true,"href":"https:\/\/www.europesays.com\/de\/wp-json\/wp\/v2\/media\/1276378"}],"wp:attachment":[{"href":"https:\/\/www.europesays.com\/de\/wp-json\/wp\/v2\/media?parent=1276377"}],"wp:term":[{"taxonomy":"category","embeddable":true,"href":"https:\/\/www.europesays.com\/de\/wp-json\/wp\/v2\/categories?post=1276377"},{"taxonomy":"post_tag","embeddable":true,"href":"https:\/\/www.europesays.com\/de\/wp-json\/wp\/v2\/tags?post=1276377"}],"curies":[{"name":"wp","href":"https:\/\/api.w.org\/{rel}","templated":true}]}}