{"id":1276396,"date":"2026-09-02T18:30:26","date_gmt":"2026-09-02T18:30:26","guid":{"rendered":"https:\/\/www.europesays.com\/de\/1276396\/"},"modified":"2026-09-02T18:30:26","modified_gmt":"2026-09-02T18:30:26","slug":"dortmund-ermittlungen-gegen-jp-kraemer-wieder-eingeleitet","status":"publish","type":"post","link":"https:\/\/www.europesays.com\/de\/1276396\/","title":{"rendered":"Dortmund | Ermittlungen gegen JP Kraemer wieder eingeleitet"},"content":{"rendered":"<p>Dortmund (dpa) &#8211; Gegen Jean Pierre Kraemer (45) wird wieder strafrechtlich ermittelt. Das Ermittlungsverfahren wegen K\u00f6rperverletzung und Sachbesch\u00e4digung sei wieder aufgenommen worden, sagte ein Sprecher der Staatsanwaltschaft Dortmund der Deutschen Presse-Agentur.\u00a0<\/p>\n<p>Das Ermittlungsverfahren war bereits eingestellt worden, weil seine Frau vor Ort auf einen Strafantrag verzichtet hatte und kein \u00f6ffentliches Interesse an der Strafverfolgung sah. Doch dann hatte sich f\u00fcr die Ehefrau ein Rechtsanwalt gemeldet, Strafantrag gestellt und die Wiederaufnahme des Verfahrens beantragt.\u00a0<\/p>\n<p>Ehefrau erstattet Anzeige wegen Drohungen<\/p>\n<p>Der TV- und Youtube-Star Kraemer (\u00abDie PS-Profis\u00bb) hatte die Vorw\u00fcrfe in der vergangenen Woche \u00f6ffentlich teilweise einger\u00e4umt und sich in einem weiteren Statement bei seiner Frau entschuldigt. Zuvor hatte der 45-J\u00e4hrige ihr zun\u00e4chst vorgeworfen, sie habe ihn ebenfalls geschlagen. Sie hatte gegen\u00fcber \u00abBild\u00bb gesagt, sie habe in einer Defensiv-Situation ihm auf die Brust gehauen. Das Paar hat sich getrennt und l\u00e4sst sich derzeit scheiden.\u00a0<\/p>\n<p>Kraemer hatte am Dienstag zudem angek\u00fcndigt, seine Unternehmen zu schlie\u00dfen. Von dem Schritt Kraemers d\u00fcrften Medienangaben zufolge rund 80 Mitarbeiter betroffen sein. Kraemer hatte den Jahresumsatz seiner Firmengruppe in einem Podcast vor einiger Zeit auf rund 100 Millionen Euro beziffert.\u00a0<\/p>\n<p>Unterdessen best\u00e4tigte der Rechtsanwalt von Kraemers Frau, dass seine Mandantin via Instagram Drohungen erhalten und gegen die Verfasser Strafanzeige erstattet habe. Nach Angaben der \u00abRuhr-Nachrichten\u00bb waren der 25-J\u00e4hrigen Tod und Vergewaltigung angedroht worden.<\/p>\n","protected":false},"excerpt":{"rendered":"Dortmund (dpa) &#8211; Gegen Jean Pierre Kraemer (45) wird wieder strafrechtlich ermittelt. Das Ermittlungsverfahren wegen K\u00f6rperverletzung und Sachbesch\u00e4digung&hellip;\n","protected":false},"author":2,"featured_media":1276397,"comment_status":"","ping_status":"","sticky":false,"template":"","format":"standard","meta":{"footnotes":"","_share_on_mastodon":"0"},"categories":[1833],"tags":[3364,29,217,441,30,1584,2549,62,1209],"class_list":["post-1276396","post","type-post","status-publish","format-standard","has-post-thumbnail","category-dortmund","tag-de","tag-deutschland","tag-dortmund","tag-fernsehen","tag-germany","tag-kriminalitaet","tag-leute","tag-medien","tag-nordrhein-westfalen"],"share_on_mastodon":{"url":"https:\/\/pubeurope.com\/@de\/117202873834219315","error":""},"_links":{"self":[{"href":"https:\/\/www.europesays.com\/de\/wp-json\/wp\/v2\/posts\/1276396","targetHints":{"allow":["GET"]}}],"collection":[{"href":"https:\/\/www.europesays.com\/de\/wp-json\/wp\/v2\/posts"}],"about":[{"href":"https:\/\/www.europesays.com\/de\/wp-json\/wp\/v2\/types\/post"}],"author":[{"embeddable":true,"href":"https:\/\/www.europesays.com\/de\/wp-json\/wp\/v2\/users\/2"}],"replies":[{"embeddable":true,"href":"https:\/\/www.europesays.com\/de\/wp-json\/wp\/v2\/comments?post=1276396"}],"version-history":[{"count":0,"href":"https:\/\/www.europesays.com\/de\/wp-json\/wp\/v2\/posts\/1276396\/revisions"}],"wp:featuredmedia":[{"embeddable":true,"href":"https:\/\/www.europesays.com\/de\/wp-json\/wp\/v2\/media\/1276397"}],"wp:attachment":[{"href":"https:\/\/www.europesays.com\/de\/wp-json\/wp\/v2\/media?parent=1276396"}],"wp:term":[{"taxonomy":"category","embeddable":true,"href":"https:\/\/www.europesays.com\/de\/wp-json\/wp\/v2\/categories?post=1276396"},{"taxonomy":"post_tag","embeddable":true,"href":"https:\/\/www.europesays.com\/de\/wp-json\/wp\/v2\/tags?post=1276396"}],"curies":[{"name":"wp","href":"https:\/\/api.w.org\/{rel}","templated":true}]}}