{"id":1276404,"date":"2026-09-02T18:35:26","date_gmt":"2026-09-02T18:35:26","guid":{"rendered":"https:\/\/www.europesays.com\/de\/1276404\/"},"modified":"2026-09-02T18:35:26","modified_gmt":"2026-09-02T18:35:26","slug":"fortuna-duesseldorf-aera-tecklenburg-beendet-sport","status":"publish","type":"post","link":"https:\/\/www.europesays.com\/de\/1276404\/","title":{"rendered":"Fortuna D\u00fcsseldorf: \u00c4ra Tecklenburg beendet | Sport"},"content":{"rendered":"<p><a class=\"skip-content skip-content--link\" href=\"#in-content-skip-link-target-v-0-0\">TTS-Player \u00fcberspringen\u21b5<\/a><a id=\"in-content-skip-link-target-v-0-0\" class=\"skip-content--target-link-hidden skip-content skip-content--target-link\" href=\"#in-content-skip-link-target-v-0-0\">Artikel weiterlesen<\/a><\/p>\n<p><b>Seit 2005 war der Name Tecklenburg eng mit Fortuna verbunden. Diese \u00c4ra ist nun beendet. Martina Voss-Tecklenburg (58) legt ihr ehrenamtliches Mandat im neunk\u00f6pfigen Aufsichtsrat von <\/b><a href=\"https:\/\/www.bild.de\/sport\/fussball\/fortuna-duesseldorf\/startseite-fortuna-duesseldorf-31148850.bild.html\" class=\"text-link\" rel=\"nofollow noopener\" target=\"_blank\"><b>Fortuna D\u00fcsseldorf<\/b><\/a><b> zum 30. September nieder.<\/b><\/p>\n<p>Am Tag danach \u00fcbernimmt sie in der Schweiz das Traineramt bei Erstligist FC Z\u00fcrich. Die Nationalmannschaft der Eidgenossen betreute sie bis 2018 sechs Jahre. Danach war sie f\u00fcnf Jahre DFB-Bundestrainerin der Damen.<\/p>\n<p>Seit 2018 im Aufsichtsrat<\/p>\n<p>Seit Anfang 2018 geh\u00f6rte sie auch dem Aufsichtsrat von Fortuna an, der kurz danach in die Bundesliga aufstieg und inzwischen in die <a href=\"https:\/\/www.bild.de\/sport\/fussball\/3-liga\/home-15770732.bild.html\" class=\"text-link\" rel=\"nofollow noopener\" target=\"_blank\">3. Liga<\/a> abgest\u00fcrzt ist. Das Amt hat sie nun vorzeitig niedergelegt: \u201eDie Arbeit im Aufsichtsrat von Fortuna D\u00fcsseldorf hat mich \u00fcber einen langen Zeitraum begleitet. Besonders wichtig war mir, meine Erfahrung und meine Perspektive dort einzubringen, wo sie f\u00fcr Fortuna hilfreich sein konnte. Nun freue ich mich auf meine neue Aufgabe beim FC Z\u00fcrich. Mit Fortuna und den Menschen, mit denen ich hier zusammenarbeiten durfte, werde ich weiter verbunden bleiben.\u201c<\/p>\n<p>Zuvor war ihr Mann Hermann Tecklenburg (78) sechs Jahre Vorstandsmitglied bis 2011 in D\u00fcsseldorf. Der damalige Bauunternehmer aus Straelen am Niederrhein war mit daran beteiligt, dass der Klub nach zehn Jahren Dritt- und Viertklassigkeit 2009 wieder in die 2. Liga zur\u00fcckkehrte. In dem Jahr heirateten Martina und Hermann.<\/p>\n<p>Insolvenz 2024<\/p>\n<p>2024 geriet Tecklenburgs Bauunternehmen, an dem auch seine Frau beteiligt war, in die Insolvenz. Hermann Tecklenburg wurde vor einem knappen Jahr vom Landgericht Kleve zu einem Jahr und zehn Monaten Freiheitsstrafe auf Bew\u00e4hrung verurteilt. Weil er als Pr\u00e4sident des SV Straelen \u00fcber Jahre hinweg in \u00fcber hundert F\u00e4llen Spieler, Trainer und Funktion\u00e4re des Vereins bezahlt hatte \u2013 ohne die vorgeschriebenen Sozialabgaben und Beitr\u00e4ge zu bezahlen. Es ging um Schwarzgeldzahlungen in H\u00f6he von 600.000 Euro \u00fcber sechs Jahre lang. Strafmildernd wurde sein Gest\u00e4ndnis bewertet.<\/p>\n<p>Mehr zum Thema<\/p>\n<p>Die \u00c4ra Tecklenburg bei Fortuna ist beendet. Am 15. November stehen ohnehin Wahlen zum Aufsichtsrat an, die nach dem Abstieg auch so schon brisant gewesen w\u00e4ren. Bis dahin bleibt das Amt der ehemaligen Nationalspielerin (125 Eins\u00e4tze, u. a. viermal Europameisterin und sechsmal Deutsche Meisterin) unbesetzt.<\/p>\n","protected":false},"excerpt":{"rendered":"TTS-Player \u00fcberspringen\u21b5Artikel weiterlesen Seit 2005 war der Name Tecklenburg eng mit Fortuna verbunden. Diese \u00c4ra ist nun beendet.&hellip;\n","protected":false},"author":2,"featured_media":1276405,"comment_status":"","ping_status":"","sticky":false,"template":"","format":"standard","meta":{"footnotes":"","_share_on_mastodon":"0"},"categories":[1831],"tags":[13054,5876,3364,29,11055,3405,3132,6578,30,16484,1209,819,50200],"class_list":["post-1276404","post","type-post","status-publish","format-standard","has-post-thumbnail","category-duesseldorf","tag-abstieg","tag-aufstieg","tag-de","tag-deutschland","tag-dfb-frauen-nationalmannschaft","tag-duesseldorf","tag-fortuna-duesseldorf","tag-frauen-fussball","tag-germany","tag-joerg-zschoche","tag-nordrhein-westfalen","tag-sport-leuchtturm-essen","tag-voss-tecklenburg-martina"],"share_on_mastodon":{"url":"https:\/\/pubeurope.com\/@de\/117202893276864019","error":""},"_links":{"self":[{"href":"https:\/\/www.europesays.com\/de\/wp-json\/wp\/v2\/posts\/1276404","targetHints":{"allow":["GET"]}}],"collection":[{"href":"https:\/\/www.europesays.com\/de\/wp-json\/wp\/v2\/posts"}],"about":[{"href":"https:\/\/www.europesays.com\/de\/wp-json\/wp\/v2\/types\/post"}],"author":[{"embeddable":true,"href":"https:\/\/www.europesays.com\/de\/wp-json\/wp\/v2\/users\/2"}],"replies":[{"embeddable":true,"href":"https:\/\/www.europesays.com\/de\/wp-json\/wp\/v2\/comments?post=1276404"}],"version-history":[{"count":0,"href":"https:\/\/www.europesays.com\/de\/wp-json\/wp\/v2\/posts\/1276404\/revisions"}],"wp:featuredmedia":[{"embeddable":true,"href":"https:\/\/www.europesays.com\/de\/wp-json\/wp\/v2\/media\/1276405"}],"wp:attachment":[{"href":"https:\/\/www.europesays.com\/de\/wp-json\/wp\/v2\/media?parent=1276404"}],"wp:term":[{"taxonomy":"category","embeddable":true,"href":"https:\/\/www.europesays.com\/de\/wp-json\/wp\/v2\/categories?post=1276404"},{"taxonomy":"post_tag","embeddable":true,"href":"https:\/\/www.europesays.com\/de\/wp-json\/wp\/v2\/tags?post=1276404"}],"curies":[{"name":"wp","href":"https:\/\/api.w.org\/{rel}","templated":true}]}}