{"id":1276417,"date":"2026-09-02T18:44:13","date_gmt":"2026-09-02T18:44:13","guid":{"rendered":"https:\/\/www.europesays.com\/de\/1276417\/"},"modified":"2026-09-02T18:44:13","modified_gmt":"2026-09-02T18:44:13","slug":"bauarbeiten-in-muenchen-pasing-verursachen-einschraenkungen-im-bahnverkehr","status":"publish","type":"post","link":"https:\/\/www.europesays.com\/de\/1276417\/","title":{"rendered":"Bauarbeiten in M\u00fcnchen-Pasing verursachen Einschr\u00e4nkungen im Bahnverkehr"},"content":{"rendered":"<p class=\"mb-6 text-xs-varying md:text-m lg:text-l font-serif group-[.font-sans]:font-sans \">\n    Die gute Nachricht f\u00fcr Reisende und Pendler: es ist der letzte Bauabschnitt der Arbeiten in M\u00fcnchen-Pasing. Die schlechte: Mitte September m\u00fcssen sie sich auf Fahrplan\u00e4nderungen bei den S-Bahnen und Haltausf\u00e4lle im Regional- und Fernverkehr einstellen. Etwa eine Woche lang solle die Einschr\u00e4nkungen andauern.\n  <\/p>\n<p class=\"mb-6 text-xs-varying md:text-m lg:text-l font-serif group-[.font-sans]:font-sans \">\n    \u201eDB InfraGo setzt die Bauarbeiten an insgesamt 23 Weichen in Pasing fort\u201c, hei\u00dft es in einer Mitteilung des Eisenbahninfrastrukturunternehmen. Mit Abschluss der Arbeiten Mitte September sollen unter anderem rund 900 Schwellen erneuert und rund 800 Tonnen Schotter verbaut worden sein.\n  <\/p>\n<p>            Bauarbeiten in Pasing verursacht Fahrplan\u00e4nderungen bei der S-Bahn<\/p>\n<p class=\"mb-6 text-xs-varying md:text-m lg:text-l font-serif group-[.font-sans]:font-sans \">\n    Allerdings stehen w\u00e4hrend der Arbeiten f\u00fcr den Zugverkehr weniger Gleise und Fahrtm\u00f6glichkeiten zur Verf\u00fcgung. Auf der Stammstrecke sei nur ein eingeschr\u00e4nktes Angebot m\u00f6glich und im Regional- und Fernverkehr komme es teils zu Haltausf\u00e4llen, teilt die DB InfraGo mit. Die Fahrplan\u00e4nderungen gelten von Dienstag, 8. September, 23 Uhr bis Montag, 14. September, 4:30 Uhr.\n  <\/p>\n<p>      <a href=\"https:\/\/www.augsburger-allgemeine.de\/bayern\/sperrungen-auf-der-muenchener-stammstrecke-bis-2028-diese-haltestellen-sind-diese-woche-betroffen-1-115080274\" class=\"hidden  &#010;                md:block md:mr-5 md:min-w-[140px]  aspect-photo md:aspect-tv lg:aspect-tv w-fullXXX relative self-start inline overflow-hidden\" rel=\"nofollow noopener\" target=\"_blank\"><\/p>\n<p>    <img decoding=\"async\" src=\"\" alt=\"Einige S-Bahnen halten in M\u00fcnchen-Laim bis voraussichtlich 2028 nicht mehr; ab dieser Woche kommen noch weitere Sperrungen hinzu.\" title=\"Einige S-Bahnen halten in M\u00fcnchen-Laim bis voraussichtlich 2028 nicht mehr; ab dieser Woche kommen noch weitere Sperrungen hinzu.\" loading=\"lazy\" class=\"h-full w-full object-cover\"\/><br \/>\n   <\/a><\/p>\n<p class=\"mb-6 text-xs-varying md:text-m lg:text-l font-serif group-[.font-sans]:font-sans \">\n    Bei der M\u00fcnchner S-Bahn fahren nur die S2 und die S8 komplett regul\u00e4r. Zwischen Pasing und der Innenstadt k\u00f6nnen Fahrg\u00e4ste nur die regul\u00e4r verkehrende S8 sowie die S4 zum Hauptbahnhof (ohne Halt ab\/bis Pasing) und den Regionalverkehr nutzen, so die DB InfraGo in ihrer Mitteilung. Im \u00fcbrigen Bereich der Stammstrecke zwischen Laim und Ostbahnhof seien je nach Abschnitt zwei bis vier Linien unterwegs:\n  <\/p>\n<ul rel=\"\" class=\"[&amp;&gt;li]:relative list-none  [&amp;&gt;li]:pl-[1.2em] [&amp;&gt;li]:marker:text-[0] [&amp;&gt;li]:relative [&amp;&gt;li]:before:absolute [&amp;&gt;li]:before:w-3 [&amp;&gt;li]:before:h-3 [&amp;&gt;li]:before:bg-brand [&amp;&gt;li]:before:left-0 [&amp;&gt;li]:before:rounded-full [&amp;&gt;li]:before:top-[8px] md:[&amp;&gt;li]:before:top-[9px] lg:[&amp;&gt;li]:before:top-[11px]  my-5\">\n<li class=\" mb-3 text-xs-varying md:text-m lg:text-l\">S1:\u00a0Verkehrt nur zwischen Freising\/Flughafen und Hauptbahnhof (ohne Halt ab\/bis Moosach). Jede dritte Fahrt beginnt\/endet bereits in Moosach (U3).<\/li>\n<li class=\" mb-3 text-xs-varying md:text-m lg:text-l\">S3: Entf\u00e4llt zwischen Lochhausen und Hackerbr\u00fccke. Im Abschnitt zwischen Lochhausen und Pasing verkehren ersatzweise Busse. Zudem entf\u00e4llt der 10-Minuten-Takt zwischen Maisach und Ostbahnhof.<\/li>\n<li class=\" mb-3 text-xs-varying md:text-m lg:text-l\">S4: Verkehrt nur zwischen Geltendorf und Hauptbahnhof Haupthalle (ohne Zwischenhalt ab\/bis Pasing). Die Fahrten der S20 entfallen.<\/li>\n<li class=\" mb-3 text-xs-varying md:text-m lg:text-l\">S5\/S7: Die beiden Linien werden miteinander verbunden und fahren somit durchgehend zwischen Icking und Aying (Ersatzverkehr zwischen Kreuzstra\u00dfe und Aying wegen anderer Bauarbeiten).<\/li>\n<li class=\" mb-3 text-xs-varying md:text-m lg:text-l\">S6: Verkehrt nur zwischen Tutzing und Gauting sowie zwischen Ebersberg und Ostbahnhof. Im Abschnitt zwischen Gauting und Pasing verkehren ersatzweise Busse.<\/li>\n<\/ul>\n<p>            Im Nah- und Fernverkehr kommt es zu Haltausf\u00e4llen in Pasing<\/p>\n<p class=\"mb-6 text-xs-varying md:text-m lg:text-l font-serif group-[.font-sans]:font-sans \">\n    Im\u00a0<strong class=\"font-bold\">Regionalverkehr<\/strong>\u00a0komme es laut DB InfraGo teilweise zu Haltausf\u00e4llen in Pasing. Au\u00dferdem endet ein Teil der Z\u00fcge aus Richtung Landshut bereits in Moosach oder Feldmoching, wo Anschluss zur U-Bahn besteht.\n  <\/p>\n<p class=\"mb-6 text-xs-varying md:text-m lg:text-l font-serif group-[.font-sans]:font-sans \">\n    Im\u00a0<strong class=\"font-bold\">Fernverkehr<\/strong>\u00a0fahren die normalerweise \u00fcber Pasing verkehrenden Z\u00fcge eine Umleitung, so die DB InfraGo. Dadurch entfallen im gesamten Bauzeitraum bis auf einzelne Ausnahmen alle Halte in Pasing.\u00a0\n  <\/p>\n","protected":false},"excerpt":{"rendered":"Die gute Nachricht f\u00fcr Reisende und Pendler: es ist der letzte Bauabschnitt der Arbeiten in M\u00fcnchen-Pasing. Die schlechte:&hellip;\n","protected":false},"author":2,"featured_media":1276418,"comment_status":"","ping_status":"","sticky":false,"template":"","format":"standard","meta":{"footnotes":"","_share_on_mastodon":"0"},"categories":[1827],"tags":[26805,2461,772,29,2785,3600,30,114488,1268,19455,4423,4125,263414,2038],"class_list":["post-1276417","post","type-post","status-publish","format-standard","has-post-thumbnail","category-muenchen","tag-bauabschnitt","tag-baustelle","tag-bayern","tag-deutschland","tag-einschraenkung","tag-fernverkehr","tag-germany","tag-haltausfall","tag-muenchen","tag-muenchen-pasing","tag-pasing","tag-pendler","tag-schwellenerneuerung","tag-stammstrecke"],"share_on_mastodon":{"url":"https:\/\/pubeurope.com\/@de\/117202929341108455","error":""},"_links":{"self":[{"href":"https:\/\/www.europesays.com\/de\/wp-json\/wp\/v2\/posts\/1276417","targetHints":{"allow":["GET"]}}],"collection":[{"href":"https:\/\/www.europesays.com\/de\/wp-json\/wp\/v2\/posts"}],"about":[{"href":"https:\/\/www.europesays.com\/de\/wp-json\/wp\/v2\/types\/post"}],"author":[{"embeddable":true,"href":"https:\/\/www.europesays.com\/de\/wp-json\/wp\/v2\/users\/2"}],"replies":[{"embeddable":true,"href":"https:\/\/www.europesays.com\/de\/wp-json\/wp\/v2\/comments?post=1276417"}],"version-history":[{"count":0,"href":"https:\/\/www.europesays.com\/de\/wp-json\/wp\/v2\/posts\/1276417\/revisions"}],"wp:featuredmedia":[{"embeddable":true,"href":"https:\/\/www.europesays.com\/de\/wp-json\/wp\/v2\/media\/1276418"}],"wp:attachment":[{"href":"https:\/\/www.europesays.com\/de\/wp-json\/wp\/v2\/media?parent=1276417"}],"wp:term":[{"taxonomy":"category","embeddable":true,"href":"https:\/\/www.europesays.com\/de\/wp-json\/wp\/v2\/categories?post=1276417"},{"taxonomy":"post_tag","embeddable":true,"href":"https:\/\/www.europesays.com\/de\/wp-json\/wp\/v2\/tags?post=1276417"}],"curies":[{"name":"wp","href":"https:\/\/api.w.org\/{rel}","templated":true}]}}