{"id":1276427,"date":"2026-09-02T18:49:25","date_gmt":"2026-09-02T18:49:25","guid":{"rendered":"https:\/\/www.europesays.com\/de\/1276427\/"},"modified":"2026-09-02T18:49:25","modified_gmt":"2026-09-02T18:49:25","slug":"frau-in-berliner-park-getoetet-jetzt-spricht-ihre-mutter-ueber-den-schlimmsten-tag-ihres-lebens-regional","status":"publish","type":"post","link":"https:\/\/www.europesays.com\/de\/1276427\/","title":{"rendered":"Frau in Berliner Park get\u00f6tet: Jetzt spricht ihre Mutter \u00fcber den schlimmsten Tag ihres Lebens | Regional"},"content":{"rendered":"<p><a class=\"skip-content skip-content--link\" href=\"#in-content-skip-link-target-v-0-0\">TTS-Player \u00fcberspringen\u21b5<\/a><a id=\"in-content-skip-link-target-v-0-0\" class=\"skip-content--target-link-hidden skip-content skip-content--target-link\" href=\"#in-content-skip-link-target-v-0-0\">Artikel weiterlesen<\/a><\/p>\n<p>Berlin \u2013 <b>Nur wenige Meter von der Stelle entfernt, an der ihre Tochter Ilse (46) get\u00f6tet wurde, blickt Sonja Hartmann auf ein Meer aus Kerzen. Erlischt eines der vielen Grablichter, z\u00fcndet sie es wieder an. Immer und immer wieder. \u201eDie Gedenkst\u00e4tte ist mein Zuhause geworden\u201c, sagt die Mutter. Blumen, Kerzen und Bilder erinnern an ihre Ilse, deren Leiche am 21. August hier im Geb\u00fcsch zwischen S-Bahn-Gleis und Fu\u00dfg\u00e4ngerweg gefunden wurde.<\/b><\/p>\n<p>Ich, die BILD-Reporterin, wohne nur 500 Meter entfernt. Es ist mein Kiez. Der Prenzlauer Berg, ein Viertel, das ich immer f\u00fcr harmlos hielt. Bis an jenem Freitag die M\u00e4nner und Frauen der Mordkommission in wei\u00dfen Anz\u00fcgen den Weg ins Geb\u00fcsch nahmen, w\u00e4hrend ich durch den Park am Zeiss-Planetarium spazierte.<\/p>\n<p><img decoding=\"async\" width=\"992\" height=\"780\" alt=\"Mutter und Tochter auf einem fr\u00fcheren Urlaubsfoto\" loading=\"lazy\" src=\"https:\/\/www.europesays.com\/de\/wp-content\/uploads\/2026\/09\/466b37395cc98a2e51ca49950db934a2,6caa2ad7.jpeg\"   class=\"dynamic\"\/><\/p>\n<p class=\"fig__caption__text\">Mutter und Tochter auf einem Urlaubsfoto<\/p>\n<p>Foto: Olaf Wagner<\/p>\n<p><img decoding=\"async\" width=\"992\" height=\"661\" alt=\"Die Leiche von Ilse wurde unweit des Planetariums im Berliner Bezirk Prenzlauer Berg gefunden\" loading=\"lazy\" src=\"https:\/\/www.europesays.com\/de\/wp-content\/uploads\/2026\/09\/062073f3388e6f84ea81d373d8e88510,5bbe587d.jpeg\"   class=\"dynamic\"\/><\/p>\n<p class=\"fig__caption__text\">Ilses Leiche wurde unweit des Planetariums im Berliner Bezirk Prenzlauer Berg gefunden<\/p>\n<p>Foto: Axel Billig\/Pressefoto Wagner<\/p>\n<p>Eine Woche nach <a href=\"https:\/\/www.bild.de\/regional\/berlin\/mordkommission-ermittelt-in-berlin-passant-entdeckt-frauenleiche-am-zeiss-planetarium-6a89327c1c4720d416547dc5\" class=\"text-link\" rel=\"nofollow noopener\" target=\"_blank\">dem Leichenfund<\/a> treffe ich die Mutter der Get\u00f6teten an der Stelle, die zu einem Erinnerungsort wurde. Gro\u00df gewachsen, Brille, Dutt. Sonja Hartmann wirkt nach au\u00dfen ruhig. Doch als sie sich b\u00fcckt, um pers\u00f6nliche Gegenst\u00e4nde ihrer Tochter abzulegen \u2013 selbstgebastelte Figuren, Muscheln, Papiersterne \u2013, ist ihre tiefe Trauer deutlich zu sp\u00fcren.<\/p>\n<p><img decoding=\"async\" width=\"992\" height=\"641\" alt=\"Sonja Hartmann an dem Ort, an dem die Leiche ihrer Tochter Ilse gefunden wurde\" loading=\"lazy\" src=\"https:\/\/www.europesays.com\/de\/wp-content\/uploads\/2026\/09\/cdf11d87449c5a45ead82de848d57811,4cbab1d3.jpeg\"   class=\"dynamic\"\/><\/p>\n<p class=\"fig__caption__text\">Sonja Hartmann an dem Ort, an dem die Leiche ihrer Tochter Ilse gefunden wurde<\/p>\n<p>Foto: Olaf Wagner<\/p>\n<p>Der Anruf, der alles ver\u00e4nderte<\/p>\n<p>Vom Tod ihrer Tochter erfuhr die Berlinerin am Sonntag, zwei Tage nach dem Fund. \u201eDie wollten dann, dass ich ganz schnell zu ihnen komme\u201c, erz\u00e4hlt Sonja. In der Polizeiwache teilten ihr die Beamten mit, dass ihr Kind tot sei. \u201eIch bin direkt zusammengebrochen. Ich dachte mir nur: \u201eNein, das geht nicht. Das kann doch nicht sein. Da war ein starker Schmerz.\u201c<\/p>\n<p>Nicht nur der <a href=\"https:\/\/www.bild.de\/regional\/berlin\/park-in-berlin-wurde-tote-wegen-maden-wochenlang-nicht-gefunden-6a8af32cc3692834ff6da24d\" class=\"text-link\" rel=\"nofollow noopener\" target=\"_blank\">Tod<\/a> ersch\u00fcttert die Mutter. Auch die Umst\u00e4nde qu\u00e4len sie \u2013 und die Frage: Wer hat ihr das Kind genommen? Nach Angaben der <a href=\"https:\/\/www.bild.de\/regional\/berlin\/berlin-regional\/home-15823246.bild.html\" class=\"text-link\" rel=\"nofollow noopener\" target=\"_blank\">Berliner<\/a> Polizei soll Ilse Hartmann \u00fcber einen l\u00e4ngeren Zeitraum in den Gr\u00fcnanlagen unweit des Zeiss-Gro\u00dfplanetariums gelegen haben. Zur Todesursache schweigt die Polizei \u2013 aus ermittlungstaktischen Gr\u00fcnden.<\/p>\n<p><img decoding=\"async\" width=\"992\" height=\"744\" alt=\"gerichtsmedizin am Leichenfundort\" loading=\"lazy\" src=\"https:\/\/www.europesays.com\/de\/wp-content\/uploads\/2026\/09\/260f477732d98057468108069be3a23a,9173fd3b.jpeg\"   class=\"dynamic\"\/><\/p>\n<p class=\"fig__caption__text\">Die Gerichtsmedizin am Leichenfundort<\/p>\n<p>Foto: Axel Billig\/Pressefoto Wagner<\/p>\n<p>Viele Fragen offen<\/p>\n<p>Wie Ilse starb, ist weiterhin unklar. Sicher ist nur, dass die Beh\u00f6rden von einem <a href=\"https:\/\/www.bild.de\/themen\/ereignisse\/mord\/nachrichten-news-fotos-videos-21394242.bild.html\" class=\"text-link\" rel=\"nofollow noopener\" target=\"_blank\">T\u00f6tungsdelikt<\/a> ausgehen. Die Gerichtsmedizin hat die Leiche noch nicht freigegeben \u2013 ein Abschied ist bislang unm\u00f6glich. Bis dahin bleibt Sonja Hartmann mit ihrem Schmerz zur\u00fcck. \u201eF\u00fcr eine Mutter ist das unfassbar, wenn das Kind vor einem stirbt.\u201c Eine Woche nach dem Fund \u00fcberrollt die Verzweiflung sie immer wieder: \u201eIch bin wund und aufgew\u00fchlt. Du kannst diese Trauerwelle nicht brechen, nicht verhindern, nicht ,Stopp\u2018 sagen. Du hast keine Macht dar\u00fcber. Du kannst nur warten, bis sie wieder unten ist.\u201c<\/p>\n<p><img decoding=\"async\" width=\"992\" height=\"661\" alt=\"Ilse war im Kiez bekannt, die Anteilnahme an ihrem Tod ist gro\u00df\" loading=\"lazy\" src=\"https:\/\/www.europesays.com\/de\/wp-content\/uploads\/2026\/09\/b1ef9074a92835840953c42c1565aa40,8d292335.jpeg\"   class=\"dynamic\"\/><\/p>\n<p class=\"fig__caption__text\">Ilse war im Kiez bekannt, die Anteilnahme an ihrem Tod ist gro\u00df<\/p>\n<p>Foto: Olaf Wagner<\/p>\n<p>Mehr als nur ihr Schicksal<\/p>\n<p>Ilse Hartmann war im Kiez bekannt. Viele wussten, dass sie psychische Probleme hatte. Die Mutter berichtet von Situationen, in denen ihre Tochter vor Schmerz schrie. \u201eIch m\u00f6chte nicht, dass Ilse darauf reduziert wird\u201c, sagt sie. Besonders das Fahndungsfoto, mit dem die Polizei nach Hinweisen sucht, soll nicht das Bild sein, das von ihrer Tochter bleibt.<\/p>\n<p><img decoding=\"async\" width=\"992\" height=\"1176\" alt=\"Ein Kinderfoto von Ilse, das BILD mit Einverst\u00e4ndnis ihrer Mutter zeigt\" loading=\"lazy\" src=\"https:\/\/www.europesays.com\/de\/wp-content\/uploads\/2026\/09\/aceacdcf035b0076e93cb7017bf09dd3,3e31ba32.jpeg\"   class=\"dynamic\"\/><\/p>\n<p class=\"fig__caption__text\">Ein Kinderfoto von Ilse, das BILD mit Einverst\u00e4ndnis ihrer Mutter zeigt<\/p>\n<p>Foto: privat<\/p>\n<p>Es gibt andere Aufnahmen: Ilse mit Tieren, beim Bildhauen oder im Urlaub. So m\u00f6chte Sonja ihre Tochter in Erinnerung behalten \u2013 stark, meinungsfreudig und ehrlich. \u201eAls Kind war Ilse lebendig \u2013 mit einem ausgepr\u00e4gten eigenen Willen. Im Winter hat sie sich gerne barfu\u00df im Schnee bewegt\u201c, sagt ihre Mutter. Sp\u00e4ter wurde Ilse zu einem kreativen Freigeist. Bei einer Geburtstagsfeier griff sie als junge Frau zur Gitarre und begann anschlie\u00dfend, \u00fcber Politik zu sprechen.<\/p>\n<p>Kinder- und Jugendfotos an der Gedenkst\u00e4tte erinnern an Ilse Hartmann. Immer wieder bleiben Menschen stehen und halten inne. Sonja sagt: \u201eEin Mensch ist erst dann gestorben, wenn man nicht mehr \u00fcber ihn redet. Das wird bei Ilse noch lange, lange dauern.\u201c<\/p>\n","protected":false},"excerpt":{"rendered":"TTS-Player \u00fcberspringen\u21b5Artikel weiterlesen Berlin \u2013 Nur wenige Meter von der Stelle entfernt, an der ihre Tochter Ilse (46)&hellip;\n","protected":false},"author":2,"featured_media":1276428,"comment_status":"","ping_status":"","sticky":false,"template":"","format":"standard","meta":{"footnotes":"","_share_on_mastodon":"0"},"categories":[1825],"tags":[1941,1939,296,1937,29,30,584,2183,981,1940,1938,121,3871,227858],"class_list":["post-1276427","post","type-post","status-publish","format-standard","has-post-thumbnail","category-berlin","tag-aktuelle-nachrichten-aus-berlin","tag-aktuelle-news-aus-berlin","tag-berlin","tag-berlin-news","tag-deutschland","tag-germany","tag-leiche","tag-mord","tag-mutter","tag-nachrichten-aus-berlin","tag-news-aus-berlin","tag-polizei","tag-prenzlauer-berg","tag-team-deep"],"share_on_mastodon":{"url":"https:\/\/pubeurope.com\/@de\/117202951731456180","error":""},"_links":{"self":[{"href":"https:\/\/www.europesays.com\/de\/wp-json\/wp\/v2\/posts\/1276427","targetHints":{"allow":["GET"]}}],"collection":[{"href":"https:\/\/www.europesays.com\/de\/wp-json\/wp\/v2\/posts"}],"about":[{"href":"https:\/\/www.europesays.com\/de\/wp-json\/wp\/v2\/types\/post"}],"author":[{"embeddable":true,"href":"https:\/\/www.europesays.com\/de\/wp-json\/wp\/v2\/users\/2"}],"replies":[{"embeddable":true,"href":"https:\/\/www.europesays.com\/de\/wp-json\/wp\/v2\/comments?post=1276427"}],"version-history":[{"count":0,"href":"https:\/\/www.europesays.com\/de\/wp-json\/wp\/v2\/posts\/1276427\/revisions"}],"wp:featuredmedia":[{"embeddable":true,"href":"https:\/\/www.europesays.com\/de\/wp-json\/wp\/v2\/media\/1276428"}],"wp:attachment":[{"href":"https:\/\/www.europesays.com\/de\/wp-json\/wp\/v2\/media?parent=1276427"}],"wp:term":[{"taxonomy":"category","embeddable":true,"href":"https:\/\/www.europesays.com\/de\/wp-json\/wp\/v2\/categories?post=1276427"},{"taxonomy":"post_tag","embeddable":true,"href":"https:\/\/www.europesays.com\/de\/wp-json\/wp\/v2\/tags?post=1276427"}],"curies":[{"name":"wp","href":"https:\/\/api.w.org\/{rel}","templated":true}]}}