{"id":1276431,"date":"2026-09-02T18:51:18","date_gmt":"2026-09-02T18:51:18","guid":{"rendered":"https:\/\/www.europesays.com\/de\/1276431\/"},"modified":"2026-09-02T18:51:18","modified_gmt":"2026-09-02T18:51:18","slug":"umfrage-zur-abgeordnetenhauswahl-cdu-zieht-in-berlin-wieder-an-der-linken-vorbei-koalition-ohne-mehrheit","status":"publish","type":"post","link":"https:\/\/www.europesays.com\/de\/1276431\/","title":{"rendered":"Umfrage zur Abgeordnetenhauswahl: CDU zieht in Berlin wieder an der Linken vorbei &#8211; Koalition ohne Mehrheit"},"content":{"rendered":"<p>Umfrage zur AbgeordnetenhauswahlCDU zieht in Berlin wieder an der Linken vorbei &#8211; Koalition ohne Mehrheit<\/p>\n<p>02.09.2026, 18:55 Uhr <\/p>\n<p>Artikel anh\u00f6ren(02:34 min)<\/p>\n<p><img decoding=\"async\" class=\"Image_img__fQCi0 Image_Img_16_9__4BLfH widget-picture-inline_maximizable__t_E7h\" loading=\"eager\" fetchpriority=\"high\" src=\"https:\/\/www.europesays.com\/de\/wp-content\/uploads\/2026\/09\/imago865129535.webp\" alt=\"imago865129535\"\/>Der Umfrage zufolge w\u00e4re ein B\u00fcndnis von CDU, Gr\u00fcnen und SPD rechnerisch m\u00f6glich. (Foto: IMAGO\/Sabine Gudath)<\/p>\n<p class=\"Typography_text-m__XI0da Typography_weight-bold__uT6mq storyline_lead_text_leadtext__q_wg8\">Zweieinhalb Wochen vor der Abgeordnetenhauswahl verschieben sich die Kr\u00e4fteverh\u00e4ltnisse in Berlin leicht. Zumindest laut neuester Umfrage. Vier Parteien liegen nur drei Prozentpunkte auseinander.<\/p>\n<p class=\"Typography_text-default__P3otY Typography_weight-normal__pqUbH storyline_paragraph_p__qSR5N\">Rund zweieinhalb Wochen vor der Abgeordnetenhauswahl in Berlin sieht eine Umfrage die regierende CDU wieder vor der oppositionellen Linken. Die Christdemokraten von Spitzenkandidat Stefan Evers kommen laut der Erhebung des Instituts Infratest dimap f\u00fcr den Rundfunk Berlin-Brandenburg auf 21 Prozent. Die Linkspartei um Spitzenkandidatin Elif Eralp folgt mit 19 Prozent.<\/p>\n<p class=\"Typography_text-default__P3otY Typography_weight-normal__pqUbH storyline_paragraph_p__qSR5N\">Den dritten Platz teilen sich Gr\u00fcne und AfD mit jeweils 18 Prozent. Die mit der CDU regierende SPD erreicht elf Prozent. Das BSW w\u00fcrde mit vier Prozent nicht das neue Berliner Landesparlament einziehen. Die FDP wird nicht gesondert ausgewiesen. Befragt wurden vom vergangenen Donnerstag bis Montag 1279 Wahlberechtigte in Berlin.<\/p>\n<p class=\"Typography_text-default__P3otY Typography_weight-normal__pqUbH storyline_paragraph_p__qSR5N\">Der Spitzenplatz wechselte im Vergleich zur vorangegangenen Umfrage von Mitte Juli damit von der Linken zur CDU. Dabei gewannen die Christdemokraten einen Prozentpunkt hinzu, w\u00e4hrend die Linkspartei drei Punkte einb\u00fc\u00dfte. Die Gr\u00fcnen gewannen einen Punkt, die AfD steigerte sich um zwei Punkte. Die SPD verlor hingegen einen Punkt, w\u00e4hrend das BSW einen Punkt zulegte.<\/p>\n<p class=\"Typography_text-default__P3otY Typography_weight-normal__pqUbH storyline_paragraph_p__qSR5N\">Der Umfrage zufolge w\u00e4ren B\u00fcndnisse von CDU, Gr\u00fcnen und SPD sowie von Linkspartei, Gr\u00fcnen und SPD rechnerisch und politisch m\u00f6glich. In Berlin wird am 20. September gew\u00e4hlt, zeitgleich findet auch in Mecklenburg-Vorpommern eine Landtagswahl statt. Bereits am kommenden Sonntag wird in Sachsen-Anhalt der Landtag neu gew\u00e4hlt.<\/p>\n<p class=\"Typography_text-default__P3otY Typography_weight-normal__pqUbH storyline_paragraph_p__qSR5N\">In Berlin regiert derzeit eine Koalition aus CDU und SPD unter dem Regierenden B\u00fcrgermeister Kai Wegner (CDU). Dieser zog sich nach Kritik an seiner Krisenkommunikation infolge eines tagelangen gro\u00dfen Stromausfalls aber Mitte Juli als Spitzenkandidat zur\u00fcck, f\u00fcr die CDU wurde Finanz- und Kultursenator Evers Spitzenkandidat.<\/p>\n<p class=\"Typography_text-s__wu_cm Typography_weight-normal__pqUbH Typography_color-darkgrey__sZEnP article-detail-footer_source__KslPc\">Quelle: ntv.de, mba\/AFP<\/p>\n","protected":false},"excerpt":{"rendered":"Umfrage zur AbgeordnetenhauswahlCDU zieht in Berlin wieder an der Linken vorbei &#8211; Koalition ohne Mehrheit 02.09.2026, 18:55 Uhr&hellip;\n","protected":false},"author":2,"featured_media":1276432,"comment_status":"","ping_status":"","sticky":false,"template":"","format":"standard","meta":{"footnotes":"","_share_on_mastodon":"0"},"categories":[1825],"tags":[186,296,31,29,536,30,16,184,10563,4672],"class_list":["post-1276431","post","type-post","status-publish","format-standard","has-post-thumbnail","category-berlin","tag-afd","tag-berlin","tag-cdu","tag-deutschland","tag-die-linke","tag-germany","tag-politik","tag-spd","tag-umfragen","tag-wahlen"],"share_on_mastodon":{"url":"https:\/\/pubeurope.com\/@de\/117202958072295917","error":""},"_links":{"self":[{"href":"https:\/\/www.europesays.com\/de\/wp-json\/wp\/v2\/posts\/1276431","targetHints":{"allow":["GET"]}}],"collection":[{"href":"https:\/\/www.europesays.com\/de\/wp-json\/wp\/v2\/posts"}],"about":[{"href":"https:\/\/www.europesays.com\/de\/wp-json\/wp\/v2\/types\/post"}],"author":[{"embeddable":true,"href":"https:\/\/www.europesays.com\/de\/wp-json\/wp\/v2\/users\/2"}],"replies":[{"embeddable":true,"href":"https:\/\/www.europesays.com\/de\/wp-json\/wp\/v2\/comments?post=1276431"}],"version-history":[{"count":0,"href":"https:\/\/www.europesays.com\/de\/wp-json\/wp\/v2\/posts\/1276431\/revisions"}],"wp:featuredmedia":[{"embeddable":true,"href":"https:\/\/www.europesays.com\/de\/wp-json\/wp\/v2\/media\/1276432"}],"wp:attachment":[{"href":"https:\/\/www.europesays.com\/de\/wp-json\/wp\/v2\/media?parent=1276431"}],"wp:term":[{"taxonomy":"category","embeddable":true,"href":"https:\/\/www.europesays.com\/de\/wp-json\/wp\/v2\/categories?post=1276431"},{"taxonomy":"post_tag","embeddable":true,"href":"https:\/\/www.europesays.com\/de\/wp-json\/wp\/v2\/tags?post=1276431"}],"curies":[{"name":"wp","href":"https:\/\/api.w.org\/{rel}","templated":true}]}}