{"id":1276435,"date":"2026-09-02T18:53:20","date_gmt":"2026-09-02T18:53:20","guid":{"rendered":"https:\/\/www.europesays.com\/de\/1276435\/"},"modified":"2026-09-02T18:53:20","modified_gmt":"2026-09-02T18:53:20","slug":"berlin-linke-verliert-in-umfrage-drei-prozentpunkte-gruene-und-afd-gleichauf","status":"publish","type":"post","link":"https:\/\/www.europesays.com\/de\/1276435\/","title":{"rendered":"Berlin: Linke verliert in Umfrage drei Prozentpunkte \u2013 Gr\u00fcne und AfD gleichauf"},"content":{"rendered":"<p>Die Linke rutscht nach einem erneuten Antisemitismus-Skandal in der neuesten Umfrage f\u00fcr Berlin stark ab. Zulegen k\u00f6nnen hingegen CDU und AfD. Die aktuelle Regierung h\u00e4tte keine Mehrheit mehr.<\/p>\n<p class=\"c-inline-alert__description\">Klicken Sie hier, um sich Artikel von WELT in der Google-Suche bevorzugt anzeigen zu lassen.<\/p>\n<p class=\"is-first-paragraph\" data-external=\"Article.FirstParagraph\">Rund zweieinhalb Wochen vor der Wahl zum Berliner Abgeordnetenhaus verliert die Linkspartei in einer Umfrage deutlich: In einer Wahlumfrage des Umfrageinstituts Infratest dimap <a class=\"is-link c-block-items__link is-external c-link--rich-text-renderer\" href=\"https:\/\/www.rbb24.de\/politik\/berlin-wahl-2026\/beitraege\/berlin-trend-abgeordnetenhaus-wahl-september.html\" target=\"_blank\" title=\"Link wird in einem neuen Tab ge\u00f6ffnet\" rel=\"nofollow noopener\" data-internal-tracking-enabled=\"true\" data-internal-tracking=\"{&quot;action&quot;:&quot;click&quot;,&quot;label&quot;:&quot;link&quot;,&quot;name&quot;:&quot;Inline Element&quot;,&quot;data&quot;:{&quot;source&quot;:&quot;&quot;,&quot;target&quot;:&quot;https:\/\/www.rbb24.de\/politik\/berlin-wahl-2026\/beitraege\/berlin-trend-abgeordnetenhaus-wahl-september.html&quot;,&quot;trackingName&quot;:&quot;&quot;,&quot;trackingLabel&quot;:&quot;&quot;}}\">im Auftrag des RBB<\/a> kommt die Partei nur noch auf 19 Prozent \u2013 ein Minus von drei Prozentpunkten.<\/p>\n<p>Die Linkspartei steht in Berlin nach einem erneuten Antisemitismusvorfall stark in der Kritik. Am Wochenende trat der Rapper Dahabflex auf einer Wahlkampfveranstaltung der Linken in Neuk\u00f6lln auf, auch mit dem Song \u201eStop the Genocide\u201c, in dem zur T\u00f6tung israelischer Soldaten aufgerufen wird. Da die Daten f\u00fcr die Umfrage vom 27. bis zum 31. August erhoben wurden, k\u00f6nnte der Vorfall in der Meinungsbildung der Wahlberechtigten eine Rolle gespielt haben.<\/p>\n<p>Spitzenkandidatin Elif Eralp verurteilte den Auftritt \u201eaufs Sch\u00e4rfste\u201c. Gleichzeitig verteidigten Vertreter des Neuk\u00f6llner Kreisverbandes und propal\u00e4stinensische Linken-Politiker den Rapper, der bereits zum zweiten Mal auf einer Linken-Veranstaltung auftrat. Das warf die Frage auf, <a class=\"is-link c-block-items__link c-link--rich-text-renderer\" href=\"https:\/\/www.welt.de\/politik\/deutschland\/article6a95a3c7518a586e1855e8de\/nach-auftritt-in-neukoelln-linke-muss-klaeren-ob-eralps-wort-gilt-mahnt-gruenen-politiker-rapper-wehrt-sich-gegen-kritik.html\" data-internal-tracking-enabled=\"true\" data-internal-tracking=\"{&quot;action&quot;:&quot;click&quot;,&quot;label&quot;:&quot;link&quot;,&quot;name&quot;:&quot;Inline Element&quot;,&quot;data&quot;:{&quot;source&quot;:&quot;&quot;,&quot;target&quot;:&quot;https:\/\/www.welt.de\/politik\/deutschland\/article6a95a3c7518a586e1855e8de\/nach-auftritt-in-neukoelln-linke-muss-klaeren-ob-eralps-wort-gilt-mahnt-gruenen-politiker-rapper-wehrt-sich-gegen-kritik.html&quot;,&quot;trackingName&quot;:&quot;&quot;,&quot;trackingLabel&quot;:&quot;&quot;}}\" rel=\"nofollow noopener\" target=\"_blank\">wie viel Hausmacht Eralp innerhalb der Berliner Linken \u00fcberhaupt hat<\/a>.<\/p>\n<p>In der RBB-Wahlumfrage wieder an der Spitze liegt die CDU, die auf 21 Prozent (plus eins) kommt. Zulegen konnte auch die AfD \u2013 sie klettert im Vergleich zur Juli-Erhebung um zwei Prozentpunkte auf 18 Prozent und liegt damit gleichauf mit den Gr\u00fcnen, die einen Prozentpunkt dazugewinnen. Dahinter folgen die SPD, die einen Punkt verliert und auf elf Prozent kommt, und das BSW, das einen Punkt zulegt, mit vier Prozent. Die FDP firmiert unter \u201eSonstige\u201c.<\/p>\n<p>Die Umfragewerte im \u00dcberblick<\/p>\n<ul>\n<li>CDU: 21 Prozent (+1)<\/li>\n<li>Linke: 19 Prozent (-3)<\/li>\n<li>Gr\u00fcne: 18 Prozent (+1)<\/li>\n<li>AfD: 18 Prozent: (+2)<\/li>\n<li>SPD: 11 Prozent (-1)<\/li>\n<li>BSW: 4 Prozent (+1)<\/li>\n<li>Sonstige: 9 Prozent (-1)<\/li>\n<\/ul>\n<p>Die derzeit regierende Koalition aus CDU und SPD h\u00e4tte damit keine Mehrheit mehr. Zweierb\u00fcndnisse w\u00e4ren damit generell nicht m\u00f6glich. Rechnerisch denkbar w\u00e4ren etwa eine Koalition aus CDU, Gr\u00fcnen und SPD und eine aus Linken, Gr\u00fcnen und SPD. <\/p>\n<p>Infratest dimap fragte auch ab, wem die W\u00e4hler im Falle einer Direktwahl des Regierenden B\u00fcrgermeisters ihre Stimme geben w\u00fcrden. Dabei kamen CDU-Spitzenkandidat Stefan Evers und Linken-Spitzenkandidatin Elif Eralp auf jeweils 13 Prozent. Steffen Krach von der SPD w\u00fcrden neun Prozent der Befragten w\u00e4hlen, AfD-Kandidatin Kristin Brinker sieben und Gr\u00fcnen-Spitzenkandidat Werner Graf vier Prozent. Mit 54 Prozent gibt \u00fcber die H\u00e4lfte der Fragen keine Antwort auf diese Frage, was eine niedrige Bekanntheit der Kandidaten nahelegt.<\/p>\n<p> Wahlumfragen sind generell mit Unsicherheiten behaftet. Unter anderem erschweren nachlassende Parteibindungen und immer kurzfristigere Wahlentscheidungen den Meinungsforschungsinstituten die Gewichtung der erhobenen Daten. Grunds\u00e4tzlich spiegeln Umfragen nur das Meinungsbild zum Zeitpunkt der Befragung wider und sind keine Prognosen f\u00fcr den Wahlausgang. In Berlin wird am 20. September ein neues Landesparlament gew\u00e4hlt.<\/p>\n<p>F\u00fcr die Umfrage befragte Infratest dimap vom 27. bis zum 31. August insgesamt 1.279 Menschen telefonisch und online befragt.<\/p>\n<p>lfb\/sebe mit dpa<\/p>\n","protected":false},"excerpt":{"rendered":"Die Linke rutscht nach einem erneuten Antisemitismus-Skandal in der neuesten Umfrage f\u00fcr Berlin stark ab. Zulegen k\u00f6nnen hingegen&hellip;\n","protected":false},"author":2,"featured_media":1276436,"comment_status":"","ping_status":"","sticky":false,"template":"","format":"standard","meta":{"footnotes":"","_share_on_mastodon":"0"},"categories":[1825],"tags":[186,296,21,31,29,536,122478,122479,30,250153,110,184,45,10563],"class_list":["post-1276435","post","type-post","status-publish","format-standard","has-post-thumbnail","category-berlin","tag-afd","tag-berlin","tag-buendnis-90-die-gruenen","tag-cdu","tag-deutschland","tag-die-linke","tag-elif","tag-eralp","tag-germany","tag-newsos-import-welt","tag-newsteam","tag-spd","tag-texttospeech","tag-umfragen"],"share_on_mastodon":{"url":"https:\/\/pubeurope.com\/@de\/117202963908297397","error":""},"_links":{"self":[{"href":"https:\/\/www.europesays.com\/de\/wp-json\/wp\/v2\/posts\/1276435","targetHints":{"allow":["GET"]}}],"collection":[{"href":"https:\/\/www.europesays.com\/de\/wp-json\/wp\/v2\/posts"}],"about":[{"href":"https:\/\/www.europesays.com\/de\/wp-json\/wp\/v2\/types\/post"}],"author":[{"embeddable":true,"href":"https:\/\/www.europesays.com\/de\/wp-json\/wp\/v2\/users\/2"}],"replies":[{"embeddable":true,"href":"https:\/\/www.europesays.com\/de\/wp-json\/wp\/v2\/comments?post=1276435"}],"version-history":[{"count":0,"href":"https:\/\/www.europesays.com\/de\/wp-json\/wp\/v2\/posts\/1276435\/revisions"}],"wp:featuredmedia":[{"embeddable":true,"href":"https:\/\/www.europesays.com\/de\/wp-json\/wp\/v2\/media\/1276436"}],"wp:attachment":[{"href":"https:\/\/www.europesays.com\/de\/wp-json\/wp\/v2\/media?parent=1276435"}],"wp:term":[{"taxonomy":"category","embeddable":true,"href":"https:\/\/www.europesays.com\/de\/wp-json\/wp\/v2\/categories?post=1276435"},{"taxonomy":"post_tag","embeddable":true,"href":"https:\/\/www.europesays.com\/de\/wp-json\/wp\/v2\/tags?post=1276435"}],"curies":[{"name":"wp","href":"https:\/\/api.w.org\/{rel}","templated":true}]}}