{"id":1276441,"date":"2026-09-02T18:57:22","date_gmt":"2026-09-02T18:57:22","guid":{"rendered":"https:\/\/www.europesays.com\/de\/1276441\/"},"modified":"2026-09-02T18:57:22","modified_gmt":"2026-09-02T18:57:22","slug":"harry-potter-zweiter-trailer-zur-hbo-serie-zeigt-hogwarts-in-voller-pracht","status":"publish","type":"post","link":"https:\/\/www.europesays.com\/de\/1276441\/","title":{"rendered":"Harry Potter: Zweiter Trailer zur HBO-Serie zeigt Hogwarts in voller Pracht &#8211;"},"content":{"rendered":"<p class=\"intro-text\">HBO hat den zweiten offiziellen Teaser-Trailer zur neuen \u201eHarry Potter\u201c-Serie ver\u00f6ffentlicht, der nicht nur den bisher besten Blick auf das frisch gecastete Trio aus Harry, Hermine und Ron gew\u00e4hrt, sondern erstmals auch ausf\u00fchrliche Szenen direkt aus den Hallen von Hogwarts zeigt.<br \/>&#13;\n<\/p>\n<p class=\"wp-block-paragraph\">Nachdem HBO im M\u00e4rz den <strong><a href=\"https:\/\/www.play3.de\/2026\/03\/25\/harry-potter-erster-magischer-trailer-zur-heisserwarteten-hbo-serie-veroeffentlicht\/\" rel=\"nofollow noopener\" target=\"_blank\">ersten Teaser<\/a><\/strong> zur neuen <strong><a href=\"https:\/\/www.play3.de\/tag\/harry-potter\/\" rel=\"nofollow noopener\" target=\"_blank\">\u201eHarry Potter\u201c<\/a><\/strong>-Serie abgeliefert hat, gibt es jetzt endlich Nachschub f\u00fcr alle Potterheads: Der Sender hat den zweiten offiziellen Trailer zur mit Spannung erwarteten Serienadaption ver\u00f6ffentlicht.<\/p>\n<p class=\"wp-block-paragraph\">Im Fokus steht dabei nat\u00fcrlich das Haupttrio aus Harry, Hermine und Ron. Zudem gew\u00e4hrt das bewegte Bildmaterial umfangreiche Einblicke in Schloss Hogwarts und zeigt dabei ikonische Schl\u00fcsselmomente aus \u201eHarry Potter und der Stein der Weisen\u201c, das als Vorlage f\u00fcr die erste Staffel dient.<\/p>\n<p>Film-Flair im Serienformat<\/p>\n<p class=\"wp-block-paragraph\">Schon die ersten Sekunden des neuen Trailers machen klar: HBO scheut f\u00fcr \u201eHarry Potter\u201c weder Kosten noch M\u00fchen. Was Fans aber noch viel mehr freuen d\u00fcrfte, ist die Richtung, die das Team um Showrunnerin Francesca Gardiner (\u201eSuccession\u201c, \u201eHis Dark Materials\u201c) und Regisseur Mark Mylod (\u201eSuccession\u201c, \u201eThe Menu\u201c) einschl\u00e4gt.<\/p>\n<p class=\"wp-block-paragraph\">Anstatt die visuelle Identit\u00e4t der Kinofilme komplett \u00fcber den Haufen zu werfen, greift die Serie den vertrauten Look &amp; Feel auf. Sowohl Kulissendesign und Sch\u00fcleruniformen als auch die Architektur von Schloss Hogwarts durften sofort wohlige Erinnerungen ausl\u00f6sen.<\/p>\n<p class=\"wp-block-paragraph\">Pura Nostalgie erzeugen au\u00dferdem auch einige der Szenen: Wir sehen Harry im Gro\u00dfen Saal, wie er unter dem sprechenden Hut flehentlich \u201eNicht Slytherin, nicht Slytherin\u2026\u201c stammelt, erhaschen erste Blicke auf rasante Quidditch-Action und den legend\u00e4ren Troll-Kampf im Badezimmer der M\u00e4dchen.<\/p>\n<\/p>\n<p>Hochkar\u00e4tige Besetzung und gro\u00dfe Pl\u00e4ne<\/p>\n<p class=\"wp-block-paragraph\">Neben den frisch gecasteten Zauberlehrlingen \u2013 Dominic McLaughlin als Harry Potter, Arabella Stanton als Hermine Granger und Alastair Stout als Ron Weasley \u2013 erlaubt der Trailer obendrein auch einen Blick auf den hochkar\u00e4tigen Cast der erwachsenen Charaktere.<\/p>\n<p class=\"wp-block-paragraph\">So sind unter anderem auch John Lithgow (\u201eDexter\u201c, \u201eThe Crown\u201c) als Albus Dumbledore, Janet McTeer (\u201eOzark\u201c) als Minerva McGonagall, Nick Frost (\u201eShaun of the Dead\u201c) als Rubeus Hagrid und Paapa Essiedu (\u201eI May Destroy You\u201c) als Severus Snape zu sehen.<\/p>\n<p class=\"wp-block-paragraph\">Dar\u00fcber hinaus sind auch Daniel Rigby und Bel Powley als Onkel Vernon und Tante Petunia, Johnny Flynn als Lucius Malfoy sowie Bertie Carvel als Zaubereiminister Cornelius Fudge mit von der Partie.<\/p>\n<p class=\"wp-block-paragraph\">Und w\u00e4hrend die Premiere der ersten Staffel noch etwas auf sich warten l\u00e4sst, laufen hinter den Kulissen bereits die Vorbereitungen f\u00fcr Staffel 2 auf Hochtouren, da die Dreharbeiten bereits im Herbst beginnen sollen. Das Ziel: den <strong><a href=\"https:\/\/www.play3.de\/2026\/05\/07\/harry-potter-staffel-2-noch-vor-dem-serienstart-bestaetigt-hbo-festigt-straffen-10-jahres-plan\/\" rel=\"nofollow noopener\" target=\"_blank\">ambitionierten Zehn-Jahres-Plan<\/a><\/strong> mit je einer Staffel pro Buch ohne jahrelange L\u00fccken durchzuziehen.<\/p>\n<p class=\"wp-block-paragraph\">Die acht Episoden umfassende erste Staffel von \u201eHarry Potter\u201c startet am 25. Dezember 2026 exklusiv auf HBO Max.<\/p>\n<p><img decoding=\"async\" class=\"wp-worthy-pixel-img skip-lazy \" src=\"https:\/\/www.europesays.com\/de\/wp-content\/uploads\/2026\/09\/f9ede2f3ea6a46a9a7d695beff0fdc3f.gif\" loading=\"eager\" data-no-lazy=\"1\" data-skip-lazy=\"1\" alt=\"\"\/>                                <\/p>\n<p>                    <a href=\"https:\/\/www.play3.de\" class=\"home\" rel=\"nofollow noopener\" target=\"_blank\">Startseite<\/a><br \/>\n                    <a href=\"https:\/\/www.play3.de\/forum\/\" class=\"forum\" rel=\"nofollow noopener\" target=\"_blank\">Im Forum diskutieren<\/a><\/p>\n<p> Bei Links zu Amazon, Media Markt, Saturn und einigen anderen H\u00e4ndlern handelt es sich in der Regel um Affiliate-Links. Bei einem Einkauf erhalten wir eine kleine Provision, mit der wir die kostenlos nutzbare Seite finanzieren k\u00f6nnen. Ihr habt dabei keine Nachteile.<\/p>\n","protected":false},"excerpt":{"rendered":"HBO hat den zweiten offiziellen Teaser-Trailer zur neuen \u201eHarry Potter\u201c-Serie ver\u00f6ffentlicht, der nicht nur den bisher besten Blick&hellip;\n","protected":false},"author":2,"featured_media":1276442,"comment_status":"","ping_status":"","sticky":false,"template":"","format":"standard","meta":{"footnotes":"","_share_on_mastodon":"0"},"categories":[1773],"tags":[29,214,30,3511,471,1780,215],"class_list":["post-1276441","post","type-post","status-publish","format-standard","has-post-thumbnail","category-serien","tag-deutschland","tag-entertainment","tag-germany","tag-harry-potter","tag-serien","tag-series","tag-unterhaltung"],"share_on_mastodon":{"url":"https:\/\/pubeurope.com\/@de\/117202981325319162","error":""},"_links":{"self":[{"href":"https:\/\/www.europesays.com\/de\/wp-json\/wp\/v2\/posts\/1276441","targetHints":{"allow":["GET"]}}],"collection":[{"href":"https:\/\/www.europesays.com\/de\/wp-json\/wp\/v2\/posts"}],"about":[{"href":"https:\/\/www.europesays.com\/de\/wp-json\/wp\/v2\/types\/post"}],"author":[{"embeddable":true,"href":"https:\/\/www.europesays.com\/de\/wp-json\/wp\/v2\/users\/2"}],"replies":[{"embeddable":true,"href":"https:\/\/www.europesays.com\/de\/wp-json\/wp\/v2\/comments?post=1276441"}],"version-history":[{"count":0,"href":"https:\/\/www.europesays.com\/de\/wp-json\/wp\/v2\/posts\/1276441\/revisions"}],"wp:featuredmedia":[{"embeddable":true,"href":"https:\/\/www.europesays.com\/de\/wp-json\/wp\/v2\/media\/1276442"}],"wp:attachment":[{"href":"https:\/\/www.europesays.com\/de\/wp-json\/wp\/v2\/media?parent=1276441"}],"wp:term":[{"taxonomy":"category","embeddable":true,"href":"https:\/\/www.europesays.com\/de\/wp-json\/wp\/v2\/categories?post=1276441"},{"taxonomy":"post_tag","embeddable":true,"href":"https:\/\/www.europesays.com\/de\/wp-json\/wp\/v2\/tags?post=1276441"}],"curies":[{"name":"wp","href":"https:\/\/api.w.org\/{rel}","templated":true}]}}