{"id":1276462,"date":"2026-09-02T19:08:14","date_gmt":"2026-09-02T19:08:14","guid":{"rendered":"https:\/\/www.europesays.com\/de\/1276462\/"},"modified":"2026-09-02T19:08:14","modified_gmt":"2026-09-02T19:08:14","slug":"anschlagsversuch-am-flughafen-leipzig-halle-italien-will-visavergabe-an-mutmasslichen-taeter-ueberpruefen","status":"publish","type":"post","link":"https:\/\/www.europesays.com\/de\/1276462\/","title":{"rendered":"Anschlagsversuch am Flughafen Leipzig\/Halle: Italien will Visavergabe an mutma\u00dflichen T\u00e4ter \u00fcberpr\u00fcfen"},"content":{"rendered":"<p class=\"paragraph article__item\">Italiens Regierung will Informationen pr\u00fcfen, nach denen ein m\u00f6glicher Beteiligter an dem <a href=\"https:\/\/www.zeit.de\/politik\/deutschland\/2026-09\/drohne-angriff-leipzig-flughafen-bundesregierung-russland\" target=\"_blank\" rel=\"nofollow noopener\">mutma\u00dflich russischen Anschlagsversuch auf den Flughafen Leipzig\/Halle<\/a> mit einem italienischen Touristenvisum in die <a class=\"rtr-entity\" href=\"https:\/\/www.zeit.de\/thema\/europaeische-union\" rel=\"nofollow noopener\" target=\"_blank\">EU<\/a> eingereist sein soll. Au\u00dfenminister Antonio Tajani sagte am Rande eines EU-Treffens in Irland, es werde nun alle notwendigen Untersuchungen geben. Grunds\u00e4tzlich gelte, dass es ein Verfahren f\u00fcr die Erteilung von Visa gebe und daf\u00fcr bestimmte Voraussetzungen erf\u00fcllt sein m\u00fcssten. Wenn die betreffenden Personen diese Voraussetzungen erf\u00fcllten und zu ihnen keine Warnmeldung vorliege, werde das Visum erteilt, sagte Tajani.\n<\/p>\n<p class=\"paragraph article__item\">Zuvor hatte unter anderem <a href=\"https:\/\/www.zeit.de\/politik\/ausland\/2026-09\/drohne-anschlag-leipzig-flughafen-sprengstoff\/komplettansicht\" target=\"_blank\" rel=\"nofollow noopener\">die ZEIT berichtet<\/a>, dass es Ermittlern des Bundeskriminalamts gelungen ist, in dem Fall zwei Tatverd\u00e4chtige zu identifizieren. Nach Recherchen von NDR, WDR und S\u00fcddeutscher Zeitung soll einer von ihnen mit einem italienischen Touristenvisum in den Schengenraum eingereist sein. Das Dokument sei nach Erkenntnissen der Beh\u00f6rden Ende April an einer italienischen Auslandsvertretung in Minsk in Belarus ausgestellt worden.\n<\/p>\n<p class=\"paragraph article__item\">Im Sicherheitsbereich des<br \/>\nFlughafens Leipzig\/Halle war am 4. August zwischen ukrainischen Frachtmaschinen eine <a href=\"https:\/\/www.zeit.de\/politik\/deutschland\/2026-08\/drohne-leipzig-flughafen-sprengstoff-kameraaufnahmen\" target=\"_blank\" rel=\"nofollow noopener\">mit Sprengstoff und einem Z\u00fcndmechanismus<br \/>\npr\u00e4parierte Drohne<\/a> entdeckt<br \/>\nworden. Die Bundesanwaltschaft nahm <a href=\"https:\/\/www.zeit.de\/politik\/2026-08\/dna-auf-drohne-am-leipziger-flughafen-gefunden\" target=\"_blank\" rel=\"nofollow noopener\">Ermittlungen<\/a>\u00a0auf und sprach von<br \/>\neinem \u00bbschwerwiegenden Angriff auf die Transport- und<br \/>\nLogistikinfrastruktur in Deutschland\u00ab. Nach letzten<br \/>\nErkenntnissen waren insgesamt drei Drohnen involviert.<\/p>\n<p>            Italien, Frankreich und Spanien vergeben Tausende Visa            <\/p>\n<p class=\"paragraph article__item\">Bei dem EU-Au\u00dfenministertreffen in Irland sorgten die Berichte f\u00fcr neue Diskussionen \u00fcber strengere Visaregeln. Wenn es stimmen sollte, dass einer der Verd\u00e4chtigen mit einem italienischen Touristenvisum in die EU gereist sei, dann zeige dies sehr deutlich, dass der EU mithilfe von Visa Schaden zugef\u00fcgt werden k\u00f6nne, sagte die <a href=\"https:\/\/www.zeit.de\/politik\/ausland\/2026-06\/gideon-saar-kaja-kallas-kontaktabbruch-eu-gxe\" target=\"_blank\" rel=\"nofollow noopener\">EU-Au\u00dfenbeauftragte Kaja Kallas<\/a>. Sie hoffe, dass es im Fall einer Best\u00e4tigung der Informationen eine Versch\u00e4rfung der derzeitigen Visabeschr\u00e4nkungen geben k\u00f6nne.\n<\/p>\n<p class=\"paragraph article__item\">In der EU wird seit Beginn des russischen Angriffskriegs gegen die Ukraine immer wieder \u00fcber die Visaregeln f\u00fcr Menschen aus Russland und Partnerstaaten wie Belarus diskutiert. Sie wurden bereits <a href=\"https:\/\/www.zeit.de\/politik\/ausland\/2025-11\/eu-visa-schengen-russland-einreise-sabotage-gxe\" target=\"_blank\" rel=\"nofollow noopener\">mehrfach versch\u00e4rft<\/a>, dennoch vergaben etwa italienische, franz\u00f6sische und spanische Konsulate in Russland zuletzt immer noch eine sechsstellige Zahl an Schengenvisa. Den L\u00e4ndern wird von Kritikern vorgeworfen, nicht auf wohlhabende Touristinnen und Touristen verzichten zu wollen.\n<\/p>\n<p>Mehr zum<\/p>\n<p>            Drohnenangriff in Leipzig        <\/p>\n<p>                <a href=\"https:\/\/www.zeit.de\/politik\/ausland\/2026-09\/drohne-anschlag-leipzig-flughafen-sprengstoff\" data-ct-label=\"Drohnenanschlag in Leipzig: Wie die Ermittler herausfanden, woher die Drohne kam\" data-uuid=\"e4733e13-a45b-4525-a3a6-0a14ae73d597\" rel=\"nofollow noopener\" target=\"_blank\"><\/p>\n<p>        Z+ (abopflichtiger Inhalt);<\/p>\n<p>    Drohnenanschlag in Leipzig:<br \/>\n                        Wie die Ermittler herausfanden, woher die Drohne kam<\/p>\n<p>                <\/a><\/p>\n<p>                <a href=\"https:\/\/www.zeit.de\/politik\/deutschland\/2026-09\/drohne-angriff-leipzig-flughafen-bundesregierung-russland\" data-ct-label=\"Drohnenangriff in Leipzig: Russland war\u2019s!\" data-uuid=\"e8e46059-6fd1-41b1-8006-6e4f74023b66\" rel=\"nofollow noopener\" target=\"_blank\"><\/p>\n<p>        Z+ (abopflichtiger Inhalt);<\/p>\n<p>    Drohnenangriff in Leipzig:<br \/>\n                        Russland war\u2019s!<\/p>\n<p>                <\/a><\/p>\n<p>                <a href=\"https:\/\/www.zeit.de\/politik\/deutschland\/2026-08\/drohnenangriff-leipzig-gegenmassnahmen-sicherheit\" data-ct-label=\"Drohnenangriff in Leipzig: Wie kann sich Deutschland gegen hybride Attacken wehren?\" data-uuid=\"16331012-526e-445b-ae7f-13b6a2c4c392\" rel=\"nofollow noopener\" target=\"_blank\"><\/p>\n<p>        Z+ (abopflichtiger Inhalt);<\/p>\n<p>    Drohnenangriff in Leipzig:<br \/>\n                        Wie kann sich Deutschland gegen hybride Attacken wehren?<\/p>\n<p>                <\/a><\/p>\n","protected":false},"excerpt":{"rendered":"Italiens Regierung will Informationen pr\u00fcfen, nach denen ein m\u00f6glicher Beteiligter an dem mutma\u00dflich russischen Anschlagsversuch auf den Flughafen&hellip;\n","protected":false},"author":2,"featured_media":1276463,"comment_status":"","ping_status":"","sticky":false,"template":"","format":"standard","meta":{"footnotes":"","_share_on_mastodon":"0"},"categories":[1860],"tags":[159384,263066,3364,29,548,663,158,3934,7563,30,4062,17332,13,355,14,15,16,17331,860,12,109537],"class_list":["post-1276462","post","type-post","status-publish","format-standard","has-post-thumbnail","category-halle-saale","tag-anschlagsversuch","tag-anschlagsversuch-am-flughafen-leipzig-halle","tag-de","tag-deutschland","tag-eu","tag-europa","tag-europaeische-union","tag-europe","tag-flughafen-leipzig-halle","tag-germany","tag-halle","tag-halle-saale","tag-headlines","tag-italien","tag-nachrichten","tag-news","tag-politik","tag-saale","tag-sachsen-anhalt","tag-schlagzeilen","tag-visavergabe"],"share_on_mastodon":{"url":"https:\/\/pubeurope.com\/@de\/117203022866947389","error":""},"_links":{"self":[{"href":"https:\/\/www.europesays.com\/de\/wp-json\/wp\/v2\/posts\/1276462","targetHints":{"allow":["GET"]}}],"collection":[{"href":"https:\/\/www.europesays.com\/de\/wp-json\/wp\/v2\/posts"}],"about":[{"href":"https:\/\/www.europesays.com\/de\/wp-json\/wp\/v2\/types\/post"}],"author":[{"embeddable":true,"href":"https:\/\/www.europesays.com\/de\/wp-json\/wp\/v2\/users\/2"}],"replies":[{"embeddable":true,"href":"https:\/\/www.europesays.com\/de\/wp-json\/wp\/v2\/comments?post=1276462"}],"version-history":[{"count":0,"href":"https:\/\/www.europesays.com\/de\/wp-json\/wp\/v2\/posts\/1276462\/revisions"}],"wp:featuredmedia":[{"embeddable":true,"href":"https:\/\/www.europesays.com\/de\/wp-json\/wp\/v2\/media\/1276463"}],"wp:attachment":[{"href":"https:\/\/www.europesays.com\/de\/wp-json\/wp\/v2\/media?parent=1276462"}],"wp:term":[{"taxonomy":"category","embeddable":true,"href":"https:\/\/www.europesays.com\/de\/wp-json\/wp\/v2\/categories?post=1276462"},{"taxonomy":"post_tag","embeddable":true,"href":"https:\/\/www.europesays.com\/de\/wp-json\/wp\/v2\/tags?post=1276462"}],"curies":[{"name":"wp","href":"https:\/\/api.w.org\/{rel}","templated":true}]}}