{"id":1276466,"date":"2026-09-02T19:11:20","date_gmt":"2026-09-02T19:11:20","guid":{"rendered":"https:\/\/www.europesays.com\/de\/1276466\/"},"modified":"2026-09-02T19:11:20","modified_gmt":"2026-09-02T19:11:20","slug":"tod-der-kleinen-bella-polizei-mit-brisanter-neuer-theorie","status":"publish","type":"post","link":"https:\/\/www.europesays.com\/de\/1276466\/","title":{"rendered":"Tod der kleinen Bella: Polizei mit brisanter neuer Theorie"},"content":{"rendered":"<p class=\"kicker \" style=\"\">Schleswig-Holstein<\/p>\n<p>\n        Bella S. aus Preetz wurde ertrunken im Pool im Garten ihres Elternhauses gefunden. Das autistische M\u00e4dchen wurde nur drei Jahre alt.<br \/>\n        Polizei\n    <\/p>\n<p class=\"subtitle \" style=\"\">Im Fall von Bella S. aus Preetz\u00a0soll die Polizei nicht mehr davon ausgehen, dass die Dreij\u00e4hrige am Tag der Suche bereits ertrunken im Pool lag. Was ist passiert?<\/p>\n<p>Bei der Suche nach der verschwundenen Bella S. aus Preetz wurde der Polizei vorgeworfen, die Leiche gleich zweimal im Pool der Familie \u00fcbersehen zu haben.<\/p>\n<p>Mittlerweile sind die Ermittler \u00fcberzeugt: Die Dreij\u00e4hrige lag noch nicht ertrunken im Pool, als dort nach ihr gesucht wurde.<\/p>\n<p>Die Kinderpuppe war am Grund nicht zu sehen<\/p>\n<p>Im Innen- und Rechtsausschuss des Landtags hatte die Leitende Kriminaldirektorin Sarah Lampe vom F\u00fchrungsstab der Polizeidirektion Kiel den Ablauf der Suchaktion am Mittwoch, 5. August, dem Tag des Verschwindens, detailliert geschildert.<\/p>\n<p>Der Pool im Garten hinter dem Haus ist in eine Terrasse eingelassen. Durchmesser vier Meter, Wassertiefe 80 Zentimeter. Er war zun\u00e4chst von Beamten einer \u201eSichtkontrolle\u201c unterzogen worden. Lampe sagte dazu: \u201eAn der Wasseroberfl\u00e4che gab es keine Bewegung, der Boden konnte wegen der starken Verschmutzung durch Algenwachstum nicht gesehen werden.\u201c<\/p>\n<p>Mit einer Puppe in Kindergr\u00f6\u00dfe stellten Beamte eine Woche sp\u00e4ter die Situation nach \u2013 zur gleichen Uhrzeit, bei \u00e4hnlichen Wetterverh\u00e4ltnissen. Nach Informationen unserer Redaktion soll die Puppe am Grund tats\u00e4chlich nicht zu sehen gewesen sein.<\/p>\n<p>\u201eUnwahrscheinlich\u201c, dass Bella im Pool lag<\/p>\n<p>Anders stellte sich die Situation jedoch am Abend dar. \u201eDer Pool wurde mit dem 1,40 bis 1,50 Meter langen Kescher systematisch vom Rand beginnend bis in die Mitte und dann von links nach rechts abgesucht\u201c, hatte Lampe den Abgeordneten erkl\u00e4rt. Und: Der Grund sei nun deutlich wahrnehmbar gewesen.<\/p>\n<p>                <img decoding=\"async\" src=\"https:\/\/www.europesays.com\/de\/wp-content\/uploads\/2026\/09\/4968781.webp\" width=\"480\" height=\"274\" alt=\"Zwei gelb-rot karierte Rettungsdienstfahrzeuge stehen auf einer Stra\u00dfe zwischen Wohnh\u00e4usern.\" loading=\"lazy\" style=\"\"\/><\/p>\n<p>\n            Donnerstag, 6. August: Der Rettungsdienst und ein Leichenwagen stehen vor dem Wohnhaus der Eltern.<br \/>\n            Marcus Golejewski\n        <\/p>\n<p>Au\u00dferdem sei ein Feuerwehrmann in Wathosen den Pool \u201ein kleiner werdenden Kreisen bis zur Mitte\u201c abgegangen. Und danach im Zickzack. Ohne auf das Kind zu sto\u00dfen.<\/p>\n<p>Aus Ermittlerkreisen ist zu h\u00f6ren: \u201eWir halten es f\u00fcr unwahrscheinlich, dass das M\u00e4dchen zu diesem Zeitpunkt bereits im Pool gelegen hat.\u201c<\/p>\n<p>Welche Theorien die Kripo jetzt verfolgt<\/p>\n<p>Die Fakten: Die Suche wurde gegen 2.50 Uhr in der Nacht abgebrochen, gegen 9.30 Uhr am Morgen entdeckten Polizisten Bellas Leiche treibend auf der Wasseroberfl\u00e4che.<\/p>\n<p>Nun verfolgt die Kripo zwei m\u00f6gliche Theorien: Die kleine Bella k\u00f6nnte sich irgendwo in Haus und Garten versteckt haben und ist nach dem Ende der Suchaktion in den Pool gefallen.<\/p>\n<p>Oder: Bella S. ist in der Nacht in den Pool gelegt worden.<\/p>\n<p>                <img decoding=\"async\" src=\"https:\/\/www.europesays.com\/de\/wp-content\/uploads\/2026\/09\/4968782.webp\" width=\"480\" height=\"274\" alt=\"Blumen, Pl\u00fcschtiere und Grablichter bilden eine Gedenkstelle vor einer Backsteinwand.\" loading=\"lazy\" style=\"\"\/><\/p>\n<p>\n            Stille Anteilnahme in Preetz: Vor dem Haus der Familie legten Trauernde Stofftiere und Blumen ab, stellten Kerzen auf.<br \/>\n            Carsten Neff\n        <\/p>\n<p>Die Fakten: Beamte waren um 12.45 Uhr auf dem Preetzer Markt auf die Mutter getroffen, die aufgel\u00f6st erkl\u00e4rt habe, ihre Tochter\u00a0sei verschwunden. Sie k\u00f6nne bis zu drei Stunden laufen, sei aber r\u00e4umlich und zeitlich nicht orientiert. Entsprechend gro\u00df wurde der Suchradius gew\u00e4hlt.<\/p>\n<p>Festgestellt wurde dann aber, dass Mantrailer-Hunde der Polizeidirektion Eutin in drei Suchl\u00e4ufen keine Spur des M\u00e4dchens von der Haust\u00fcr aus aufnehmen konnten.<\/p>\n<p>Lampe betonte im Ausschuss: \u201eIm weiteren Verlauf des Einsatzes wurden die Angaben, dass das Kind mobil sei, von anderen Angeh\u00f6rigen relativiert.\u201c Demnach sei das M\u00e4dchen schnell ersch\u00f6pft, verstecke sich bei L\u00e4rm.<\/p>\n<p>In der Nacht wurden Sandberge im Garten abgetragen<\/p>\n<p>Auch diese Information fand Eingang in die Vorgehensweise: Um 14 Uhr wurden die Wohnung der Eltern im Erdgeschoss des Zweifamilienhauses und auch der Garten durchsucht.<\/p>\n<p>In der Nacht wurde dann parallel zur Kontrolle des Pools noch einmal im Garten nach Bella gesucht \u2013 mit einer W\u00e4rmebildkamera. Mehrere Sandberge dort, die frisch aufgeh\u00e4uft wirkten, wurden abgetragen. Auch die obere Wohnung der Nachbarn wurde auf freiwilliger Basis kontrolliert.<\/p>\n<p>Garten ist umgeben von Mauern und Hecken<\/p>\n<p>Nun steht f\u00fcr die Ermittler die Frage im Raum, wie wahrscheinlich es ist, dass sich die kleine Bella trotzdem im Haus oder Garten versteckt gehalten haben k\u00f6nnte.<\/p>\n<p>Wichtig zu wissen: Der Garten ist umgeben von Mauern und dichten Hecken, kann von Nachbargrundst\u00fccken aus nicht betreten werden. Wenn es kein Versteck gegeben hat, m\u00fcsste das seh- und h\u00f6reingeschr\u00e4nkte M\u00e4dchen, das als schwerbehindert galt, mitten in der Nacht durch die Haust\u00fcr an der Stra\u00dfe und dann durchs Treppenhaus in den Garten gelaufen und in den Pool gefallen sein.<\/p>\n<p>Wurde Bella in der Nacht in den Pool gelegt?<\/p>\n<p>Auszuschlie\u00dfen ist das nicht, doch die Kripo soll die Theorie favorisieren, eine noch unbekannte Person k\u00f6nnte Bella in den Pool gelegt haben, entweder bereits ertrunken oder noch lebend.<\/p>\n<p>Die Fakten: Nach dem vorl\u00e4ufigen Ergebnis der Obduktion ist Bella ertrunken. Nach Informationen unserer Redaktion soll nur minimal Wasser in der Lunge gewesen sein. Laut Staatsanwaltschaft gibt es keine Hinweise auf ein vorangegangenes Gewaltverbrechen.<\/p>\n<p>Ermittlungsverfahren erm\u00f6glicht Auswertung von Chats<\/p>\n<p>Die Kieler Staatsanwaltschaft hat ein Verfahren gegen die Eltern eingeleitet. Wegen m\u00f6glicher Verst\u00f6\u00dfe gegen die Aufsichtspflicht wird wegen des Verdachts der fahrl\u00e4ssigen T\u00f6tung durch Unterlassen ermittelt. Das erm\u00f6glicht es der Kripo, Chatnachrichten und Standortdaten der Handys der Eltern auszuwerten.<\/p>\n<p>Als wichtiger Schl\u00fcssel zur Kl\u00e4rung des Falls gilt der Todeszeitpunkt. Derzeit geht die Staatsanwaltschaft davon aus, dass Bella S. beim Auffinden bereits mehrere Stunden tot gewesen ist. Eine genauere Sch\u00e4tzung ist in Auftrag gegeben worden.<\/p>\n<p>        Das k\u00f6nnte Sie auch interessieren:<\/p>\n<p>Starb Bella weit vor Mitternacht, wie zun\u00e4chst von der Polizei mitgeteilt und sp\u00e4ter korrigiert, lag zu diesem Zeitpunkt aber nicht im Pool, muss sie woanders ertrunken sein. (Dieser Artikel erschien zuerst auf SHZ.de)<\/p>\n","protected":false},"excerpt":{"rendered":"Schleswig-Holstein Bella S. aus Preetz wurde ertrunken im Pool im Garten ihres Elternhauses gefunden. Das autistische M\u00e4dchen wurde&hellip;\n","protected":false},"author":2,"featured_media":1276467,"comment_status":"","ping_status":"","sticky":false,"template":"","format":"standard","meta":{"footnotes":"","_share_on_mastodon":"0"},"categories":[1852],"tags":[3364,29,548,663,3934,30,13,4949,14,15,12,1971],"class_list":["post-1276466","post","type-post","status-publish","format-standard","has-post-thumbnail","category-kiel","tag-de","tag-deutschland","tag-eu","tag-europa","tag-europe","tag-germany","tag-headlines","tag-kiel","tag-nachrichten","tag-news","tag-schlagzeilen","tag-schleswig-holstein"],"share_on_mastodon":{"url":"https:\/\/pubeurope.com\/@de\/117203037918013228","error":""},"_links":{"self":[{"href":"https:\/\/www.europesays.com\/de\/wp-json\/wp\/v2\/posts\/1276466","targetHints":{"allow":["GET"]}}],"collection":[{"href":"https:\/\/www.europesays.com\/de\/wp-json\/wp\/v2\/posts"}],"about":[{"href":"https:\/\/www.europesays.com\/de\/wp-json\/wp\/v2\/types\/post"}],"author":[{"embeddable":true,"href":"https:\/\/www.europesays.com\/de\/wp-json\/wp\/v2\/users\/2"}],"replies":[{"embeddable":true,"href":"https:\/\/www.europesays.com\/de\/wp-json\/wp\/v2\/comments?post=1276466"}],"version-history":[{"count":0,"href":"https:\/\/www.europesays.com\/de\/wp-json\/wp\/v2\/posts\/1276466\/revisions"}],"wp:featuredmedia":[{"embeddable":true,"href":"https:\/\/www.europesays.com\/de\/wp-json\/wp\/v2\/media\/1276467"}],"wp:attachment":[{"href":"https:\/\/www.europesays.com\/de\/wp-json\/wp\/v2\/media?parent=1276466"}],"wp:term":[{"taxonomy":"category","embeddable":true,"href":"https:\/\/www.europesays.com\/de\/wp-json\/wp\/v2\/categories?post=1276466"},{"taxonomy":"post_tag","embeddable":true,"href":"https:\/\/www.europesays.com\/de\/wp-json\/wp\/v2\/tags?post=1276466"}],"curies":[{"name":"wp","href":"https:\/\/api.w.org\/{rel}","templated":true}]}}