{"id":1276470,"date":"2026-09-02T19:13:20","date_gmt":"2026-09-02T19:13:20","guid":{"rendered":"https:\/\/www.europesays.com\/de\/1276470\/"},"modified":"2026-09-02T19:13:20","modified_gmt":"2026-09-02T19:13:20","slug":"braunschweig-hoher-krankenstand-stadtbahnlinie-verkehrt-eingeschraenkt","status":"publish","type":"post","link":"https:\/\/www.europesays.com\/de\/1276470\/","title":{"rendered":"Braunschweig: Hoher Krankenstand \u2013 Stadtbahnlinie verkehrt eingeschr\u00e4nkt"},"content":{"rendered":"<p>Symbolbild. | Foto: Matthias Kettling<\/p>\n<p class=\"datum\">02.09.2026, 19:41 Uhr<\/p>\n<p><strong>Braunschweig. Wegen eines ungew\u00f6hnlich hohen Krankenstandes muss die BSVG den Betrieb der Stadtbahnlinie 10 einschr\u00e4nken. Dar\u00fcber informiert das Unternehmen in einer Pressemitteilung.<br \/><\/strong><br \/>\n<\/p>\n<p>Die Stadtbahnlinie 10 verkehrt ab Freitag, 4. September, bis Oktober, 9. Oktober, montags bis freitags im Halbstundentakt. Fahrg\u00e4ste k\u00f6nnen auf die weitestgehend parallel verkehrenden Linien 1 und 2 ausweichen. Zus\u00e4tzlich entf\u00e4llt eine Fahrt der Stadtbahnlinie 1 morgens um 6:16 Uhr nach vom \u201eHauptbahnhof\u201c nach Wenden.<\/p>\n<p>Kundenservice ebenfalls betroffen<\/p>\n<p>Auch der Kundenservice der BSVG ist von der Krankheitswelle betroffen. Der Service-Point am Hauptbahnhof bleibt deshalb von Donnerstag, 3. September, bis einschlie\u00dflich Samstag, 12. September, geschlossen. Das Service-Center am Bohlweg \u00f6ffnet wie gewohnt.<\/p>\n","protected":false},"excerpt":{"rendered":"Symbolbild. | Foto: Matthias Kettling 02.09.2026, 19:41 Uhr Braunschweig. Wegen eines ungew\u00f6hnlich hohen Krankenstandes muss die BSVG den&hellip;\n","protected":false},"author":2,"featured_media":1022472,"comment_status":"","ping_status":"","sticky":false,"template":"","format":"standard","meta":{"footnotes":"","_share_on_mastodon":"0"},"categories":[1850],"tags":[6429,3364,29,548,663,3934,30,13,14,15,1411,12],"class_list":["post-1276470","post","type-post","status-publish","format-standard","has-post-thumbnail","category-braunschweig","tag-braunschweig","tag-de","tag-deutschland","tag-eu","tag-europa","tag-europe","tag-germany","tag-headlines","tag-nachrichten","tag-news","tag-niedersachsen","tag-schlagzeilen"],"share_on_mastodon":{"url":"https:\/\/pubeurope.com\/@de\/117203042741441520","error":""},"_links":{"self":[{"href":"https:\/\/www.europesays.com\/de\/wp-json\/wp\/v2\/posts\/1276470","targetHints":{"allow":["GET"]}}],"collection":[{"href":"https:\/\/www.europesays.com\/de\/wp-json\/wp\/v2\/posts"}],"about":[{"href":"https:\/\/www.europesays.com\/de\/wp-json\/wp\/v2\/types\/post"}],"author":[{"embeddable":true,"href":"https:\/\/www.europesays.com\/de\/wp-json\/wp\/v2\/users\/2"}],"replies":[{"embeddable":true,"href":"https:\/\/www.europesays.com\/de\/wp-json\/wp\/v2\/comments?post=1276470"}],"version-history":[{"count":0,"href":"https:\/\/www.europesays.com\/de\/wp-json\/wp\/v2\/posts\/1276470\/revisions"}],"wp:featuredmedia":[{"embeddable":true,"href":"https:\/\/www.europesays.com\/de\/wp-json\/wp\/v2\/media\/1022472"}],"wp:attachment":[{"href":"https:\/\/www.europesays.com\/de\/wp-json\/wp\/v2\/media?parent=1276470"}],"wp:term":[{"taxonomy":"category","embeddable":true,"href":"https:\/\/www.europesays.com\/de\/wp-json\/wp\/v2\/categories?post=1276470"},{"taxonomy":"post_tag","embeddable":true,"href":"https:\/\/www.europesays.com\/de\/wp-json\/wp\/v2\/tags?post=1276470"}],"curies":[{"name":"wp","href":"https:\/\/api.w.org\/{rel}","templated":true}]}}