{"id":1276473,"date":"2026-09-02T19:15:17","date_gmt":"2026-09-02T19:15:17","guid":{"rendered":"https:\/\/www.europesays.com\/de\/1276473\/"},"modified":"2026-09-02T19:15:17","modified_gmt":"2026-09-02T19:15:17","slug":"an-bottroper-schule-einbahnstrassen-regelung-nach-verkehrschaos-wir-lieben-bottrop","status":"publish","type":"post","link":"https:\/\/www.europesays.com\/de\/1276473\/","title":{"rendered":"An Bottroper Schule: Einbahnstra\u00dfen-Regelung nach Verkehrschaos \u2013 Wir lieben Bottrop"},"content":{"rendered":"<p>\t\t\t\t\t\t\t<img fetchpriority=\"high\" width=\"2500\" height=\"1486\" src=\"https:\/\/www.europesays.com\/de\/wp-content\/uploads\/2026\/09\/326047P.jpg\" class=\"attachment-full size-full wp-post-image\" alt=\"\" decoding=\"async\"  \/><\/p>\n<p>Zum Start des neuen Schuljahres am 2. September gelten rund um die Schillerschule in Bottrop neue Verkehrsregeln. Die Stadt hat zwei Hol- und Bringzonen an der Essener Stra\u00dfe und am S\u00fcdring eingerichtet. Zus\u00e4tzlich wurde die Verkehrsf\u00fchrung auf der Stra\u00dfe Im Springfeld ver\u00e4ndert.<\/p>\n<p>Gef\u00e4hrliche Situationen vor der Schule<\/p>\n<p>Hintergrund waren nach Angaben der Stadt wiederholt problematische Verkehrssituationen im Umfeld der Schule. Genannt werden unter anderem Wendeman\u00f6ver \u00fcber den Gehweg, haltende Fahrzeuge in zweiter Reihe sowie eingeschr\u00e4nkte Sichtbeziehungen zwischen Kindern und Autofahrerinnen und Autofahrern. Auch Rettungs- und Feuerwehrzufahrten seien teilweise behindert worden.<\/p>\n<p>Im Springfeld wird zur Einbahnstra\u00dfe<\/p>\n<p>Die Stra\u00dfe Im Springfeld ist nun als Einbahnstra\u00dfe geregelt. Unmittelbar an der Schule gilt au\u00dferdem ein absolutes Halteverbot. Die Einbahnstra\u00dfenregelung zwischen Essener Stra\u00dfe und Altem S\u00fcdring soll zugleich verhindern, dass die Stra\u00dfe weiterhin als Abk\u00fcrzung genutzt wird.<\/p>\n<p>Neue Hol- und Bringzonen an Essener Stra\u00dfe und S\u00fcdring<\/p>\n<p>F\u00fcr sogenannte Elterntaxis gibt es nun jeweils zwei Haltem\u00f6glichkeiten an der Essener Stra\u00dfe und am S\u00fcdring. Dort k\u00f6nnen Kinder in Schuln\u00e4he ein- und aussteigen. Von den Haltezonen aus sind es nur wenige Schritte bis zum Schulgeb\u00e4ude.<\/p>\n<p>Die Regelung gilt ausschlie\u00dflich\u00a0<strong>montags bis freitags von 7.30 bis 8.15 Uhr<\/strong>. Au\u00dferhalb dieser Zeiten k\u00f6nnen die Fl\u00e4chen regul\u00e4r zum Parken genutzt werden.<\/p>\n<p>F\u00fcnf Schulen in Bottrop mit Hol- und Bringzonen<\/p>\n<p>Hol- und Bringzonen gibt es nach Angaben der Stadt inzwischen an f\u00fcnf Bottroper Schulen.<\/p>\n<p>Neben der Schillerschule sind dies die Cyriakusschule, die Nikolaus-Gro\u00df-Schule, die Droste-H\u00fclshoff-Schule und das Heinrich-Heine-Gymnasium. F\u00fcr Eltern hat die Stadt Informationsfaltbl\u00e4tter erstellt, die an den jeweiligen Schulen erh\u00e4ltlich sind.<\/p>\n<p class=\"has-small-font-size\">teilweise mithilfe von KI generiert<\/p>\n<p>Weitere Artikel, die dich interessieren k\u00f6nnten<\/p>\n","protected":false},"excerpt":{"rendered":"Zum Start des neuen Schuljahres am 2. September gelten rund um die Schillerschule in Bottrop neue Verkehrsregeln. Die&hellip;\n","protected":false},"author":2,"featured_media":1276474,"comment_status":"","ping_status":"","sticky":false,"template":"","format":"standard","meta":{"footnotes":"","_share_on_mastodon":"0"},"categories":[1848],"tags":[3364,29,548,663,3934,3658,30,13,14,15,1209,12],"class_list":["post-1276473","post","type-post","status-publish","format-standard","has-post-thumbnail","category-gelsenkirchen","tag-de","tag-deutschland","tag-eu","tag-europa","tag-europe","tag-gelsenkirchen","tag-germany","tag-headlines","tag-nachrichten","tag-news","tag-nordrhein-westfalen","tag-schlagzeilen"],"share_on_mastodon":{"url":"https:\/\/pubeurope.com\/@de\/117203051672642356","error":""},"_links":{"self":[{"href":"https:\/\/www.europesays.com\/de\/wp-json\/wp\/v2\/posts\/1276473","targetHints":{"allow":["GET"]}}],"collection":[{"href":"https:\/\/www.europesays.com\/de\/wp-json\/wp\/v2\/posts"}],"about":[{"href":"https:\/\/www.europesays.com\/de\/wp-json\/wp\/v2\/types\/post"}],"author":[{"embeddable":true,"href":"https:\/\/www.europesays.com\/de\/wp-json\/wp\/v2\/users\/2"}],"replies":[{"embeddable":true,"href":"https:\/\/www.europesays.com\/de\/wp-json\/wp\/v2\/comments?post=1276473"}],"version-history":[{"count":0,"href":"https:\/\/www.europesays.com\/de\/wp-json\/wp\/v2\/posts\/1276473\/revisions"}],"wp:featuredmedia":[{"embeddable":true,"href":"https:\/\/www.europesays.com\/de\/wp-json\/wp\/v2\/media\/1276474"}],"wp:attachment":[{"href":"https:\/\/www.europesays.com\/de\/wp-json\/wp\/v2\/media?parent=1276473"}],"wp:term":[{"taxonomy":"category","embeddable":true,"href":"https:\/\/www.europesays.com\/de\/wp-json\/wp\/v2\/categories?post=1276473"},{"taxonomy":"post_tag","embeddable":true,"href":"https:\/\/www.europesays.com\/de\/wp-json\/wp\/v2\/tags?post=1276473"}],"curies":[{"name":"wp","href":"https:\/\/api.w.org\/{rel}","templated":true}]}}